{"id":2370,"date":"2023-03-22T17:55:02","date_gmt":"2023-03-22T17:55:02","guid":{"rendered":"https:\/\/blogsaverroes.juntadeandalucia.es\/cepermontilla\/?p=2370"},"modified":"2023-03-22T17:55:02","modified_gmt":"2023-03-22T17:55:02","slug":"excursion-a-cabra","status":"publish","type":"post","link":"https:\/\/blogsaverroes.juntadeandalucia.es\/cepermontilla\/2023\/03\/22\/excursion-a-cabra\/","title":{"rendered":"EXCURSI\u00d3N A CABRA"},"content":{"rendered":"<p>Nuestro alumnado ha disfrutado de un maravilloso d\u00eda en el pueblo de Cabra, recorriendo sus calles, visitando sus museos, catando su gastronom\u00eda, mejorando la convivencia y afianzando las relaciones entre ellos y ellas.<\/p>\n<p>Ah\u00ed os dejamos el enlace para poder ver los fant\u00e1sticos momentos de este d\u00eda.<\/p>\n<p>.<a href=\"https:\/\/drive.google.com\/file\/d\/1pWbuqLflyLPvq8qDfaAQU3q1jN8ayC1t\/view?usp=share_link\">https:\/\/drive.google.com\/file\/d\/1pWbuqLflyLPvq8qDfaAQU3q1jN8ayC1t\/view?usp=share_link<\/a><\/p>\n<p>&nbsp;<\/p>\n","protected":false},"excerpt":{"rendered":"<p>Nuestro alumnado ha disfrutado de un maravilloso d\u00eda en el pueblo de Cabra, recorriendo sus calles, visitando sus museos, catando su gastronom\u00eda, mejorando la convivencia y afianzando las relaciones entre ellos y ellas. Ah\u00ed&#46;&#46;&#46;<\/p>\n","protected":false},"author":13472,"featured_media":0,"comment_status":"open","ping_status":"open","sticky":false,"template":"","format":"standard","meta":{"ngg_post_thumbnail":0,"footnotes":""},"categories":[1665262,11909],"tags":[],"aioseo_notices":[],"_links":{"self":[{"href":"https:\/\/blogsaverroes.juntadeandalucia.es\/cepermontilla\/wp-json\/wp\/v2\/posts\/2370"}],"collection":[{"href":"https:\/\/blogsaverroes.juntadeandalucia.es\/cepermontilla\/wp-json\/wp\/v2\/posts"}],"about":[{"href":"https:\/\/blogsaverroes.juntadeandalucia.es\/cepermontilla\/wp-json\/wp\/v2\/types\/post"}],"author":[{"embeddable":true,"href":"https:\/\/blogsaverroes.juntadeandalucia.es\/cepermontilla\/wp-json\/wp\/v2\/users\/13472"}],"replies":[{"embeddable":true,"href":"https:\/\/blogsaverroes.juntadeandalucia.es\/cepermontilla\/wp-json\/wp\/v2\/comments?post=2370"}],"version-history":[{"count":5,"href":"https:\/\/blogsaverroes.juntadeandalucia.es\/cepermontilla\/wp-json\/wp\/v2\/posts\/2370\/revisions"}],"predecessor-version":[{"id":2375,"href":"https:\/\/blogsaverroes.juntadeandalucia.es\/cepermontilla\/wp-json\/wp\/v2\/posts\/2370\/revisions\/2375"}],"wp:attachment":[{"href":"https:\/\/blogsaverroes.juntadeandalucia.es\/cepermontilla\/wp-json\/wp\/v2\/media?parent=2370"}],"wp:term":[{"taxonomy":"category","embeddable":true,"href":"https:\/\/blogsaverroes.juntadeandalucia.es\/cepermontilla\/wp-json\/wp\/v2\/categories?post=2370"},{"taxonomy":"post_tag","embeddable":true,"href":"https:\/\/blogsaverroes.juntadeandalucia.es\/cepermontilla\/wp-json\/wp\/v2\/tags?post=2370"}],"curies":[{"name":"wp","href":"https:\/\/api.w.org\/{rel}","templated":true}]}}