{"id":2418,"date":"2023-05-10T18:19:59","date_gmt":"2023-05-10T18:19:59","guid":{"rendered":"https:\/\/blogsaverroes.juntadeandalucia.es\/cepermontilla\/?p=2418"},"modified":"2023-05-10T18:19:59","modified_gmt":"2023-05-10T18:19:59","slug":"excursion-a-santaella","status":"publish","type":"post","link":"https:\/\/blogsaverroes.juntadeandalucia.es\/cepermontilla\/2023\/05\/10\/excursion-a-santaella\/","title":{"rendered":"EXCURSI\u00d3N A SANTAELLA"},"content":{"rendered":"<p>Nuestro centro ha ido a visitar el pueblo vecino, Santaella. En \u00e9l hemos visitado la Ermita de Nuestra Se\u00f1ora del Valle, la iglesia de Nuestra Se\u00f1ora de la Asunci\u00f3n, la cual tiene dimensiones de catedral, por ello se le llama la \u00abcatedral de la campi\u00f1a\u00bb; adem\u00e1s del museo Casa de las columnas. Como colof\u00f3n final almorzamos estupendamente en el C\u00edrculo de Labradores.<\/p>\n<p>Nuestros alumnos y alumnas pasaron un estupendo d\u00eda. A continuaci\u00f3n os dejamos un v\u00eddeo de nuestra visita.<\/p>\n<p>&nbsp;<\/p>\n<p><a href=\"https:\/\/drive.google.com\/file\/d\/1uv0pAtVEH3xjR8A_ejyaniZcLrol7wnL\/view?usp=share_link\">https:\/\/drive.google.com\/file\/d\/1uv0pAtVEH3xjR8A_ejyaniZcLrol7wnL\/view?usp=share_link<\/a><\/p>\n","protected":false},"excerpt":{"rendered":"<p>Nuestro centro ha ido a visitar el pueblo vecino, Santaella. En \u00e9l hemos visitado la Ermita de Nuestra Se\u00f1ora del Valle, la iglesia de Nuestra Se\u00f1ora de la Asunci\u00f3n, la cual tiene dimensiones de&#46;&#46;&#46;<\/p>\n","protected":false},"author":13472,"featured_media":0,"comment_status":"open","ping_status":"open","sticky":false,"template":"","format":"standard","meta":{"ngg_post_thumbnail":0,"footnotes":""},"categories":[1665262],"tags":[],"aioseo_notices":[],"_links":{"self":[{"href":"https:\/\/blogsaverroes.juntadeandalucia.es\/cepermontilla\/wp-json\/wp\/v2\/posts\/2418"}],"collection":[{"href":"https:\/\/blogsaverroes.juntadeandalucia.es\/cepermontilla\/wp-json\/wp\/v2\/posts"}],"about":[{"href":"https:\/\/blogsaverroes.juntadeandalucia.es\/cepermontilla\/wp-json\/wp\/v2\/types\/post"}],"author":[{"embeddable":true,"href":"https:\/\/blogsaverroes.juntadeandalucia.es\/cepermontilla\/wp-json\/wp\/v2\/users\/13472"}],"replies":[{"embeddable":true,"href":"https:\/\/blogsaverroes.juntadeandalucia.es\/cepermontilla\/wp-json\/wp\/v2\/comments?post=2418"}],"version-history":[{"count":2,"href":"https:\/\/blogsaverroes.juntadeandalucia.es\/cepermontilla\/wp-json\/wp\/v2\/posts\/2418\/revisions"}],"predecessor-version":[{"id":2420,"href":"https:\/\/blogsaverroes.juntadeandalucia.es\/cepermontilla\/wp-json\/wp\/v2\/posts\/2418\/revisions\/2420"}],"wp:attachment":[{"href":"https:\/\/blogsaverroes.juntadeandalucia.es\/cepermontilla\/wp-json\/wp\/v2\/media?parent=2418"}],"wp:term":[{"taxonomy":"category","embeddable":true,"href":"https:\/\/blogsaverroes.juntadeandalucia.es\/cepermontilla\/wp-json\/wp\/v2\/categories?post=2418"},{"taxonomy":"post_tag","embeddable":true,"href":"https:\/\/blogsaverroes.juntadeandalucia.es\/cepermontilla\/wp-json\/wp\/v2\/tags?post=2418"}],"curies":[{"name":"wp","href":"https:\/\/api.w.org\/{rel}","templated":true}]}}