{"id":2787,"date":"2025-06-23T11:46:09","date_gmt":"2025-06-23T11:46:09","guid":{"rendered":"https:\/\/blogsaverroes.juntadeandalucia.es\/cepermontilla\/?p=2787"},"modified":"2025-06-23T12:02:57","modified_gmt":"2025-06-23T12:02:57","slug":"aulas-con-nombre-de-mujer-y-maestros-con-historia-homenaje-a-nuestros-referentes-ramblenses","status":"publish","type":"post","link":"https:\/\/blogsaverroes.juntadeandalucia.es\/cepermontilla\/2025\/06\/23\/aulas-con-nombre-de-mujer-y-maestros-con-historia-homenaje-a-nuestros-referentes-ramblenses\/","title":{"rendered":"Aulas con Nombre de Mujer (y Maestros con Historia)\u00bb: Homenaje a Nuestros Referentes Ramblenses"},"content":{"rendered":"<h4><em>Proyecto Educativo \u2013 SEP Dolorcitas Fern\u00e1ndez<\/em><\/h4>\n<p class=\"ds-markdown-paragraph\">En el marco del\u00a0<strong>Pacto de Estado contra la Violencia de G\u00e9nero<\/strong>, hemos transformado nuestras aulas en\u00a0<strong>espacios de memoria y igualdad<\/strong>, bautiz\u00e1ndolas con nombres de\u00a0<strong>mujeres ramble\u00f1as pioneras<\/strong>\u00a0y los queridos\u00a0<strong>maestros fundadores<\/strong>\u00a0de nuestro centro. Una iniciativa para visibilizar legados que inspiraron (y siguen inspirando) la lucha por la equidad en La Rambla.<\/p>\n<hr \/>\n<h3><strong>\ud83d\udcda LOS NOMBRES QUE NOS GUIAN<\/strong><\/h3>\n<p><img loading=\"lazy\" decoding=\"async\" class=\"alignnone size-medium wp-image-2792\" src=\"https:\/\/blogsaverroes.juntadeandalucia.es\/cepermontilla\/files\/2025\/06\/Dia-Internacional-de-la-mujer-4-212x300.png\" alt=\"\" width=\"212\" height=\"300\" srcset=\"https:\/\/blogsaverroes.juntadeandalucia.es\/cepermontilla\/files\/2025\/06\/Dia-Internacional-de-la-mujer-4-212x300.png 212w, https:\/\/blogsaverroes.juntadeandalucia.es\/cepermontilla\/files\/2025\/06\/Dia-Internacional-de-la-mujer-4-724x1024.png 724w, https:\/\/blogsaverroes.juntadeandalucia.es\/cepermontilla\/files\/2025\/06\/Dia-Internacional-de-la-mujer-4-768x1086.png 768w, https:\/\/blogsaverroes.juntadeandalucia.es\/cepermontilla\/files\/2025\/06\/Dia-Internacional-de-la-mujer-4-1086x1536.png 1086w, https:\/\/blogsaverroes.juntadeandalucia.es\/cepermontilla\/files\/2025\/06\/Dia-Internacional-de-la-mujer-4-1448x2048.png 1448w, https:\/\/blogsaverroes.juntadeandalucia.es\/cepermontilla\/files\/2025\/06\/Dia-Internacional-de-la-mujer-4.png 1131w\" sizes=\"(max-width: 212px) 100vw, 212px\" \/> <img loading=\"lazy\" decoding=\"async\" class=\"alignnone size-medium wp-image-2794\" src=\"https:\/\/blogsaverroes.juntadeandalucia.es\/cepermontilla\/files\/2025\/06\/1-300x212.jpg\" alt=\"\" width=\"300\" height=\"212\" srcset=\"https:\/\/blogsaverroes.juntadeandalucia.es\/cepermontilla\/files\/2025\/06\/1-300x212.jpg 300w, https:\/\/blogsaverroes.juntadeandalucia.es\/cepermontilla\/files\/2025\/06\/1-1024x724.jpg 1024w, https:\/\/blogsaverroes.juntadeandalucia.es\/cepermontilla\/files\/2025\/06\/1-768x543.jpg 768w, https:\/\/blogsaverroes.juntadeandalucia.es\/cepermontilla\/files\/2025\/06\/1-1536x1086.jpg 1536w, https:\/\/blogsaverroes.juntadeandalucia.es\/cepermontilla\/files\/2025\/06\/1-2048x1448.jpg 2048w, https:\/\/blogsaverroes.juntadeandalucia.es\/cepermontilla\/files\/2025\/06\/1.jpg 1600w\" sizes=\"(max-width: 300px) 100vw, 300px\" \/> <img loading=\"lazy\" decoding=\"async\" class=\"alignnone size-medium wp-image-2795\" src=\"https:\/\/blogsaverroes.juntadeandalucia.es\/cepermontilla\/files\/2025\/06\/2-300x212.jpg\" alt=\"\" width=\"300\" height=\"212\" srcset=\"https:\/\/blogsaverroes.juntadeandalucia.es\/cepermontilla\/files\/2025\/06\/2-300x212.jpg 300w, https:\/\/blogsaverroes.juntadeandalucia.es\/cepermontilla\/files\/2025\/06\/2-1024x724.jpg 1024w, https:\/\/blogsaverroes.juntadeandalucia.es\/cepermontilla\/files\/2025\/06\/2-768x543.jpg 768w, https:\/\/blogsaverroes.juntadeandalucia.es\/cepermontilla\/files\/2025\/06\/2-1536x1086.jpg 1536w, https:\/\/blogsaverroes.juntadeandalucia.es\/cepermontilla\/files\/2025\/06\/2-2048x1448.jpg 2048w, https:\/\/blogsaverroes.juntadeandalucia.es\/cepermontilla\/files\/2025\/06\/2.jpg 1600w\" sizes=\"(max-width: 300px) 100vw, 300px\" \/> <img loading=\"lazy\" decoding=\"async\" class=\"alignnone size-medium wp-image-2796\" src=\"https:\/\/blogsaverroes.juntadeandalucia.es\/cepermontilla\/files\/2025\/06\/3-300x212.jpg\" alt=\"\" width=\"300\" height=\"212\" srcset=\"https:\/\/blogsaverroes.juntadeandalucia.es\/cepermontilla\/files\/2025\/06\/3-300x212.jpg 300w, https:\/\/blogsaverroes.juntadeandalucia.es\/cepermontilla\/files\/2025\/06\/3-1024x724.jpg 1024w, https:\/\/blogsaverroes.juntadeandalucia.es\/cepermontilla\/files\/2025\/06\/3-768x543.jpg 768w, https:\/\/blogsaverroes.juntadeandalucia.es\/cepermontilla\/files\/2025\/06\/3-1536x1086.jpg 1536w, https:\/\/blogsaverroes.juntadeandalucia.es\/cepermontilla\/files\/2025\/06\/3-2048x1448.jpg 2048w, https:\/\/blogsaverroes.juntadeandalucia.es\/cepermontilla\/files\/2025\/06\/3.jpg 1600w\" sizes=\"(max-width: 300px) 100vw, 300px\" \/> <img loading=\"lazy\" decoding=\"async\" class=\"alignnone size-medium wp-image-2797\" src=\"https:\/\/blogsaverroes.juntadeandalucia.es\/cepermontilla\/files\/2025\/06\/4-300x212.jpg\" alt=\"\" width=\"300\" height=\"212\" srcset=\"https:\/\/blogsaverroes.juntadeandalucia.es\/cepermontilla\/files\/2025\/06\/4-300x212.jpg 300w, https:\/\/blogsaverroes.juntadeandalucia.es\/cepermontilla\/files\/2025\/06\/4-1024x724.jpg 1024w, https:\/\/blogsaverroes.juntadeandalucia.es\/cepermontilla\/files\/2025\/06\/4-768x543.jpg 768w, https:\/\/blogsaverroes.juntadeandalucia.es\/cepermontilla\/files\/2025\/06\/4-1536x1086.jpg 1536w, https:\/\/blogsaverroes.juntadeandalucia.es\/cepermontilla\/files\/2025\/06\/4-2048x1448.jpg 2048w\" sizes=\"(max-width: 300px) 100vw, 300px\" \/> <img loading=\"lazy\" decoding=\"async\" class=\"alignnone size-medium wp-image-2798\" src=\"https:\/\/blogsaverroes.juntadeandalucia.es\/cepermontilla\/files\/2025\/06\/5-300x212.jpg\" alt=\"\" width=\"300\" height=\"212\" srcset=\"https:\/\/blogsaverroes.juntadeandalucia.es\/cepermontilla\/files\/2025\/06\/5-300x212.jpg 300w, https:\/\/blogsaverroes.juntadeandalucia.es\/cepermontilla\/files\/2025\/06\/5-1024x724.jpg 1024w, https:\/\/blogsaverroes.juntadeandalucia.es\/cepermontilla\/files\/2025\/06\/5-768x543.jpg 768w, https:\/\/blogsaverroes.juntadeandalucia.es\/cepermontilla\/files\/2025\/06\/5-1536x1086.jpg 1536w, https:\/\/blogsaverroes.juntadeandalucia.es\/cepermontilla\/files\/2025\/06\/5-2048x1448.jpg 2048w, https:\/\/blogsaverroes.juntadeandalucia.es\/cepermontilla\/files\/2025\/06\/5.jpg 1600w\" sizes=\"(max-width: 300px) 100vw, 300px\" \/> <img loading=\"lazy\" decoding=\"async\" class=\"alignnone size-medium wp-image-2799\" src=\"https:\/\/blogsaverroes.juntadeandalucia.es\/cepermontilla\/files\/2025\/06\/Catalina-Alcaide-300x300.png\" alt=\"\" width=\"300\" height=\"300\" srcset=\"https:\/\/blogsaverroes.juntadeandalucia.es\/cepermontilla\/files\/2025\/06\/Catalina-Alcaide-300x300.png 300w, https:\/\/blogsaverroes.juntadeandalucia.es\/cepermontilla\/files\/2025\/06\/Catalina-Alcaide-150x150.png 150w, https:\/\/blogsaverroes.juntadeandalucia.es\/cepermontilla\/files\/2025\/06\/Catalina-Alcaide-768x768.png 768w, https:\/\/blogsaverroes.juntadeandalucia.es\/cepermontilla\/files\/2025\/06\/Catalina-Alcaide-80x80.png 80w, https:\/\/blogsaverroes.juntadeandalucia.es\/cepermontilla\/files\/2025\/06\/Catalina-Alcaide-320x320.png 320w, https:\/\/blogsaverroes.juntadeandalucia.es\/cepermontilla\/files\/2025\/06\/Catalina-Alcaide.png 1000w\" sizes=\"(max-width: 300px) 100vw, 300px\" \/> <img loading=\"lazy\" decoding=\"async\" class=\"alignnone size-medium wp-image-2800\" src=\"https:\/\/blogsaverroes.juntadeandalucia.es\/cepermontilla\/files\/2025\/06\/1-300x169.png\" alt=\"\" width=\"300\" height=\"169\" srcset=\"https:\/\/blogsaverroes.juntadeandalucia.es\/cepermontilla\/files\/2025\/06\/1-300x169.png 300w, https:\/\/blogsaverroes.juntadeandalucia.es\/cepermontilla\/files\/2025\/06\/1-1024x576.png 1024w, https:\/\/blogsaverroes.juntadeandalucia.es\/cepermontilla\/files\/2025\/06\/1-768x432.png 768w, https:\/\/blogsaverroes.juntadeandalucia.es\/cepermontilla\/files\/2025\/06\/1-1536x864.png 1536w, https:\/\/blogsaverroes.juntadeandalucia.es\/cepermontilla\/files\/2025\/06\/1.png 1600w\" sizes=\"(max-width: 300px) 100vw, 300px\" \/> <img loading=\"lazy\" decoding=\"async\" class=\"alignnone size-medium wp-image-2801\" src=\"https:\/\/blogsaverroes.juntadeandalucia.es\/cepermontilla\/files\/2025\/06\/2-300x169.png\" alt=\"\" width=\"300\" height=\"169\" srcset=\"https:\/\/blogsaverroes.juntadeandalucia.es\/cepermontilla\/files\/2025\/06\/2-300x169.png 300w, https:\/\/blogsaverroes.juntadeandalucia.es\/cepermontilla\/files\/2025\/06\/2-1024x576.png 1024w, https:\/\/blogsaverroes.juntadeandalucia.es\/cepermontilla\/files\/2025\/06\/2-768x432.png 768w, https:\/\/blogsaverroes.juntadeandalucia.es\/cepermontilla\/files\/2025\/06\/2-1536x864.png 1536w, https:\/\/blogsaverroes.juntadeandalucia.es\/cepermontilla\/files\/2025\/06\/2.png 1600w\" sizes=\"(max-width: 300px) 100vw, 300px\" \/> <img loading=\"lazy\" decoding=\"async\" class=\"alignnone size-medium wp-image-2802\" src=\"https:\/\/blogsaverroes.juntadeandalucia.es\/cepermontilla\/files\/2025\/06\/3-300x169.png\" alt=\"\" width=\"300\" height=\"169\" srcset=\"https:\/\/blogsaverroes.juntadeandalucia.es\/cepermontilla\/files\/2025\/06\/3-300x169.png 300w, https:\/\/blogsaverroes.juntadeandalucia.es\/cepermontilla\/files\/2025\/06\/3-1024x576.png 1024w, https:\/\/blogsaverroes.juntadeandalucia.es\/cepermontilla\/files\/2025\/06\/3-768x432.png 768w, https:\/\/blogsaverroes.juntadeandalucia.es\/cepermontilla\/files\/2025\/06\/3-1536x864.png 1536w, https:\/\/blogsaverroes.juntadeandalucia.es\/cepermontilla\/files\/2025\/06\/3.png 1920w\" sizes=\"(max-width: 300px) 100vw, 300px\" \/> <img loading=\"lazy\" decoding=\"async\" class=\"alignnone size-medium wp-image-2803\" src=\"https:\/\/blogsaverroes.juntadeandalucia.es\/cepermontilla\/files\/2025\/06\/4-300x169.png\" alt=\"\" width=\"300\" height=\"169\" srcset=\"https:\/\/blogsaverroes.juntadeandalucia.es\/cepermontilla\/files\/2025\/06\/4-300x169.png 300w, https:\/\/blogsaverroes.juntadeandalucia.es\/cepermontilla\/files\/2025\/06\/4-1024x576.png 1024w, https:\/\/blogsaverroes.juntadeandalucia.es\/cepermontilla\/files\/2025\/06\/4-768x432.png 768w, https:\/\/blogsaverroes.juntadeandalucia.es\/cepermontilla\/files\/2025\/06\/4-1536x864.png 1536w, https:\/\/blogsaverroes.juntadeandalucia.es\/cepermontilla\/files\/2025\/06\/4.png 1600w\" sizes=\"(max-width: 300px) 100vw, 300px\" \/> <img loading=\"lazy\" decoding=\"async\" class=\"alignnone size-medium wp-image-2804\" src=\"https:\/\/blogsaverroes.juntadeandalucia.es\/cepermontilla\/files\/2025\/06\/5-300x169.png\" alt=\"\" width=\"300\" height=\"169\" srcset=\"https:\/\/blogsaverroes.juntadeandalucia.es\/cepermontilla\/files\/2025\/06\/5-300x169.png 300w, https:\/\/blogsaverroes.juntadeandalucia.es\/cepermontilla\/files\/2025\/06\/5-1024x576.png 1024w, https:\/\/blogsaverroes.juntadeandalucia.es\/cepermontilla\/files\/2025\/06\/5-768x432.png 768w, https:\/\/blogsaverroes.juntadeandalucia.es\/cepermontilla\/files\/2025\/06\/5-1536x864.png 1536w, https:\/\/blogsaverroes.juntadeandalucia.es\/cepermontilla\/files\/2025\/06\/5.png 1600w\" sizes=\"(max-width: 300px) 100vw, 300px\" \/><\/p>\n<h3><strong>\ud83c\udf0d POR QU\u00c9 ESTE PROYECTO<\/strong><\/h3>\n<ul>\n<li>\n<p class=\"ds-markdown-paragraph\"><strong>Recuperar la historia local<\/strong>: Muchas de estas mujeres fueron invisibilizadas.<\/p>\n<\/li>\n<li>\n<p class=\"ds-markdown-paragraph\"><strong>Inspirar al alumnado<\/strong>: \u00abSi ellas pudieron, nosotras tambi\u00e9n\u00bb, dijo una estudiante.<\/p>\n<\/li>\n<li>\n<p class=\"ds-markdown-paragraph\"><strong>Vincularlo al Pacto de Estado<\/strong>: Cada placa incluye el lema\u00a0<em>\u00abLa igualdad se aprende\u00bb<\/em>.<\/p>\n<\/li>\n<\/ul>\n<hr \/>\n<h3><strong>\ud83d\udc9c UN DETALLE EMOTIVO<\/strong><\/h3>\n<p class=\"ds-markdown-paragraph\">Asistieron los homenajeados <strong>Josefina, Caty, Concha, Juan <\/strong>\u00a0<strong>y Rafael <\/strong>al acto de homenaje y ellos mismos descubrieron sus placas visiblemente emocionados.<\/p>\n<hr \/>\n<p class=\"ds-markdown-paragraph\"><strong>\ud83d\udce2\u00a0<em>\u00abEstas aulas ya no son salas: son semillas\u00bb<\/em>.<\/strong><br \/>\n#AulasConNombreDeMujer #PactoContraLaViolencia #SEPDolorcitasReferentes<\/p>\n<hr \/>\n<p class=\"ds-markdown-paragraph\"><em>\u00abPorque quien entra en el Aula Concha Garc\u00eda, sale con versos rebeldes en el bolsillo\u00bb<\/em>\u00a0\ud83d\udcdc\u270a<\/p>\n<p>&nbsp;<\/p>\n<p>&nbsp;<\/p>\n<h3><strong>\ud83e\udd1d\u00a0<em>Colaboraci\u00f3n del Ayuntamiento: Un Compromiso con Ra\u00edces<\/em><\/strong><\/h3>\n<p class=\"ds-markdown-paragraph\">El\u00a0<strong>Ayuntamiento de La Rambla<\/strong>\u00a0no solo respald\u00f3 este proyecto, sino que lo hizo\u00a0<strong>suyo<\/strong>. Desde el primer momento, el equipo de gobierno entendi\u00f3 que homenajear a estas figuras era\u00a0<strong>devolver a la comunidad parte de su historia silenciada<\/strong>.<\/p>\n<h4><strong>\ud83d\udccc En el Acto:<\/strong><\/h4>\n<ul>\n<li>\n<p class=\"ds-markdown-paragraph\"><strong>Discurso de la concejala de educaci\u00f3n<\/strong>:\u00a0<em>\u00abHoy las calles de La Rambla se llenan de nombres de mujer, porque la igualdad no es solo una ley: es una memoria colectiva que construimos juntos\u00bb<\/em>.<\/p>\n<\/li>\n<li>\n<p class=\"ds-markdown-paragraph\"><strong>Iluminaci\u00f3n morada<\/strong>: El auditorio se ti\u00f1\u00f3 del color s\u00edmbolo de la lucha feminista durante todo el acto.<\/p>\n<\/li>\n<li>\n<p class=\"ds-markdown-paragraph\"><strong>Presencia institucional<\/strong>: Concejalas de Educaci\u00f3n e Igualdad entregaron los diplomas a los homenajeados conjuntamente con un presente, destacando el v\u00ednculo entre <strong>pol\u00edticas p\u00fablicas<\/strong>\u00a0y\u00a0<strong>reconocimiento social<\/strong>.<\/p>\n<\/li>\n<\/ul>\n<p>&nbsp;<\/p>\n<p>&nbsp;<\/p>\n<p>&nbsp;<\/p>\n<p><img loading=\"lazy\" decoding=\"async\" class=\"alignnone size-medium wp-image-2757\" src=\"https:\/\/blogsaverroes.juntadeandalucia.es\/cepermontilla\/files\/2025\/06\/banner_prevencion_vg-1-300x43.png\" alt=\"\" width=\"300\" height=\"43\" srcset=\"https:\/\/blogsaverroes.juntadeandalucia.es\/cepermontilla\/files\/2025\/06\/banner_prevencion_vg-1-300x43.png 300w, https:\/\/blogsaverroes.juntadeandalucia.es\/cepermontilla\/files\/2025\/06\/banner_prevencion_vg-1-1024x148.png 1024w, https:\/\/blogsaverroes.juntadeandalucia.es\/cepermontilla\/files\/2025\/06\/banner_prevencion_vg-1-768x111.png 768w, https:\/\/blogsaverroes.juntadeandalucia.es\/cepermontilla\/files\/2025\/06\/banner_prevencion_vg-1.png 1239w\" sizes=\"(max-width: 300px) 100vw, 300px\" \/><\/p>\n<p>&nbsp;<\/p>\n<p>&nbsp;<\/p>\n<p>&nbsp;<\/p>\n<p>&nbsp;<\/p>\n<p>Para ver los carteles que decoran las puertas de las clases puedes acceder a :<\/p>\n<p><a href=\"https:\/\/drive.google.com\/drive\/folders\/1-d1fpdUQJBhokD_8zRD0QrjsbBVOl1X0?usp=sharing\">https:\/\/drive.google.com\/drive\/folders\/1-d1fpdUQJBhokD_8zRD0QrjsbBVOl1X0?usp=sharing<\/a><\/p>\n<p>&nbsp;<\/p>\n<p>Para leer la presentaci\u00f3n del acto puedes acceder a:<\/p>\n<p><a href=\"https:\/\/docs.google.com\/document\/d\/1ose4zuNYk0pdBzecIlcapyreVHZXdBFV\/edit?usp=sharing&amp;ouid=109316273692419013042&amp;rtpof=true&amp;sd=true\">https:\/\/docs.google.com\/document\/d\/1ose4zuNYk0pdBzecIlcapyreVHZXdBFV\/edit?usp=sharing&amp;ouid=109316273692419013042&amp;rtpof=true&amp;sd=true<\/a><\/p>\n","protected":false},"excerpt":{"rendered":"<p>Proyecto Educativo \u2013 SEP Dolorcitas Fern\u00e1ndez En el marco del\u00a0Pacto de Estado contra la Violencia de G\u00e9nero, hemos transformado nuestras aulas en\u00a0espacios de memoria y igualdad, bautiz\u00e1ndolas con nombres de\u00a0mujeres ramble\u00f1as pioneras\u00a0y los queridos\u00a0maestros&#46;&#46;&#46;<\/p>\n","protected":false},"author":13472,"featured_media":0,"comment_status":"open","ping_status":"open","sticky":false,"template":"","format":"standard","meta":{"ngg_post_thumbnail":0,"footnotes":""},"categories":[1665262],"tags":[],"aioseo_notices":[],"_links":{"self":[{"href":"https:\/\/blogsaverroes.juntadeandalucia.es\/cepermontilla\/wp-json\/wp\/v2\/posts\/2787"}],"collection":[{"href":"https:\/\/blogsaverroes.juntadeandalucia.es\/cepermontilla\/wp-json\/wp\/v2\/posts"}],"about":[{"href":"https:\/\/blogsaverroes.juntadeandalucia.es\/cepermontilla\/wp-json\/wp\/v2\/types\/post"}],"author":[{"embeddable":true,"href":"https:\/\/blogsaverroes.juntadeandalucia.es\/cepermontilla\/wp-json\/wp\/v2\/users\/13472"}],"replies":[{"embeddable":true,"href":"https:\/\/blogsaverroes.juntadeandalucia.es\/cepermontilla\/wp-json\/wp\/v2\/comments?post=2787"}],"version-history":[{"count":1,"href":"https:\/\/blogsaverroes.juntadeandalucia.es\/cepermontilla\/wp-json\/wp\/v2\/posts\/2787\/revisions"}],"predecessor-version":[{"id":2805,"href":"https:\/\/blogsaverroes.juntadeandalucia.es\/cepermontilla\/wp-json\/wp\/v2\/posts\/2787\/revisions\/2805"}],"wp:attachment":[{"href":"https:\/\/blogsaverroes.juntadeandalucia.es\/cepermontilla\/wp-json\/wp\/v2\/media?parent=2787"}],"wp:term":[{"taxonomy":"category","embeddable":true,"href":"https:\/\/blogsaverroes.juntadeandalucia.es\/cepermontilla\/wp-json\/wp\/v2\/categories?post=2787"},{"taxonomy":"post_tag","embeddable":true,"href":"https:\/\/blogsaverroes.juntadeandalucia.es\/cepermontilla\/wp-json\/wp\/v2\/tags?post=2787"}],"curies":[{"name":"wp","href":"https:\/\/api.w.org\/{rel}","templated":true}]}}