{"id":512,"date":"2019-02-22T10:56:58","date_gmt":"2019-02-22T10:56:58","guid":{"rendered":"https:\/\/blogsaverroes.juntadeandalucia.es\/cepermontilla\/?p=512"},"modified":"2019-02-22T10:56:58","modified_gmt":"2019-02-22T10:56:58","slug":"ronda-andaluza-del-libro","status":"publish","type":"post","link":"https:\/\/blogsaverroes.juntadeandalucia.es\/cepermontilla\/2019\/02\/22\/ronda-andaluza-del-libro\/","title":{"rendered":"Ronda Andaluza del Libro"},"content":{"rendered":"<p>El pasado 15 de noviembre, en\u00a0 colaboraci\u00f3n con el Centro Andaluz de las Letras, Ayuntamiento y biblioteca municipal, tuvimos la suerte de conocer a \u00abManuel Lara Cantizani\u00bb, poeta lucentino y escritor de varios libros de gran \u00e9xito. Present\u00e1ndonos un nuevo g\u00e9nero po\u00e9tico de origen japon\u00e9s, \u00abLos Haikus.\u00bb<\/p>\n<p>&nbsp;<\/p>\n<p><img loading=\"lazy\" decoding=\"async\" class=\"wp-image-513 size-medium aligncenter\" src=\"https:\/\/blogsaverroes.juntadeandalucia.es\/cepermontilla\/files\/2019\/02\/20181129_182108-300x225.jpg\" alt=\"\" width=\"300\" height=\"225\" srcset=\"https:\/\/blogsaverroes.juntadeandalucia.es\/cepermontilla\/files\/2019\/02\/20181129_182108-300x225.jpg 300w, https:\/\/blogsaverroes.juntadeandalucia.es\/cepermontilla\/files\/2019\/02\/20181129_182108-768x576.jpg 768w, https:\/\/blogsaverroes.juntadeandalucia.es\/cepermontilla\/files\/2019\/02\/20181129_182108-1024x768.jpg 1024w, https:\/\/blogsaverroes.juntadeandalucia.es\/cepermontilla\/files\/2019\/02\/20181129_182108-24x18.jpg 24w, https:\/\/blogsaverroes.juntadeandalucia.es\/cepermontilla\/files\/2019\/02\/20181129_182108-36x27.jpg 36w, https:\/\/blogsaverroes.juntadeandalucia.es\/cepermontilla\/files\/2019\/02\/20181129_182108-48x36.jpg 48w, https:\/\/blogsaverroes.juntadeandalucia.es\/cepermontilla\/files\/2019\/02\/20181129_182108.jpg 1600w\" sizes=\"(max-width: 300px) 100vw, 300px\" \/><\/p>\n<p><img loading=\"lazy\" decoding=\"async\" class=\"size-medium wp-image-514 aligncenter\" src=\"https:\/\/blogsaverroes.juntadeandalucia.es\/cepermontilla\/files\/2019\/02\/20181129_190000-300x225.jpg\" alt=\"\" width=\"300\" height=\"225\" srcset=\"https:\/\/blogsaverroes.juntadeandalucia.es\/cepermontilla\/files\/2019\/02\/20181129_190000-300x225.jpg 300w, https:\/\/blogsaverroes.juntadeandalucia.es\/cepermontilla\/files\/2019\/02\/20181129_190000-768x576.jpg 768w, https:\/\/blogsaverroes.juntadeandalucia.es\/cepermontilla\/files\/2019\/02\/20181129_190000-1024x768.jpg 1024w, https:\/\/blogsaverroes.juntadeandalucia.es\/cepermontilla\/files\/2019\/02\/20181129_190000-24x18.jpg 24w, https:\/\/blogsaverroes.juntadeandalucia.es\/cepermontilla\/files\/2019\/02\/20181129_190000-36x27.jpg 36w, https:\/\/blogsaverroes.juntadeandalucia.es\/cepermontilla\/files\/2019\/02\/20181129_190000-48x36.jpg 48w, https:\/\/blogsaverroes.juntadeandalucia.es\/cepermontilla\/files\/2019\/02\/20181129_190000.jpg 1600w\" sizes=\"(max-width: 300px) 100vw, 300px\" \/><\/p>\n","protected":false},"excerpt":{"rendered":"<p>El pasado 15 de noviembre, en\u00a0 colaboraci\u00f3n con el Centro Andaluz de las Letras, Ayuntamiento y biblioteca municipal, tuvimos la suerte de conocer a \u00abManuel Lara Cantizani\u00bb, poeta lucentino y escritor de varios libros&#46;&#46;&#46;<\/p>\n","protected":false},"author":6764,"featured_media":0,"comment_status":"open","ping_status":"open","sticky":false,"template":"","format":"standard","meta":{"ngg_post_thumbnail":0,"footnotes":""},"categories":[1665260],"tags":[],"aioseo_notices":[],"_links":{"self":[{"href":"https:\/\/blogsaverroes.juntadeandalucia.es\/cepermontilla\/wp-json\/wp\/v2\/posts\/512"}],"collection":[{"href":"https:\/\/blogsaverroes.juntadeandalucia.es\/cepermontilla\/wp-json\/wp\/v2\/posts"}],"about":[{"href":"https:\/\/blogsaverroes.juntadeandalucia.es\/cepermontilla\/wp-json\/wp\/v2\/types\/post"}],"author":[{"embeddable":true,"href":"https:\/\/blogsaverroes.juntadeandalucia.es\/cepermontilla\/wp-json\/wp\/v2\/users\/6764"}],"replies":[{"embeddable":true,"href":"https:\/\/blogsaverroes.juntadeandalucia.es\/cepermontilla\/wp-json\/wp\/v2\/comments?post=512"}],"version-history":[{"count":1,"href":"https:\/\/blogsaverroes.juntadeandalucia.es\/cepermontilla\/wp-json\/wp\/v2\/posts\/512\/revisions"}],"predecessor-version":[{"id":515,"href":"https:\/\/blogsaverroes.juntadeandalucia.es\/cepermontilla\/wp-json\/wp\/v2\/posts\/512\/revisions\/515"}],"wp:attachment":[{"href":"https:\/\/blogsaverroes.juntadeandalucia.es\/cepermontilla\/wp-json\/wp\/v2\/media?parent=512"}],"wp:term":[{"taxonomy":"category","embeddable":true,"href":"https:\/\/blogsaverroes.juntadeandalucia.es\/cepermontilla\/wp-json\/wp\/v2\/categories?post=512"},{"taxonomy":"post_tag","embeddable":true,"href":"https:\/\/blogsaverroes.juntadeandalucia.es\/cepermontilla\/wp-json\/wp\/v2\/tags?post=512"}],"curies":[{"name":"wp","href":"https:\/\/api.w.org\/{rel}","templated":true}]}}