{"id":2275,"date":"2019-12-13T11:08:00","date_gmt":"2019-12-13T11:08:00","guid":{"rendered":"http:\/\/blogsaverroes.juntadeandalucia.es\/ceperpueblosblancos\/?p=2275"},"modified":"2019-12-20T11:56:09","modified_gmt":"2019-12-20T11:56:09","slug":"nos-vamos-de-excursion","status":"publish","type":"post","link":"https:\/\/blogsaverroes.juntadeandalucia.es\/ceperpueblosblancos\/2019\/12\/13\/nos-vamos-de-excursion\/","title":{"rendered":"\u00a1\u00a1\u00a1\u00a1NOS VAMOS DE EXCURSI\u00d3N!!!!"},"content":{"rendered":"<p style=\"padding-left: 40px\">El d\u00eda 3 de diciembre de 2019, diferentes SEP, pertenecientes al CEPER Pueblos Blancos de Olvera, fueron de excursi\u00f3n a la poblaci\u00f3n de Mollina, municipio espa\u00f1ol<span style=\"color: #000000\">&nbsp;d<\/span>e la <span style=\"color: #000000\">Comarca de Antequera (M\u00e1laga)<\/span>, para visitar el Museo Internacional de Arte Belenista. All\u00ed puedon disfrutar de sitios tan ins\u00f3litos como: el \u201cTeatro Romano de Cartagena\u201d, en las \u201cfavelas de R\u00edo de Janeiro\u201d o en una calle destruida por la guerra. Estampas que representan lugares tan populares como la Iglesia de Nuestra Se\u00f1ora de los Remedios de Antequera, el Patio de los Leones de la Alhambra o la Catedral de Burgos. Entre ellas las siguientes:<\/p>\n<p><a href=\"https:\/\/blogsaverroes.juntadeandalucia.es\/ceperpueblosblancos\/files\/2019\/12\/20191203_121708.jpg\"><img loading=\"lazy\" decoding=\"async\" class=\"alignnone wp-image-2276\" src=\"https:\/\/blogsaverroes.juntadeandalucia.es\/ceperpueblosblancos\/files\/2019\/12\/20191203_121708-300x169.jpg\" alt=\"\" width=\"379\" height=\"214\" srcset=\"https:\/\/blogsaverroes.juntadeandalucia.es\/ceperpueblosblancos\/files\/2019\/12\/20191203_121708-300x169.jpg 300w, https:\/\/blogsaverroes.juntadeandalucia.es\/ceperpueblosblancos\/files\/2019\/12\/20191203_121708-768x432.jpg 768w, https:\/\/blogsaverroes.juntadeandalucia.es\/ceperpueblosblancos\/files\/2019\/12\/20191203_121708-1024x576.jpg 1024w, https:\/\/blogsaverroes.juntadeandalucia.es\/ceperpueblosblancos\/files\/2019\/12\/20191203_121708-24x14.jpg 24w, https:\/\/blogsaverroes.juntadeandalucia.es\/ceperpueblosblancos\/files\/2019\/12\/20191203_121708-36x20.jpg 36w, https:\/\/blogsaverroes.juntadeandalucia.es\/ceperpueblosblancos\/files\/2019\/12\/20191203_121708-48x27.jpg 48w, https:\/\/blogsaverroes.juntadeandalucia.es\/ceperpueblosblancos\/files\/2019\/12\/20191203_121708.jpg 1600w\" sizes=\"(max-width: 379px) 100vw, 379px\" \/><\/a><a href=\"https:\/\/blogsaverroes.juntadeandalucia.es\/ceperpueblosblancos\/files\/2019\/12\/20191203_115429.jpg\"><img loading=\"lazy\" decoding=\"async\" class=\"wp-image-2278 alignnone\" src=\"https:\/\/blogsaverroes.juntadeandalucia.es\/ceperpueblosblancos\/files\/2019\/12\/20191203_115429-300x169.jpg\" alt=\"\" width=\"375\" height=\"211\" srcset=\"https:\/\/blogsaverroes.juntadeandalucia.es\/ceperpueblosblancos\/files\/2019\/12\/20191203_115429-300x169.jpg 300w, https:\/\/blogsaverroes.juntadeandalucia.es\/ceperpueblosblancos\/files\/2019\/12\/20191203_115429-768x432.jpg 768w, https:\/\/blogsaverroes.juntadeandalucia.es\/ceperpueblosblancos\/files\/2019\/12\/20191203_115429-1024x576.jpg 1024w, https:\/\/blogsaverroes.juntadeandalucia.es\/ceperpueblosblancos\/files\/2019\/12\/20191203_115429-24x14.jpg 24w, https:\/\/blogsaverroes.juntadeandalucia.es\/ceperpueblosblancos\/files\/2019\/12\/20191203_115429-36x20.jpg 36w, https:\/\/blogsaverroes.juntadeandalucia.es\/ceperpueblosblancos\/files\/2019\/12\/20191203_115429-48x27.jpg 48w, https:\/\/blogsaverroes.juntadeandalucia.es\/ceperpueblosblancos\/files\/2019\/12\/20191203_115429.jpg 1600w\" sizes=\"(max-width: 375px) 100vw, 375px\" \/><\/a><a href=\"https:\/\/blogsaverroes.juntadeandalucia.es\/ceperpueblosblancos\/files\/2019\/12\/20191203_120150.jpg\"><img loading=\"lazy\" decoding=\"async\" class=\"alignnone wp-image-2279\" src=\"https:\/\/blogsaverroes.juntadeandalucia.es\/ceperpueblosblancos\/files\/2019\/12\/20191203_120150-300x169.jpg\" alt=\"\" width=\"373\" height=\"210\" srcset=\"https:\/\/blogsaverroes.juntadeandalucia.es\/ceperpueblosblancos\/files\/2019\/12\/20191203_120150-300x169.jpg 300w, https:\/\/blogsaverroes.juntadeandalucia.es\/ceperpueblosblancos\/files\/2019\/12\/20191203_120150-768x432.jpg 768w, https:\/\/blogsaverroes.juntadeandalucia.es\/ceperpueblosblancos\/files\/2019\/12\/20191203_120150-1024x576.jpg 1024w, https:\/\/blogsaverroes.juntadeandalucia.es\/ceperpueblosblancos\/files\/2019\/12\/20191203_120150-24x14.jpg 24w, https:\/\/blogsaverroes.juntadeandalucia.es\/ceperpueblosblancos\/files\/2019\/12\/20191203_120150-36x20.jpg 36w, https:\/\/blogsaverroes.juntadeandalucia.es\/ceperpueblosblancos\/files\/2019\/12\/20191203_120150-48x27.jpg 48w, https:\/\/blogsaverroes.juntadeandalucia.es\/ceperpueblosblancos\/files\/2019\/12\/20191203_120150.jpg 1600w\" sizes=\"(max-width: 373px) 100vw, 373px\" \/><\/a><\/p>\n<p>Horas despu\u00e9s viajaron a la poblaci\u00f3n de Estepa, para degustar de los diferentes vinos y productos aut\u00f3ctonos de la tierra en El Bodeg\u00f3n.<\/p>\n<p><a href=\"https:\/\/blogsaverroes.juntadeandalucia.es\/ceperpueblosblancos\/files\/2019\/12\/20191203_131807.jpg\"><img loading=\"lazy\" decoding=\"async\" class=\"wp-image-2286 aligncenter\" src=\"https:\/\/blogsaverroes.juntadeandalucia.es\/ceperpueblosblancos\/files\/2019\/12\/20191203_131807-300x169.jpg\" alt=\"\" width=\"502\" height=\"283\" srcset=\"https:\/\/blogsaverroes.juntadeandalucia.es\/ceperpueblosblancos\/files\/2019\/12\/20191203_131807-300x169.jpg 300w, https:\/\/blogsaverroes.juntadeandalucia.es\/ceperpueblosblancos\/files\/2019\/12\/20191203_131807-768x432.jpg 768w, https:\/\/blogsaverroes.juntadeandalucia.es\/ceperpueblosblancos\/files\/2019\/12\/20191203_131807-1024x576.jpg 1024w, https:\/\/blogsaverroes.juntadeandalucia.es\/ceperpueblosblancos\/files\/2019\/12\/20191203_131807-24x14.jpg 24w, https:\/\/blogsaverroes.juntadeandalucia.es\/ceperpueblosblancos\/files\/2019\/12\/20191203_131807-36x20.jpg 36w, https:\/\/blogsaverroes.juntadeandalucia.es\/ceperpueblosblancos\/files\/2019\/12\/20191203_131807-48x27.jpg 48w, https:\/\/blogsaverroes.juntadeandalucia.es\/ceperpueblosblancos\/files\/2019\/12\/20191203_131807.jpg 1600w\" sizes=\"(max-width: 502px) 100vw, 502px\" \/><\/a><\/p>\n<p>&nbsp;<\/p>\n<p>Seguidamente, fueron a almorzar a Casa Ferrete, donde viendo la imagen, todas las palabras sobran.<\/p>\n<p><a href=\"https:\/\/blogsaverroes.juntadeandalucia.es\/ceperpueblosblancos\/files\/2019\/12\/20191203_151925.jpg\"><img loading=\"lazy\" decoding=\"async\" class=\"wp-image-2288 aligncenter\" src=\"https:\/\/blogsaverroes.juntadeandalucia.es\/ceperpueblosblancos\/files\/2019\/12\/20191203_151925-300x169.jpg\" alt=\"\" width=\"508\" height=\"286\" srcset=\"https:\/\/blogsaverroes.juntadeandalucia.es\/ceperpueblosblancos\/files\/2019\/12\/20191203_151925-300x169.jpg 300w, https:\/\/blogsaverroes.juntadeandalucia.es\/ceperpueblosblancos\/files\/2019\/12\/20191203_151925-768x432.jpg 768w, https:\/\/blogsaverroes.juntadeandalucia.es\/ceperpueblosblancos\/files\/2019\/12\/20191203_151925-1024x576.jpg 1024w, https:\/\/blogsaverroes.juntadeandalucia.es\/ceperpueblosblancos\/files\/2019\/12\/20191203_151925-24x14.jpg 24w, https:\/\/blogsaverroes.juntadeandalucia.es\/ceperpueblosblancos\/files\/2019\/12\/20191203_151925-36x20.jpg 36w, https:\/\/blogsaverroes.juntadeandalucia.es\/ceperpueblosblancos\/files\/2019\/12\/20191203_151925-48x27.jpg 48w, https:\/\/blogsaverroes.juntadeandalucia.es\/ceperpueblosblancos\/files\/2019\/12\/20191203_151925.jpg 1600w\" sizes=\"(max-width: 508px) 100vw, 508px\" \/><\/a><\/p>\n<p>A continuaci\u00f3n, realizaron un taller para la elaboraci\u00f3n del mantecado en la antigua f\u00e1brica de mantecados El Gamo, adem\u00e1s de visitar la fabrica principal del mismo due\u00f1o, donde pudieron degustar de la variedad de polvorones y mantecados.<\/p>\n<p><a href=\"https:\/\/blogsaverroes.juntadeandalucia.es\/ceperpueblosblancos\/files\/2019\/12\/fa.png\"><img loading=\"lazy\" decoding=\"async\" class=\"wp-image-2290 alignleft\" src=\"https:\/\/blogsaverroes.juntadeandalucia.es\/ceperpueblosblancos\/files\/2019\/12\/fa-300x184.png\" alt=\"\" width=\"502\" height=\"308\" srcset=\"https:\/\/blogsaverroes.juntadeandalucia.es\/ceperpueblosblancos\/files\/2019\/12\/fa-300x184.png 300w, https:\/\/blogsaverroes.juntadeandalucia.es\/ceperpueblosblancos\/files\/2019\/12\/fa-768x472.png 768w, https:\/\/blogsaverroes.juntadeandalucia.es\/ceperpueblosblancos\/files\/2019\/12\/fa-24x15.png 24w, https:\/\/blogsaverroes.juntadeandalucia.es\/ceperpueblosblancos\/files\/2019\/12\/fa-36x22.png 36w, https:\/\/blogsaverroes.juntadeandalucia.es\/ceperpueblosblancos\/files\/2019\/12\/fa-48x29.png 48w, https:\/\/blogsaverroes.juntadeandalucia.es\/ceperpueblosblancos\/files\/2019\/12\/fa.png 910w\" sizes=\"(max-width: 502px) 100vw, 502px\" \/><\/a><a href=\"https:\/\/blogsaverroes.juntadeandalucia.es\/ceperpueblosblancos\/files\/2019\/12\/fff.png\"><img loading=\"lazy\" decoding=\"async\" class=\"alignnone wp-image-2294\" src=\"https:\/\/blogsaverroes.juntadeandalucia.es\/ceperpueblosblancos\/files\/2019\/12\/fff-300x179.png\" alt=\"\" width=\"513\" height=\"306\" srcset=\"https:\/\/blogsaverroes.juntadeandalucia.es\/ceperpueblosblancos\/files\/2019\/12\/fff-300x179.png 300w, https:\/\/blogsaverroes.juntadeandalucia.es\/ceperpueblosblancos\/files\/2019\/12\/fff-768x457.png 768w, https:\/\/blogsaverroes.juntadeandalucia.es\/ceperpueblosblancos\/files\/2019\/12\/fff-1024x610.png 1024w, https:\/\/blogsaverroes.juntadeandalucia.es\/ceperpueblosblancos\/files\/2019\/12\/fff-24x14.png 24w, https:\/\/blogsaverroes.juntadeandalucia.es\/ceperpueblosblancos\/files\/2019\/12\/fff-36x21.png 36w, https:\/\/blogsaverroes.juntadeandalucia.es\/ceperpueblosblancos\/files\/2019\/12\/fff-48x29.png 48w, https:\/\/blogsaverroes.juntadeandalucia.es\/ceperpueblosblancos\/files\/2019\/12\/fff.png 1060w\" sizes=\"(max-width: 513px) 100vw, 513px\" \/><\/a><\/p>\n","protected":false},"excerpt":{"rendered":"<p>El d\u00eda 3 de diciembre de 2019, diferentes SEP, pertenecientes al CEPER Pueblos Blancos de Olvera, fueron de excursi\u00f3n a la poblaci\u00f3n de Mollina, municipio espa\u00f1ol&nbsp;de la Comarca de Antequera (M\u00e1laga), para visitar el&#46;&#46;&#46;<\/p>\n","protected":false},"author":2415,"featured_media":0,"comment_status":"open","ping_status":"open","sticky":false,"template":"","format":"standard","meta":{"ngg_post_thumbnail":0,"footnotes":""},"categories":[1903606,1658232,526],"tags":[],"aioseo_notices":[],"_links":{"self":[{"href":"https:\/\/blogsaverroes.juntadeandalucia.es\/ceperpueblosblancos\/wp-json\/wp\/v2\/posts\/2275"}],"collection":[{"href":"https:\/\/blogsaverroes.juntadeandalucia.es\/ceperpueblosblancos\/wp-json\/wp\/v2\/posts"}],"about":[{"href":"https:\/\/blogsaverroes.juntadeandalucia.es\/ceperpueblosblancos\/wp-json\/wp\/v2\/types\/post"}],"author":[{"embeddable":true,"href":"https:\/\/blogsaverroes.juntadeandalucia.es\/ceperpueblosblancos\/wp-json\/wp\/v2\/users\/2415"}],"replies":[{"embeddable":true,"href":"https:\/\/blogsaverroes.juntadeandalucia.es\/ceperpueblosblancos\/wp-json\/wp\/v2\/comments?post=2275"}],"version-history":[{"count":13,"href":"https:\/\/blogsaverroes.juntadeandalucia.es\/ceperpueblosblancos\/wp-json\/wp\/v2\/posts\/2275\/revisions"}],"predecessor-version":[{"id":2358,"href":"https:\/\/blogsaverroes.juntadeandalucia.es\/ceperpueblosblancos\/wp-json\/wp\/v2\/posts\/2275\/revisions\/2358"}],"wp:attachment":[{"href":"https:\/\/blogsaverroes.juntadeandalucia.es\/ceperpueblosblancos\/wp-json\/wp\/v2\/media?parent=2275"}],"wp:term":[{"taxonomy":"category","embeddable":true,"href":"https:\/\/blogsaverroes.juntadeandalucia.es\/ceperpueblosblancos\/wp-json\/wp\/v2\/categories?post=2275"},{"taxonomy":"post_tag","embeddable":true,"href":"https:\/\/blogsaverroes.juntadeandalucia.es\/ceperpueblosblancos\/wp-json\/wp\/v2\/tags?post=2275"}],"curies":[{"name":"wp","href":"https:\/\/api.w.org\/{rel}","templated":true}]}}