{"id":3293,"date":"2023-06-08T09:29:10","date_gmt":"2023-06-08T08:29:10","guid":{"rendered":"http:\/\/blogsaverroes.juntadeandalucia.es\/ceperpueblosblancos\/?p=3293"},"modified":"2023-06-08T09:29:10","modified_gmt":"2023-06-08T08:29:10","slug":"manana-de-formacion","status":"publish","type":"post","link":"https:\/\/blogsaverroes.juntadeandalucia.es\/ceperpueblosblancos\/2023\/06\/08\/manana-de-formacion\/","title":{"rendered":"Ma\u00f1ana de formaci\u00f3n"},"content":{"rendered":"<p>El d\u00eda 31 de mayo todo el profesorado perteneciente al CEPER PUEBLOS BLANCOS, acudi\u00f3 a un curso impartido por el cuerpo de bomberos de Ubrique.<\/p>\n<p>&nbsp;<\/p>\n<p>.<a href=\"https:\/\/blogsaverroes.juntadeandalucia.es\/ceperpueblosblancos\/files\/2023\/06\/IMG-20230608-WA0005.jpg\"><img loading=\"lazy\" decoding=\"async\" class=\"alignnone size-medium wp-image-3299\" src=\"https:\/\/blogsaverroes.juntadeandalucia.es\/ceperpueblosblancos\/files\/2023\/06\/IMG-20230608-WA0005-225x300.jpg\" alt=\"\" width=\"225\" height=\"300\" srcset=\"https:\/\/blogsaverroes.juntadeandalucia.es\/ceperpueblosblancos\/files\/2023\/06\/IMG-20230608-WA0005-225x300.jpg 225w, https:\/\/blogsaverroes.juntadeandalucia.es\/ceperpueblosblancos\/files\/2023\/06\/IMG-20230608-WA0005-768x1024.jpg 768w, https:\/\/blogsaverroes.juntadeandalucia.es\/ceperpueblosblancos\/files\/2023\/06\/IMG-20230608-WA0005-1152x1536.jpg 1152w, https:\/\/blogsaverroes.juntadeandalucia.es\/ceperpueblosblancos\/files\/2023\/06\/IMG-20230608-WA0005.jpg 1200w\" sizes=\"(max-width: 225px) 100vw, 225px\" \/><\/a> <a href=\"https:\/\/blogsaverroes.juntadeandalucia.es\/ceperpueblosblancos\/files\/2023\/06\/IMG-20230608-WA0004.jpg\"><img loading=\"lazy\" decoding=\"async\" class=\"alignnone size-medium wp-image-3300\" src=\"https:\/\/blogsaverroes.juntadeandalucia.es\/ceperpueblosblancos\/files\/2023\/06\/IMG-20230608-WA0004-300x225.jpg\" alt=\"\" width=\"300\" height=\"225\" srcset=\"https:\/\/blogsaverroes.juntadeandalucia.es\/ceperpueblosblancos\/files\/2023\/06\/IMG-20230608-WA0004-300x225.jpg 300w, https:\/\/blogsaverroes.juntadeandalucia.es\/ceperpueblosblancos\/files\/2023\/06\/IMG-20230608-WA0004-1024x768.jpg 1024w, https:\/\/blogsaverroes.juntadeandalucia.es\/ceperpueblosblancos\/files\/2023\/06\/IMG-20230608-WA0004-768x576.jpg 768w, https:\/\/blogsaverroes.juntadeandalucia.es\/ceperpueblosblancos\/files\/2023\/06\/IMG-20230608-WA0004-1536x1152.jpg 1536w, https:\/\/blogsaverroes.juntadeandalucia.es\/ceperpueblosblancos\/files\/2023\/06\/IMG-20230608-WA0004.jpg 1600w\" sizes=\"(max-width: 300px) 100vw, 300px\" \/><\/a> <a href=\"https:\/\/blogsaverroes.juntadeandalucia.es\/ceperpueblosblancos\/files\/2023\/06\/IMG-20230608-WA0003.jpg\"><img loading=\"lazy\" decoding=\"async\" class=\"alignnone size-medium wp-image-3301\" src=\"https:\/\/blogsaverroes.juntadeandalucia.es\/ceperpueblosblancos\/files\/2023\/06\/IMG-20230608-WA0003-169x300.jpg\" alt=\"\" width=\"169\" height=\"300\" srcset=\"https:\/\/blogsaverroes.juntadeandalucia.es\/ceperpueblosblancos\/files\/2023\/06\/IMG-20230608-WA0003-169x300.jpg 169w, https:\/\/blogsaverroes.juntadeandalucia.es\/ceperpueblosblancos\/files\/2023\/06\/IMG-20230608-WA0003-576x1024.jpg 576w, https:\/\/blogsaverroes.juntadeandalucia.es\/ceperpueblosblancos\/files\/2023\/06\/IMG-20230608-WA0003-768x1365.jpg 768w, https:\/\/blogsaverroes.juntadeandalucia.es\/ceperpueblosblancos\/files\/2023\/06\/IMG-20230608-WA0003-864x1536.jpg 864w, https:\/\/blogsaverroes.juntadeandalucia.es\/ceperpueblosblancos\/files\/2023\/06\/IMG-20230608-WA0003.jpg 900w\" sizes=\"(max-width: 169px) 100vw, 169px\" \/><\/a> <a href=\"https:\/\/blogsaverroes.juntadeandalucia.es\/ceperpueblosblancos\/files\/2023\/06\/IMG-20230608-WA0002.jpg\"><img loading=\"lazy\" decoding=\"async\" class=\"alignnone size-medium wp-image-3302\" src=\"https:\/\/blogsaverroes.juntadeandalucia.es\/ceperpueblosblancos\/files\/2023\/06\/IMG-20230608-WA0002-300x225.jpg\" alt=\"\" width=\"300\" height=\"225\" srcset=\"https:\/\/blogsaverroes.juntadeandalucia.es\/ceperpueblosblancos\/files\/2023\/06\/IMG-20230608-WA0002-300x225.jpg 300w, https:\/\/blogsaverroes.juntadeandalucia.es\/ceperpueblosblancos\/files\/2023\/06\/IMG-20230608-WA0002-1024x768.jpg 1024w, https:\/\/blogsaverroes.juntadeandalucia.es\/ceperpueblosblancos\/files\/2023\/06\/IMG-20230608-WA0002-768x576.jpg 768w, https:\/\/blogsaverroes.juntadeandalucia.es\/ceperpueblosblancos\/files\/2023\/06\/IMG-20230608-WA0002-1536x1152.jpg 1536w, https:\/\/blogsaverroes.juntadeandalucia.es\/ceperpueblosblancos\/files\/2023\/06\/IMG-20230608-WA0002.jpg 1600w\" sizes=\"(max-width: 300px) 100vw, 300px\" \/><\/a><\/p>\n","protected":false},"excerpt":{"rendered":"<p>El d\u00eda 31 de mayo todo el profesorado perteneciente al CEPER PUEBLOS BLANCOS, acudi\u00f3 a un curso impartido por el cuerpo de bomberos de Ubrique. &nbsp; .<\/p>\n","protected":false},"author":2415,"featured_media":0,"comment_status":"open","ping_status":"open","sticky":false,"template":"","format":"standard","meta":{"ngg_post_thumbnail":0,"footnotes":""},"categories":[11909],"tags":[],"aioseo_notices":[],"_links":{"self":[{"href":"https:\/\/blogsaverroes.juntadeandalucia.es\/ceperpueblosblancos\/wp-json\/wp\/v2\/posts\/3293"}],"collection":[{"href":"https:\/\/blogsaverroes.juntadeandalucia.es\/ceperpueblosblancos\/wp-json\/wp\/v2\/posts"}],"about":[{"href":"https:\/\/blogsaverroes.juntadeandalucia.es\/ceperpueblosblancos\/wp-json\/wp\/v2\/types\/post"}],"author":[{"embeddable":true,"href":"https:\/\/blogsaverroes.juntadeandalucia.es\/ceperpueblosblancos\/wp-json\/wp\/v2\/users\/2415"}],"replies":[{"embeddable":true,"href":"https:\/\/blogsaverroes.juntadeandalucia.es\/ceperpueblosblancos\/wp-json\/wp\/v2\/comments?post=3293"}],"version-history":[{"count":1,"href":"https:\/\/blogsaverroes.juntadeandalucia.es\/ceperpueblosblancos\/wp-json\/wp\/v2\/posts\/3293\/revisions"}],"predecessor-version":[{"id":3303,"href":"https:\/\/blogsaverroes.juntadeandalucia.es\/ceperpueblosblancos\/wp-json\/wp\/v2\/posts\/3293\/revisions\/3303"}],"wp:attachment":[{"href":"https:\/\/blogsaverroes.juntadeandalucia.es\/ceperpueblosblancos\/wp-json\/wp\/v2\/media?parent=3293"}],"wp:term":[{"taxonomy":"category","embeddable":true,"href":"https:\/\/blogsaverroes.juntadeandalucia.es\/ceperpueblosblancos\/wp-json\/wp\/v2\/categories?post=3293"},{"taxonomy":"post_tag","embeddable":true,"href":"https:\/\/blogsaverroes.juntadeandalucia.es\/ceperpueblosblancos\/wp-json\/wp\/v2\/tags?post=3293"}],"curies":[{"name":"wp","href":"https:\/\/api.w.org\/{rel}","templated":true}]}}