{"id":1621,"date":"2021-12-22T09:36:21","date_gmt":"2021-12-22T08:36:21","guid":{"rendered":"https:\/\/blogsaverroes.juntadeandalucia.es\/ceperretamar\/?p=1621"},"modified":"2022-01-26T13:27:07","modified_gmt":"2022-01-26T12:27:07","slug":"aires-de-navidad","status":"publish","type":"post","link":"https:\/\/blogsaverroes.juntadeandalucia.es\/ceperretamar\/aires-de-navidad\/","title":{"rendered":"Aires de NAVIDAD"},"content":{"rendered":"<p>Estos son algunos de los trabajos realizados en la escuela durante la semana previa a la Navidad: decoraciones para las aulas, elaboraciones de Belenes, tarjetas de felicitaciones&#8230; Con estas actividades buscamos despertar el esp\u00edritu navide\u00f1o de nuestro alumnado, ya que son fechas muy se\u00f1aladas para ellos\/as y dif\u00edciles de sobrellevar en este entorno.<\/p>\nngg_shortcode_0_placeholder\n<p align=\"justify\">&nbsp;<\/p>\n<p class=\"western\" align=\"justify\"><span style=\"font-family: Ubuntu, serif\"><span style=\"font-size: medium\"><span style=\"text-decoration: underline\"><span style=\"color: #ff0000;text-decoration: underline\"><strong>REFLEXIONES NAVIDE\u00d1AS de un alumno del CEPer. Retamar<\/strong><\/span><\/span><br \/>\n<\/span><\/span><\/p>\n<p class=\"western\" align=\"justify\"><span style=\"font-family: Ubuntu, serif\"><span style=\"font-size: medium\">Cada persona vive las fechas navide\u00f1as bas\u00e1ndose en sus experiencias anteriores, los hay que la odian por alg\u00fan trauma que no alcanzan a entender o los que la aman porque siempre signific\u00f3 un momento familiar sin parang\u00f3n donde te reun\u00edas con los que no ves durante el resto del a\u00f1o. <\/span><\/span><\/p>\n<p class=\"western\" align=\"justify\"><span style=\"font-family: Ubuntu, serif\"><span style=\"font-size: medium\">Luego la vida y sus circunstancias te hacen tener que resignarte a la realidad que toca afrontar, hay maneras para escapar y aguantar lo mejor posible entre los muros de prisi\u00f3n. Dentro de este mundo fr\u00edo e inerte y aunque pueda resultar raro en el entorno de un penal, podemos encontrar el calor humanizador con el que nos arropan en la escuela, <strong>no solo cultivamos nuestras mentes<\/strong>, sino que <strong>ponen tiritas en nuestras almas perdidas y doloridas<\/strong>. Las aulas son un espacio donde aprendemos a convivir, a respetarnos para poder respetar, a saber, que hay un futuro diferente y la posibilidad de cambiar desde dentro. Ya dijo Concepci\u00f3n Arenal <strong>\u201cAbrid escuelas y cerraran c\u00e1rceles\u201d<\/strong>, supongo que la escritora y licenciada en derecho se quedar\u00eda de piedra al ver como se ha transformado este mundo.<\/span><\/span><\/p>\n<p class=\"western\" align=\"justify\"><span style=\"font-family: Ubuntu, serif\"><span style=\"font-size: medium\">En las navidades de 2021 hemos podido disfrutar y socializar con las actividades que l@s maestr@s, nos han propuesto realizar a los alumnos\/as. <\/span><\/span><\/p>\n<p class=\"western\" align=\"justify\"><span style=\"font-family: Ubuntu, serif\"><span style=\"font-size: medium\">Para crear un ambiente propicio se comenz\u00f3 con la colocaci\u00f3n de los belenes en cada departamento. A la entrada de los m\u00f3dulos residenciales y para que no quedara dudas de las fechas, se represent\u00f3 con figuras creadas por compa\u00f1eros, el nacimiento, en un pesebre de la remota palestina, de Jes\u00fas de Nazaret. El chiste de que los camellos ya est\u00e1n aqu\u00ed era obvio que ten\u00eda que surgir. <\/span><\/span><\/p>\n<p class=\"western\" align=\"justify\"><span style=\"font-family: Ubuntu, serif\"><span style=\"font-size: medium\">Curiosamente, dejando aparte credo, religi\u00f3n o nacionalidad, todos participan voluntariosamente en la actividad, unos ponen su granito colocando las tiras de \u201cFeliz navidad\u201d, los flejes de espumill\u00f3n que a modo de planta trepadora se enroscan en los barrotes de frio hierro disimulando su represora funci\u00f3n. Con mayor o menor tino, pero todos con las mismas pretensiones, recortan cartulinas y dibujos que con todo el cari\u00f1o dibujan para engalanar el pasillo que viene a concluir en una mesa donde descansan las postales con las mejores intenciones y deseos que a modo de manualidad, se han ido haciendo en los ratos libres y que repiten, una para la familia y otro para el lugar donde debemos pasar estas fiestas. Alg\u00fan despistado que otro, col\u00f3 una de feliz cumplea\u00f1os, pero forma parte de la idiosincrasia de c\u00f3mo funciona esto. <\/span><\/span><\/p>\n<p class=\"western\" align=\"justify\"><span style=\"font-family: Ubuntu, serif\"><span style=\"font-size: medium\">No pretendemos ser perfectos y sabemos que algo que hicimos mal nos trajo aqu\u00ed, aun as\u00ed, los maestros\/as no hacen diferencias y nos tratan a todos por igual. Una vez todo est\u00e1 en su sitio, con el amor y cari\u00f1o que lo podr\u00edamos hacer en nuestras casas, el claustro de maestros\/as nos sorprendi\u00f3 con la visita aula por aula cantando villancicos, ataviados con el uniforme navide\u00f1o, gorros, panderetas y una sonrisa dejaron en el caj\u00f3n por unas horas los deberes, las calculadoras y las notas. La actitud con la que se afrontan los problemas suelen contener la soluci\u00f3n a ellos, y en esos ratos, miras al cielo y dices: al menos he pasado un buen rato a pesar de donde estoy&#8230;&#8230;&#8230; \u00a1\u00a1GRACIAS!! <\/span><\/span><\/p>\n<p class=\"western\" align=\"justify\">\n","protected":false},"excerpt":{"rendered":"<p>Estos son algunos de los trabajos realizados en la escuela durante la semana previa a la Navidad: decoraciones para las aulas, elaboraciones de Belenes, tarjetas de felicitaciones&#8230; Con estas actividades buscamos despertar el esp\u00edritu navide\u00f1o de nuestro alumnado, ya que&#46;&#46;&#46;<\/p>\n","protected":false},"author":13652,"featured_media":1640,"comment_status":"open","ping_status":"closed","sticky":false,"template":"","format":"standard","meta":{"ngg_post_thumbnail":0,"footnotes":""},"categories":[1],"tags":[],"aioseo_notices":[],"_links":{"self":[{"href":"https:\/\/blogsaverroes.juntadeandalucia.es\/ceperretamar\/wp-json\/wp\/v2\/posts\/1621"}],"collection":[{"href":"https:\/\/blogsaverroes.juntadeandalucia.es\/ceperretamar\/wp-json\/wp\/v2\/posts"}],"about":[{"href":"https:\/\/blogsaverroes.juntadeandalucia.es\/ceperretamar\/wp-json\/wp\/v2\/types\/post"}],"author":[{"embeddable":true,"href":"https:\/\/blogsaverroes.juntadeandalucia.es\/ceperretamar\/wp-json\/wp\/v2\/users\/13652"}],"replies":[{"embeddable":true,"href":"https:\/\/blogsaverroes.juntadeandalucia.es\/ceperretamar\/wp-json\/wp\/v2\/comments?post=1621"}],"version-history":[{"count":5,"href":"https:\/\/blogsaverroes.juntadeandalucia.es\/ceperretamar\/wp-json\/wp\/v2\/posts\/1621\/revisions"}],"predecessor-version":[{"id":1766,"href":"https:\/\/blogsaverroes.juntadeandalucia.es\/ceperretamar\/wp-json\/wp\/v2\/posts\/1621\/revisions\/1766"}],"wp:featuredmedia":[{"embeddable":true,"href":"https:\/\/blogsaverroes.juntadeandalucia.es\/ceperretamar\/wp-json\/wp\/v2\/media\/1640"}],"wp:attachment":[{"href":"https:\/\/blogsaverroes.juntadeandalucia.es\/ceperretamar\/wp-json\/wp\/v2\/media?parent=1621"}],"wp:term":[{"taxonomy":"category","embeddable":true,"href":"https:\/\/blogsaverroes.juntadeandalucia.es\/ceperretamar\/wp-json\/wp\/v2\/categories?post=1621"},{"taxonomy":"post_tag","embeddable":true,"href":"https:\/\/blogsaverroes.juntadeandalucia.es\/ceperretamar\/wp-json\/wp\/v2\/tags?post=1621"}],"curies":[{"name":"wp","href":"https:\/\/api.w.org\/{rel}","templated":true}]}}