{"id":2934,"date":"2023-03-27T14:01:46","date_gmt":"2023-03-27T13:01:46","guid":{"rendered":"https:\/\/blogsaverroes.juntadeandalucia.es\/ceperretamar\/?p=2934"},"modified":"2023-03-27T14:01:46","modified_gmt":"2023-03-27T13:01:46","slug":"excursion-retamar-playa-de-las-amoladeras","status":"publish","type":"post","link":"https:\/\/blogsaverroes.juntadeandalucia.es\/ceperretamar\/excursion-retamar-playa-de-las-amoladeras\/","title":{"rendered":"Excursi\u00f3n Retamar &#8211; Playa de las Amoladeras"},"content":{"rendered":"<p align=\"justify\"><span style=\"font-size: large\">El pasado 22 de marzo parte del alumnado del CEPer <i>Retamar <\/i>adscrito al CIS <i>Manuel P\u00e9rez Ortega<\/i> realizamos una excursi\u00f3n a las inmediaciones del Parque Natural Cabo de Gata &#8211; N\u00edjar. Sobre las 09:00, catorce alumnos y cinco profesionales del centro nos dirigimos hacia la parada del autob\u00fas, ubicada en el estadio de los Juegos del Mediterr\u00e1neo, para coger el transporte urbano hacia Retamar.<\/span><\/p>\n<p align=\"justify\"><span style=\"font-size: large\">Una vez all\u00ed, tomamos un espl\u00e9ndido desayuno en una terraza frente al mar con unas vistas impresionantes. El d\u00eda se presentaba soleado con una temperatura ideal para la pr\u00e1ctica del senderismo. <\/span><\/p>\n<p align=\"justify\"><span style=\"font-size: large\"> Nuestra primera parada tuvo lugar en la Ermita y la Torre Vig\u00eda de Torregarc\u00eda. All\u00ed los alumnos buscamos informaci\u00f3n en nuestros m\u00f3viles sobre ambas construcciones. Continuamos la marcha y nos encontramos con la factor\u00eda romana de salaz\u00f3n de pescado del siglo III. Siguiendo el sendero marcado por vallas de madera a ambos lados, nuestra caminata se prolong\u00f3 un buen rato, hasta alcanzar la playa de Las Amoladeras. All\u00ed hicimos nuestra segunda parada, esta vez para descansar, tomarnos un peque\u00f1o bocadillo con una pieza de fruta y tambi\u00e9n disfrutar de la vista y la brisa marina. Algunos atrevidos se dieron un chapuz\u00f3n primaveral mientras el resto del grupo los observaba y los fotografiaba. Otros, que llegaron muy fatigados, se dedicaron a descansar y a refrescarse con un buen trago de agua. <\/span><\/p>\n<p align=\"justify\"><span style=\"font-size: large\"> Tras este descanso, iniciamos el regreso a retamar. Unos lo hicieron por el mismo sendero y otros por la orilla de la playa. El sol y el calor empezaron a hacer que el grupo se resintiera. El intenso cansancio hizo que algunos componentes del grupo quedaran rezagados y llegaran con retraso al lugar para almorzar, que fue el mismo donde desayunamos. All\u00ed tomamos unos cuantos refrescos acompa\u00f1ados de algunas tapas variadas (patatas asadas, carne con tomate, rosquillas, tostadas,\u2026), un surtido variado de helados de la casa sirvi\u00f3 como postre. Tras el almuerzo, nos dirigimos hacia la parada de autob\u00fas junto al Hospital del Toyo. De camino anduvimos por el paseo mar\u00edtimo, la Plaza del mar y por distintas calles y avenidas que bordean el campo de golf. Antes de coger el transporte urbano pudimos observar una competici\u00f3n de palomas adiestradas.<\/span><\/p>\n<p align=\"justify\"><span style=\"font-size: large\"> Cuando bajamos del autob\u00fas nos qued\u00f3 un \u00faltimo tramo por recorrer a pie, desde el estadio de los Juegos del Mediterr\u00e1neo hasta el pol\u00edgono Sector -20, donde se ubica el CIS. Al finalizar la excursi\u00f3n hab\u00edamos recorrido un total de 14,5 Km.<\/span><\/p>\n<p align=\"justify\"><span style=\"font-size: large\"> Pasamos un d\u00eda ameno y con buena sinton\u00eda entre todos los componentes del grupo. La caminata, los ba\u00f1os, el entorno y la buena compa\u00f1\u00eda convirtieron la jornada en una buena pr\u00e1ctica de h\u00e1bitos de vida saludable. Esperamos poder disfrutar pronto de una pr\u00f3xima salida.<\/span><\/p>\n\n\t\t<style>\n\t\t\t#gallery-1 {\n\t\t\t\tmargin: auto;\n\t\t\t}\n\t\t\t#gallery-1 .gallery-item {\n\t\t\t\tfloat: left;\n\t\t\t\tmargin-top: 10px;\n\t\t\t\ttext-align: center;\n\t\t\t\twidth: 50%;\n\t\t\t}\n\t\t\t#gallery-1 img {\n\t\t\t\tborder: 2px solid #cfcfcf;\n\t\t\t}\n\t\t\t#gallery-1 .gallery-caption {\n\t\t\t\tmargin-left: 0;\n\t\t\t}\n\t\t\t\/* see gallery_shortcode() in wp-includes\/media.php *\/\n\t\t<\/style>\n\t\t<div id='gallery-1' class='gallery galleryid-2934 gallery-columns-2 gallery-size-large'><dl class='gallery-item'>\n\t\t\t<dt class='gallery-icon portrait'>\n\t\t\t\t<a href='https:\/\/blogsaverroes.juntadeandalucia.es\/ceperretamar\/excursion-retamar-playa-de-las-amoladeras\/img-20230323-wa0009\/'><img loading=\"lazy\" decoding=\"async\" width=\"766\" height=\"1024\" src=\"https:\/\/blogsaverroes.juntadeandalucia.es\/ceperretamar\/files\/2023\/03\/IMG-20230323-WA0009-766x1024.jpg\" class=\"attachment-large size-large\" alt=\"\" srcset=\"https:\/\/blogsaverroes.juntadeandalucia.es\/ceperretamar\/files\/2023\/03\/IMG-20230323-WA0009-766x1024.jpg 766w, https:\/\/blogsaverroes.juntadeandalucia.es\/ceperretamar\/files\/2023\/03\/IMG-20230323-WA0009-224x300.jpg 224w, https:\/\/blogsaverroes.juntadeandalucia.es\/ceperretamar\/files\/2023\/03\/IMG-20230323-WA0009-768x1027.jpg 768w, https:\/\/blogsaverroes.juntadeandalucia.es\/ceperretamar\/files\/2023\/03\/IMG-20230323-WA0009-1149x1536.jpg 1149w, https:\/\/blogsaverroes.juntadeandalucia.es\/ceperretamar\/files\/2023\/03\/IMG-20230323-WA0009-18x24.jpg 18w, https:\/\/blogsaverroes.juntadeandalucia.es\/ceperretamar\/files\/2023\/03\/IMG-20230323-WA0009-27x36.jpg 27w, https:\/\/blogsaverroes.juntadeandalucia.es\/ceperretamar\/files\/2023\/03\/IMG-20230323-WA0009-36x48.jpg 36w, https:\/\/blogsaverroes.juntadeandalucia.es\/ceperretamar\/files\/2023\/03\/IMG-20230323-WA0009.jpg 1508w\" sizes=\"(max-width: 766px) 100vw, 766px\" \/><\/a>\n\t\t\t<\/dt><\/dl><dl class='gallery-item'>\n\t\t\t<dt class='gallery-icon portrait'>\n\t\t\t\t<a href='https:\/\/blogsaverroes.juntadeandalucia.es\/ceperretamar\/excursion-retamar-playa-de-las-amoladeras\/img-20230323-wa0008\/'><img loading=\"lazy\" decoding=\"async\" width=\"512\" height=\"1024\" src=\"https:\/\/blogsaverroes.juntadeandalucia.es\/ceperretamar\/files\/2023\/03\/IMG-20230323-WA0008-512x1024.jpg\" class=\"attachment-large size-large\" alt=\"\" srcset=\"https:\/\/blogsaverroes.juntadeandalucia.es\/ceperretamar\/files\/2023\/03\/IMG-20230323-WA0008-512x1024.jpg 512w, https:\/\/blogsaverroes.juntadeandalucia.es\/ceperretamar\/files\/2023\/03\/IMG-20230323-WA0008-150x300.jpg 150w, https:\/\/blogsaverroes.juntadeandalucia.es\/ceperretamar\/files\/2023\/03\/IMG-20230323-WA0008-768x1536.jpg 768w, https:\/\/blogsaverroes.juntadeandalucia.es\/ceperretamar\/files\/2023\/03\/IMG-20230323-WA0008-12x24.jpg 12w, https:\/\/blogsaverroes.juntadeandalucia.es\/ceperretamar\/files\/2023\/03\/IMG-20230323-WA0008-18x36.jpg 18w, https:\/\/blogsaverroes.juntadeandalucia.es\/ceperretamar\/files\/2023\/03\/IMG-20230323-WA0008-24x48.jpg 24w, https:\/\/blogsaverroes.juntadeandalucia.es\/ceperretamar\/files\/2023\/03\/IMG-20230323-WA0008.jpg 1000w\" sizes=\"(max-width: 512px) 100vw, 512px\" \/><\/a>\n\t\t\t<\/dt><\/dl><br style=\"clear: both\" \/><dl class='gallery-item'>\n\t\t\t<dt class='gallery-icon landscape'>\n\t\t\t\t<a href='https:\/\/blogsaverroes.juntadeandalucia.es\/ceperretamar\/excursion-retamar-playa-de-las-amoladeras\/img-20230322-wa0011\/'><img loading=\"lazy\" decoding=\"async\" width=\"1024\" height=\"768\" src=\"https:\/\/blogsaverroes.juntadeandalucia.es\/ceperretamar\/files\/2023\/03\/IMG-20230322-WA0011-1024x768.jpg\" class=\"attachment-large size-large\" alt=\"\" srcset=\"https:\/\/blogsaverroes.juntadeandalucia.es\/ceperretamar\/files\/2023\/03\/IMG-20230322-WA0011-1024x768.jpg 1024w, https:\/\/blogsaverroes.juntadeandalucia.es\/ceperretamar\/files\/2023\/03\/IMG-20230322-WA0011-300x225.jpg 300w, https:\/\/blogsaverroes.juntadeandalucia.es\/ceperretamar\/files\/2023\/03\/IMG-20230322-WA0011-768x576.jpg 768w, https:\/\/blogsaverroes.juntadeandalucia.es\/ceperretamar\/files\/2023\/03\/IMG-20230322-WA0011-1536x1152.jpg 1536w, https:\/\/blogsaverroes.juntadeandalucia.es\/ceperretamar\/files\/2023\/03\/IMG-20230322-WA0011-24x18.jpg 24w, https:\/\/blogsaverroes.juntadeandalucia.es\/ceperretamar\/files\/2023\/03\/IMG-20230322-WA0011-36x27.jpg 36w, https:\/\/blogsaverroes.juntadeandalucia.es\/ceperretamar\/files\/2023\/03\/IMG-20230322-WA0011-48x36.jpg 48w, https:\/\/blogsaverroes.juntadeandalucia.es\/ceperretamar\/files\/2023\/03\/IMG-20230322-WA0011.jpg 2000w\" sizes=\"(max-width: 1024px) 100vw, 1024px\" \/><\/a>\n\t\t\t<\/dt><\/dl><dl class='gallery-item'>\n\t\t\t<dt class='gallery-icon landscape'>\n\t\t\t\t<a href='https:\/\/blogsaverroes.juntadeandalucia.es\/ceperretamar\/excursion-retamar-playa-de-las-amoladeras\/img_20230322_123927\/'><img loading=\"lazy\" decoding=\"async\" width=\"1024\" height=\"768\" src=\"https:\/\/blogsaverroes.juntadeandalucia.es\/ceperretamar\/files\/2023\/03\/IMG_20230322_123927-1024x768.jpg\" class=\"attachment-large size-large\" alt=\"\" srcset=\"https:\/\/blogsaverroes.juntadeandalucia.es\/ceperretamar\/files\/2023\/03\/IMG_20230322_123927-1024x768.jpg 1024w, https:\/\/blogsaverroes.juntadeandalucia.es\/ceperretamar\/files\/2023\/03\/IMG_20230322_123927-300x225.jpg 300w, https:\/\/blogsaverroes.juntadeandalucia.es\/ceperretamar\/files\/2023\/03\/IMG_20230322_123927-768x576.jpg 768w, https:\/\/blogsaverroes.juntadeandalucia.es\/ceperretamar\/files\/2023\/03\/IMG_20230322_123927-1536x1152.jpg 1536w, https:\/\/blogsaverroes.juntadeandalucia.es\/ceperretamar\/files\/2023\/03\/IMG_20230322_123927-2048x1536.jpg 2048w, https:\/\/blogsaverroes.juntadeandalucia.es\/ceperretamar\/files\/2023\/03\/IMG_20230322_123927-24x18.jpg 24w, https:\/\/blogsaverroes.juntadeandalucia.es\/ceperretamar\/files\/2023\/03\/IMG_20230322_123927-36x27.jpg 36w, https:\/\/blogsaverroes.juntadeandalucia.es\/ceperretamar\/files\/2023\/03\/IMG_20230322_123927-48x36.jpg 48w\" sizes=\"(max-width: 1024px) 100vw, 1024px\" \/><\/a>\n\t\t\t<\/dt><\/dl><br style=\"clear: both\" \/><dl class='gallery-item'>\n\t\t\t<dt class='gallery-icon landscape'>\n\t\t\t\t<a href='https:\/\/blogsaverroes.juntadeandalucia.es\/ceperretamar\/excursion-retamar-playa-de-las-amoladeras\/img_20230322_121959\/'><img loading=\"lazy\" decoding=\"async\" width=\"1024\" height=\"768\" src=\"https:\/\/blogsaverroes.juntadeandalucia.es\/ceperretamar\/files\/2023\/03\/IMG_20230322_121959-1024x768.jpg\" class=\"attachment-large size-large\" alt=\"\" srcset=\"https:\/\/blogsaverroes.juntadeandalucia.es\/ceperretamar\/files\/2023\/03\/IMG_20230322_121959-1024x768.jpg 1024w, https:\/\/blogsaverroes.juntadeandalucia.es\/ceperretamar\/files\/2023\/03\/IMG_20230322_121959-300x225.jpg 300w, https:\/\/blogsaverroes.juntadeandalucia.es\/ceperretamar\/files\/2023\/03\/IMG_20230322_121959-768x576.jpg 768w, https:\/\/blogsaverroes.juntadeandalucia.es\/ceperretamar\/files\/2023\/03\/IMG_20230322_121959-1536x1152.jpg 1536w, https:\/\/blogsaverroes.juntadeandalucia.es\/ceperretamar\/files\/2023\/03\/IMG_20230322_121959-2048x1536.jpg 2048w, https:\/\/blogsaverroes.juntadeandalucia.es\/ceperretamar\/files\/2023\/03\/IMG_20230322_121959-24x18.jpg 24w, https:\/\/blogsaverroes.juntadeandalucia.es\/ceperretamar\/files\/2023\/03\/IMG_20230322_121959-36x27.jpg 36w, https:\/\/blogsaverroes.juntadeandalucia.es\/ceperretamar\/files\/2023\/03\/IMG_20230322_121959-48x36.jpg 48w\" sizes=\"(max-width: 1024px) 100vw, 1024px\" \/><\/a>\n\t\t\t<\/dt><\/dl><dl class='gallery-item'>\n\t\t\t<dt class='gallery-icon landscape'>\n\t\t\t\t<a href='https:\/\/blogsaverroes.juntadeandalucia.es\/ceperretamar\/excursion-retamar-playa-de-las-amoladeras\/img_20230322_121950\/'><img loading=\"lazy\" decoding=\"async\" width=\"1024\" height=\"768\" src=\"https:\/\/blogsaverroes.juntadeandalucia.es\/ceperretamar\/files\/2023\/03\/IMG_20230322_121950-1024x768.jpg\" class=\"attachment-large size-large\" alt=\"\" srcset=\"https:\/\/blogsaverroes.juntadeandalucia.es\/ceperretamar\/files\/2023\/03\/IMG_20230322_121950-1024x768.jpg 1024w, https:\/\/blogsaverroes.juntadeandalucia.es\/ceperretamar\/files\/2023\/03\/IMG_20230322_121950-300x225.jpg 300w, https:\/\/blogsaverroes.juntadeandalucia.es\/ceperretamar\/files\/2023\/03\/IMG_20230322_121950-768x576.jpg 768w, https:\/\/blogsaverroes.juntadeandalucia.es\/ceperretamar\/files\/2023\/03\/IMG_20230322_121950-1536x1152.jpg 1536w, https:\/\/blogsaverroes.juntadeandalucia.es\/ceperretamar\/files\/2023\/03\/IMG_20230322_121950-2048x1536.jpg 2048w, https:\/\/blogsaverroes.juntadeandalucia.es\/ceperretamar\/files\/2023\/03\/IMG_20230322_121950-24x18.jpg 24w, https:\/\/blogsaverroes.juntadeandalucia.es\/ceperretamar\/files\/2023\/03\/IMG_20230322_121950-36x27.jpg 36w, https:\/\/blogsaverroes.juntadeandalucia.es\/ceperretamar\/files\/2023\/03\/IMG_20230322_121950-48x36.jpg 48w\" sizes=\"(max-width: 1024px) 100vw, 1024px\" \/><\/a>\n\t\t\t<\/dt><\/dl><br style=\"clear: both\" \/><dl class='gallery-item'>\n\t\t\t<dt class='gallery-icon landscape'>\n\t\t\t\t<a href='https:\/\/blogsaverroes.juntadeandalucia.es\/ceperretamar\/excursion-retamar-playa-de-las-amoladeras\/img_20230322_114935\/'><img loading=\"lazy\" decoding=\"async\" width=\"1024\" height=\"768\" src=\"https:\/\/blogsaverroes.juntadeandalucia.es\/ceperretamar\/files\/2023\/03\/IMG_20230322_114935-1024x768.jpg\" class=\"attachment-large size-large\" alt=\"\" srcset=\"https:\/\/blogsaverroes.juntadeandalucia.es\/ceperretamar\/files\/2023\/03\/IMG_20230322_114935-1024x768.jpg 1024w, https:\/\/blogsaverroes.juntadeandalucia.es\/ceperretamar\/files\/2023\/03\/IMG_20230322_114935-300x225.jpg 300w, https:\/\/blogsaverroes.juntadeandalucia.es\/ceperretamar\/files\/2023\/03\/IMG_20230322_114935-768x576.jpg 768w, https:\/\/blogsaverroes.juntadeandalucia.es\/ceperretamar\/files\/2023\/03\/IMG_20230322_114935-1536x1152.jpg 1536w, https:\/\/blogsaverroes.juntadeandalucia.es\/ceperretamar\/files\/2023\/03\/IMG_20230322_114935-2048x1536.jpg 2048w, https:\/\/blogsaverroes.juntadeandalucia.es\/ceperretamar\/files\/2023\/03\/IMG_20230322_114935-24x18.jpg 24w, https:\/\/blogsaverroes.juntadeandalucia.es\/ceperretamar\/files\/2023\/03\/IMG_20230322_114935-36x27.jpg 36w, https:\/\/blogsaverroes.juntadeandalucia.es\/ceperretamar\/files\/2023\/03\/IMG_20230322_114935-48x36.jpg 48w\" sizes=\"(max-width: 1024px) 100vw, 1024px\" \/><\/a>\n\t\t\t<\/dt><\/dl><dl class='gallery-item'>\n\t\t\t<dt class='gallery-icon landscape'>\n\t\t\t\t<a href='https:\/\/blogsaverroes.juntadeandalucia.es\/ceperretamar\/excursion-retamar-playa-de-las-amoladeras\/img_20230322_123852-2\/'><img loading=\"lazy\" decoding=\"async\" width=\"1024\" height=\"768\" src=\"https:\/\/blogsaverroes.juntadeandalucia.es\/ceperretamar\/files\/2023\/03\/IMG_20230322_123852-1-1024x768.jpg\" class=\"attachment-large size-large\" alt=\"\" srcset=\"https:\/\/blogsaverroes.juntadeandalucia.es\/ceperretamar\/files\/2023\/03\/IMG_20230322_123852-1-1024x768.jpg 1024w, https:\/\/blogsaverroes.juntadeandalucia.es\/ceperretamar\/files\/2023\/03\/IMG_20230322_123852-1-300x225.jpg 300w, https:\/\/blogsaverroes.juntadeandalucia.es\/ceperretamar\/files\/2023\/03\/IMG_20230322_123852-1-768x576.jpg 768w, https:\/\/blogsaverroes.juntadeandalucia.es\/ceperretamar\/files\/2023\/03\/IMG_20230322_123852-1-1536x1152.jpg 1536w, https:\/\/blogsaverroes.juntadeandalucia.es\/ceperretamar\/files\/2023\/03\/IMG_20230322_123852-1-2048x1536.jpg 2048w, https:\/\/blogsaverroes.juntadeandalucia.es\/ceperretamar\/files\/2023\/03\/IMG_20230322_123852-1-24x18.jpg 24w, https:\/\/blogsaverroes.juntadeandalucia.es\/ceperretamar\/files\/2023\/03\/IMG_20230322_123852-1-36x27.jpg 36w, https:\/\/blogsaverroes.juntadeandalucia.es\/ceperretamar\/files\/2023\/03\/IMG_20230322_123852-1-48x36.jpg 48w\" sizes=\"(max-width: 1024px) 100vw, 1024px\" \/><\/a>\n\t\t\t<\/dt><\/dl><br style=\"clear: both\" \/>\n\t\t<\/div>\n\n","protected":false},"excerpt":{"rendered":"<p>El pasado 22 de marzo parte del alumnado del CEPer Retamar adscrito al CIS Manuel P\u00e9rez Ortega realizamos una excursi\u00f3n a las inmediaciones del Parque Natural Cabo de Gata &#8211; N\u00edjar. Sobre las 09:00, catorce alumnos y cinco profesionales del&#46;&#46;&#46;<\/p>\n","protected":false},"author":13652,"featured_media":2935,"comment_status":"open","ping_status":"closed","sticky":false,"template":"","format":"standard","meta":{"ngg_post_thumbnail":0,"footnotes":""},"categories":[3],"tags":[],"aioseo_notices":[],"_links":{"self":[{"href":"https:\/\/blogsaverroes.juntadeandalucia.es\/ceperretamar\/wp-json\/wp\/v2\/posts\/2934"}],"collection":[{"href":"https:\/\/blogsaverroes.juntadeandalucia.es\/ceperretamar\/wp-json\/wp\/v2\/posts"}],"about":[{"href":"https:\/\/blogsaverroes.juntadeandalucia.es\/ceperretamar\/wp-json\/wp\/v2\/types\/post"}],"author":[{"embeddable":true,"href":"https:\/\/blogsaverroes.juntadeandalucia.es\/ceperretamar\/wp-json\/wp\/v2\/users\/13652"}],"replies":[{"embeddable":true,"href":"https:\/\/blogsaverroes.juntadeandalucia.es\/ceperretamar\/wp-json\/wp\/v2\/comments?post=2934"}],"version-history":[{"count":1,"href":"https:\/\/blogsaverroes.juntadeandalucia.es\/ceperretamar\/wp-json\/wp\/v2\/posts\/2934\/revisions"}],"predecessor-version":[{"id":2946,"href":"https:\/\/blogsaverroes.juntadeandalucia.es\/ceperretamar\/wp-json\/wp\/v2\/posts\/2934\/revisions\/2946"}],"wp:featuredmedia":[{"embeddable":true,"href":"https:\/\/blogsaverroes.juntadeandalucia.es\/ceperretamar\/wp-json\/wp\/v2\/media\/2935"}],"wp:attachment":[{"href":"https:\/\/blogsaverroes.juntadeandalucia.es\/ceperretamar\/wp-json\/wp\/v2\/media?parent=2934"}],"wp:term":[{"taxonomy":"category","embeddable":true,"href":"https:\/\/blogsaverroes.juntadeandalucia.es\/ceperretamar\/wp-json\/wp\/v2\/categories?post=2934"},{"taxonomy":"post_tag","embeddable":true,"href":"https:\/\/blogsaverroes.juntadeandalucia.es\/ceperretamar\/wp-json\/wp\/v2\/tags?post=2934"}],"curies":[{"name":"wp","href":"https:\/\/api.w.org\/{rel}","templated":true}]}}