{"id":2962,"date":"2023-04-19T16:22:21","date_gmt":"2023-04-19T15:22:21","guid":{"rendered":"https:\/\/blogsaverroes.juntadeandalucia.es\/ceperretamar\/?p=2962"},"modified":"2023-04-28T09:55:04","modified_gmt":"2023-04-28T08:55:04","slug":"proyecto-grecia-y-roma","status":"publish","type":"post","link":"https:\/\/blogsaverroes.juntadeandalucia.es\/ceperretamar\/proyecto-grecia-y-roma\/","title":{"rendered":"Proyecto: Grecia y Roma"},"content":{"rendered":"<p>&nbsp;<\/p>\n<p style=\"text-align: center\"><span style=\"font-size: 20pt\"><strong>PROYECTO<\/strong><\/span><\/p>\n<p style=\"text-align: center\"><span style=\"font-size: 14pt\"><strong>El mundo cl\u00e1sico : Grecia y Roma<\/strong><\/span><\/p>\n<p>&nbsp;<\/p>\n<p>Para comprender mejor el mundo actual, es necesario conocer cu\u00e1les han sido nuestras ra\u00edces. Griegos y Romanos forjaron a lo largo de los siglos una civilizaci\u00f3n asombrosa, que no se desvaneci\u00f3 en el transcurso de los a\u00f1os, sino que ha sido capaz de pervivir hasta nuestros d\u00edas. Sobre sus pilares hemos construido nuestra sociedad, nutri\u00e9ndonos de sus conocimientos e ideas, transform\u00e1ndolos y reflej\u00e1ndolos en numerosas manifestaciones culturales en el campo literario, art\u00edstico, filos\u00f3fico, cient\u00edfico y ling\u00fc\u00edstico.<\/p>\n<p>En el m\u00f3dulo 8 se ha realizado un proyecto educativo sobre la importancia de la cultura cl\u00e1sica en nuestra cultura.<\/p>\n<p>A continuaci\u00f3n podr\u00e1s disfrutar de una galer\u00eda de im\u00e1genes en la que se plasma el trabajo del los alumnos en este proyecto.<\/p>\nngg_shortcode_0_placeholder\n","protected":false},"excerpt":{"rendered":"<p>&nbsp; PROYECTO El mundo cl\u00e1sico : Grecia y Roma &nbsp; Para comprender mejor el mundo actual, es necesario conocer cu\u00e1les han sido nuestras ra\u00edces. Griegos y Romanos forjaron a lo largo de los siglos una civilizaci\u00f3n asombrosa, que no se&#46;&#46;&#46;<\/p>\n","protected":false},"author":13652,"featured_media":2968,"comment_status":"open","ping_status":"closed","sticky":false,"template":"","format":"standard","meta":{"ngg_post_thumbnail":0,"footnotes":""},"categories":[12,3],"tags":[],"aioseo_notices":[],"_links":{"self":[{"href":"https:\/\/blogsaverroes.juntadeandalucia.es\/ceperretamar\/wp-json\/wp\/v2\/posts\/2962"}],"collection":[{"href":"https:\/\/blogsaverroes.juntadeandalucia.es\/ceperretamar\/wp-json\/wp\/v2\/posts"}],"about":[{"href":"https:\/\/blogsaverroes.juntadeandalucia.es\/ceperretamar\/wp-json\/wp\/v2\/types\/post"}],"author":[{"embeddable":true,"href":"https:\/\/blogsaverroes.juntadeandalucia.es\/ceperretamar\/wp-json\/wp\/v2\/users\/13652"}],"replies":[{"embeddable":true,"href":"https:\/\/blogsaverroes.juntadeandalucia.es\/ceperretamar\/wp-json\/wp\/v2\/comments?post=2962"}],"version-history":[{"count":10,"href":"https:\/\/blogsaverroes.juntadeandalucia.es\/ceperretamar\/wp-json\/wp\/v2\/posts\/2962\/revisions"}],"predecessor-version":[{"id":3100,"href":"https:\/\/blogsaverroes.juntadeandalucia.es\/ceperretamar\/wp-json\/wp\/v2\/posts\/2962\/revisions\/3100"}],"wp:featuredmedia":[{"embeddable":true,"href":"https:\/\/blogsaverroes.juntadeandalucia.es\/ceperretamar\/wp-json\/wp\/v2\/media\/2968"}],"wp:attachment":[{"href":"https:\/\/blogsaverroes.juntadeandalucia.es\/ceperretamar\/wp-json\/wp\/v2\/media?parent=2962"}],"wp:term":[{"taxonomy":"category","embeddable":true,"href":"https:\/\/blogsaverroes.juntadeandalucia.es\/ceperretamar\/wp-json\/wp\/v2\/categories?post=2962"},{"taxonomy":"post_tag","embeddable":true,"href":"https:\/\/blogsaverroes.juntadeandalucia.es\/ceperretamar\/wp-json\/wp\/v2\/tags?post=2962"}],"curies":[{"name":"wp","href":"https:\/\/api.w.org\/{rel}","templated":true}]}}