{"id":3904,"date":"2025-01-09T17:46:48","date_gmt":"2025-01-09T16:46:48","guid":{"rendered":"https:\/\/blogsaverroes.juntadeandalucia.es\/ceperretamar\/?p=3904"},"modified":"2025-01-09T17:46:48","modified_gmt":"2025-01-09T16:46:48","slug":"excursion-almeria-historica","status":"publish","type":"post","link":"https:\/\/blogsaverroes.juntadeandalucia.es\/ceperretamar\/excursion-almeria-historica\/","title":{"rendered":"Excursi\u00f3n Almer\u00eda Hist\u00f3rica"},"content":{"rendered":"<p>&nbsp;<\/p>\n<p><span style=\"font-size: 18pt\">Excursi\u00f3n Almer\u00eda Hist\u00f3rica: Refugios Guerra Civil, Convento de las Puras, Casco Hist\u00f3rico y Cable Ingl\u00e9s.<\/span><\/p>\n<p>&nbsp;<\/p>\n<p>La estatua de Nicol\u00e1s Salmer\u00f3n en la plaza de nombre hom\u00f3nimo, fue el punto de partida a un d\u00eda especial en el que la cultura, las risas y el sol de esta bella ciudad, dieron cobijo a un batiburrillo de sensaciones que dio mucho de si. Comenzamos la visita en los refugios construidos en la guerra civil para albergar a mas de 35 mil personas durante los bombardeos que asolaron la ciudad. Con la inestimable ayuda de Francisco Verdegay (Paco) tuvimos el placer y suerte de poder saciar todas las&nbsp; dudas respecto a aquella infraestructura. Siguiendo la ruta de lugares con un encanto especial, tuvimos la oportunidad, gracias a la mediaci\u00f3n del p\u00e1rroco de prisi\u00f3n Manuel, de conversar con las monjas de clausura del convento de Las Puras. Una experiencia llena de similitudes ya que comparten rutinas con los alumnos que tuvieron la oportunidad de conocer el monasterio del siglo XVI. Para poner la guinda de un d\u00eda tan constructivo, que mejor que un paseo por el Cable Ingles, una estructura rehabilitada que era usada para descargar el mineral tra\u00eddo de las lejanas minas de Alquife. Una jornada en la que alumnos, maestros y el presidente de la Asociaci\u00f3n Amigos de La Alcazaba, pudimos disfrutar de los lugares con encanto que nos brinda esta ciudad.<\/p>\n<p><strong>Aqu\u00ed os dejamos unas reflexiones de un alumno y su salida al exterior despu\u00e9s de a\u00f1os privado de libertad.&nbsp; Leerla es un ejemplo de superaci\u00f3n.<\/strong><\/p>\n<p><u>EXCURSI\u00d3N A MI INTERIOR<\/u><\/p>\n<p>Hay d\u00edas que sabes que van a ser especiales porque tienen todos los ingredientes para ello, pero ni en los mejores planes, puedes llegar a imaginar que ser\u00e1n inolvidables. El simple hecho de salir de prisi\u00f3n ya es todo un acontecimiento festivo para nosotros. En mi caso, despu\u00e9s de tantos a\u00f1os, ten\u00eda algo de traum\u00e1tico, un miedo a ver truncada la rutina en la que me he cobijado para sentirme seguro. Quiz\u00e1s pueda sonaros raro, pero salir es igual de impactante que entrar. La comodidad de saber qui\u00e9n nos iba a acompa\u00f1ar en la excursi\u00f3n, calmaba esa incertidumbre asfixiante. Dos profesores del Ceper Retamar, Do\u00f1a Carmen y Don Francis, crearon un ambiente id\u00f3neo y amable para que nada fuera tormentoso. Don Juan, funcionario de vigilancia del m\u00f3dulo donde resido, se sumaba al grupo mostrando su lado m\u00e1s cercano y distendido. Horas antes, a las cinco de la ma\u00f1ana, mi cerebro y ojos decidieron que ya no se dorm\u00eda mas. El tiempo parec\u00eda resistirse a avanzar inexorablemente como es su cometido.<\/p>\n<p>&#8211; Pon la mano ah\u00ed.<\/p>\n<p>Huellamos para identificarnos y se abre la primera puerta, esta ya la hab\u00eda cruzado otras veces para salir de diligencias, ah\u00ed es donde te espera la polic\u00eda para engrilletarte y subirte al furg\u00f3n, esta vez no era as\u00ed. Primera puerta (Rejas) que no hab\u00eda cruzado nunca y las pulsaciones se disparan. Segunda puerta (Rejas) y entregan documentaci\u00f3n. Muchos han salido ya de permiso y saben la ruta a seguir, me pego a mi compa\u00f1ero Jose Antonio (primer: \u201cte quiero Jose\u201d del d\u00eda). Veo la puerta que esconde mi libertad. <strong>Gracias<\/strong> Mami, Tata, Nena (Hijas), Nelita, a todos los que hab\u00e9is estado a mi lado, a los que no, tambi\u00e9n, as\u00ed no os debo nada.<\/p>\n<p>\u00bfQu\u00e9 esperamos?<\/p>\n<ul>\n<li>Vamos Don Juan por dios, cu\u00e9ntaselo ma\u00f1ana.<\/li>\n<\/ul>\n<p>Se r\u00ede y se despide de su compa\u00f1ero que est\u00e1 en la garita. Afirma con la cabeza y ya puedo abrir. El aire es diferente, el sol brilla con un color que hac\u00eda tiempo no ve\u00eda, los p\u00e1jaros cantan con una bonita melod\u00eda. Me tiemblan las piernas, GRACIAS. No puedo evitarlo e hinco las rodillas al suelo y le doy mil besos, seguro que han escupido aqu\u00ed y han meado perros, pero que bien sabe ese adoquinado. Lo he conseguido, ma\u00f1ana el mundo puede acabar, pero hoy lo consegu\u00ed.<\/p>\n<p>Subimos al bus que lleg\u00f3 a los pocos minutos. Observo que por fin estoy a este lado del muro, miradas incr\u00e9dulas de gente que me reconoce, sonrisas furtivas, abrazos reales.<\/p>\n<p>-Hola buenos d\u00edas chicos, soy Fran.<\/p>\n<p>El chofer se presenta amable, con un inconfundible acento argentino. Charlamos mientras disfruto del tr\u00e1fico, quien lo dir\u00eda que un atasco sonara tan bien. Pregunto todo, \u00bfQu\u00e9 es ese edificio? \u00bfese barrio como se llama? \u00bflos coches no vuelan? Las matr\u00edculas ya van por la M. Las veces que sal\u00ed en el furg\u00f3n policial se hac\u00edan eternas y en cambio, en un pesta\u00f1eo, ya est\u00e1bamos aparcados en pleno centro. Nos bajamos del bus y la vida continua donde la dej\u00e9 aquel 21 de junio del 2018. La avenida rebosa de vida, se nos tiene que notar en la cara que somos \u201cguiris\u201d. Miro fijamente el escaparate con joyas diversas, cuando me doy cuenta me reflejo en el cristal y tengo la cara de uno que parece que va a atracar la joyer\u00eda, debo cambiar el chip. Nos paramos en una plaza con una estatua de Nicol\u00e1s Salmer\u00f3n. Disfruto del bullicio, aunque considero que es una ciudad poco ruidosa. Patinetes por todos lados y una sensaci\u00f3n de que conozco a todo el mundo. Llega Paco, el s\u00ed que se merece ser tambi\u00e9n un Don. Toda una eminencia en la historia de Almer\u00eda que nos va a hacer, de forma privilegiada, de gu\u00eda. Nos trae churros, del quiosco Amalia (no tengo ni idea, pero alguien lo menciona). Me deleito de esas deliciosas porras, le hecho la mano por encima a Nicol\u00e1s y olvido todo lo que he pasado para llegar hasta aqu\u00ed. \u00a1Qu\u00e9 bonito es vivir! Entramos al refugio y nos ponen un video con los testimonios de personas que vivieron los bombardeos, me emociona sus relatos, estoy m\u00e1s sensible de la cuenta. Voy asimilando lo que est\u00e1 ocurriendo, sonri\u00f3, presto atenci\u00f3n y me dejo llevar. Todos los compa\u00f1eros hacen que el clima sea relajado, curioseamos cada detalle, los dibujos de las paredes, \u201cComo en los calabozos\u201d pienso, Metros y metros de galer\u00eda escavada en 18 meses, la de sufrimiento y miedos que deben albergar esas piedras. Paco rebate un argumento que nos da el guiar: \u201cno hubo ning\u00fan refugio privado\u201d Ese es mi Paco, datos objetivos, sin sesgos pol\u00edticos.<\/p>\n<p>Continuamos por ese bunker que se ramifica en diversas estancias, lo que parece haber sido un hospital de pel\u00edcula de terror, una especie de cocina que nunca lo fue, unas escaleras que se pierden a\u00fan m\u00e1s abajo. Se escucha un ruido seco que sobresalta, parece que recrean las bombas que ca\u00edan en la superficie. Son los coches y peatones que pisan una chapa met\u00e1lica que cubre aquel hormiguero. Me imagino ah\u00ed con mis ni\u00f1as y se me estremece el cuerpo. El ser humano no aprende, han pasado decenas de a\u00f1os y seguimos en las mismas. Salimos a una plaza donde hay mucha juventud, la escuela de bellas artes tendr\u00e1 mucho que ver, me siento mayor al verlos y pensar: Cada uno que vaya como quiera, pero \u00bfesta gente que hace en pijama? La sociedad ha cambiado mucho, llevo mucho encerrado. Un compa\u00f1ero pregunta incr\u00e9dulo:<\/p>\n<p>&#8211; \u00bfD\u00f3nde vais todos en pijama?<\/p>\n<p>&#8211; Hoy es el d\u00eda (no s\u00e9 si mundial) del pijama y venimos todos as\u00ed.<\/p>\n<p>Pues menos mal que no es el de la colonoscopia porque no estoy preparado para tanta informaci\u00f3n. Pedimos permiso para entrar a una exposici\u00f3n que hay dentro, es un edificio precioso, con un patio interior monumental, leo sobre el General Torrijos y como lo enga\u00f1aron \u00bfcu\u00e1ndo me habr\u00eda fijado en eso de no ser por esta circunstancia? Tengo el firme prop\u00f3sito de disfrutar m\u00e1s de esos peque\u00f1os momentos que te regala la vida, no se puede vivir tan r\u00e1pido, al final te pierdes lo mejor. Callejeamos como unos turistas m\u00e1s disfrutando de lo que nos va contando Paco, ese hombre es Wikipedia con acento de Almer\u00eda. Rodeamos la catedral que parece un fuerte pirata, la risa de Do\u00f1a Carmen se escucha de fondo, nos gu\u00eda hacia d\u00f3nde vamos, que suerte de estar ah\u00ed, hace unos meses no podr\u00eda ni imaginar que esto sucediera. Si no se nos da la oportunidad, no podemos demostrar que nos la merecemos, un nudo gordiano en el que vagamos sin posibilidad de romper el maleficio.<\/p>\n<p>Llegamos al convento de Las Puras, vamos a tener la posibilidad de hablar con las monjas de clausura gracias a la mediaci\u00f3n del capell\u00e1n de la c\u00e1rcel, Manuel. Nos van a recibir y explicar en primera persona los entresijos de aquel mundo con una peque\u00f1a semejanza al nuestro, viven en celdas, m\u00e1s chicas que las nuestras, comunican una vez a la semana por cristales con el exterior y tienen horarios m\u00e1s estrictos que los de prisi\u00f3n. Pasamos dentro, aquello parece que se construy\u00f3 ayer y es del siglo diecis\u00e9is. El suelo brilla, la madera parece de estreno, hay un aroma a m\u00e1rmol fr\u00edo y el sonido del agua corriendo, cuantas horas de trabajo hay en todo. Nos reciben con una c\u00e1lida sonrisa las dos pur\u00edsimas, son personas que desprenden una luz y energ\u00eda que te hacen sentir en paz. Vivir apartado de esta sociedad por decisi\u00f3n propia, sin duda alguna, otorga una serenidad que se transmite sin tener que hablar. Le pregunto todas las dudas que se me apelotonan en la cabeza \u00bfQu\u00e9 te lleva a recluirte voluntariamente? La m\u00e1s joven lleva all\u00ed 19 de sus 37 a\u00f1os \u00bfC\u00f3mo pueden aguantar esas vidas tan austeras (a mis ojos)? Rezan cinco veces al d\u00eda, se levantan a las seis \u00bfpara qu\u00e9 tanto y tan temprano? La misma respuesta vale para casi todas las preguntas, \u201csent\u00ed la llamada y es lo que me hace feliz\u201d. Le digo a la abadesa que no soy creyente, pero que respeto mucho su elecci\u00f3n.<\/p>\n<p>&#8211; No te preocupes, que nosotras rogamos por ti, vive tu vida sin hacer da\u00f1o a nadie y haciendo todo el bien que puedas.<\/p>\n<p>&#8211; Llego un poco tarde para eso.<\/p>\n<p>&#8211; Nunca es tarde si lo haces con el coraz\u00f3n.<\/p>\n<p>Su mirada serena, calmada y placida es la que busca cualquiera cuando el miedo, la rabia y la desesperaci\u00f3n aparecen en nuestras vidas. Me recuerda a mi madre. No puedo evitar pensar si llevar\u00e1n algo debajo de los h\u00e1bitos, todos nos hacemos esa pregunta, pero no la expresamos. No es por nada sexual, si no por la curiosidad de hasta d\u00f3nde llega la desconexi\u00f3n del mundo exterior. Son cuatro las religiosas que all\u00ed moran y creo que este d\u00eda fue igual de especial para nosotros, que para ellas. Muchos tendr\u00edamos que haber conocido esa realidad mucho antes. Gracias por abrirnos vuestra casa.<\/p>\n<p>Se va acercando la hora de la comida y caminamos por el caso hist\u00f3rico, una \u00faltima parada en la plaza Campoamor. All\u00ed van las parejas a sellar su amor poniendo un candado con sus nombres y la fecha, supongo que del d\u00eda que estuvieron all\u00ed y aun cre\u00edan en el amor. Alguno no entendi\u00f3 bien el concepto y puso el antirrobo del coche, cada uno ama a su manera. Entre charla, risas y divagaciones, llegamos a la cafeter\u00eda donde vamos a comer, nos sentamos en una mesa con cubiertos, platos y servilleta, \u00a1ufffff que de tiempo! Con un hola y una sonrisa, nos recibe las camareras que nos cantan la carta. Quiero un plato de todo lo que tengas, pienso. Arroz con pulpo, medallones de cerdo con patatas y una porci\u00f3n de tarta de queso, que f\u00e1cil es acost\u00fambrate a lo bueno. Comida distendida, miro a mis compa\u00f1eros y todos sonre\u00edmos, cada cual a lo suyo, pero con la cara de felicidad. Comiendo, no puedo evitar acordarme de algunos compis que he dejado en el m\u00f3dulo, si me ha llegado a m\u00ed, les llegar\u00e1 a ellos. Nos sorprenden con una \u00faltima escapada, vamos al cable ingl\u00e9s y all\u00ed nos recoge el autob\u00fas de vuelta. \u00bfQui\u00e9n da m\u00e1s? La cosa se complica, Paco no recuerda que pagaba \u00e9l y los profes no llevan suficiente para abonar la cuenta, miradas incr\u00e9dulas, nerviosas. Las camareras r\u00eden, pero por otro motivo ahora, \u00bfpodemos estar a punto de ver el primer \u201csinpa\u201d penitenciario de la historia? Me acerco la barra y pregunto:<\/p>\n<p>&#8211; \u00bfPor qu\u00e9 Paco ha salido a correr calle abajo?<\/p>\n<p>Hay veces que me merezco estar preso, lo s\u00e9. Creo que todos pensamos: \u201cAl final acabamos en la c\u00e1rcel\u201d pero no llega la sangre al rio y Paco pega un tarjetazo. Ya tenemos tema de conversaci\u00f3n para d\u00edas (y bromas). Hay que admitir que ni en nuestros mejores planes, la cosa pod\u00eda haber salido mejor. Paseamos, disfruto de cada paso, los coches circulan, paran en el sem\u00e1foro, cruzamos la avenida, los pasajeros de un autob\u00fas nos mira, \u00bfsabr\u00e1n que venimos de El Acebuche? Supongo que esa sensaci\u00f3n es inevitable durante un tiempo. Por sorpresa se nos une otra de nuestras maestras, Do\u00f1a Carmen tambi\u00e9n, que se alegra mucho de que por fin podamos vernos en otra circunstancia que no sea la de los \u00faltimos a\u00f1os.<\/p>\n<p>Las vistas desde el cable ingles no son solo extraordinarias si miras al mar, atr\u00e1s dejas la ciudad y su alcazaba que aparece y desaparece entre los edificios,<\/p>\n<p>-Paco, \u00bfAlquife que es?<\/p>\n<p>Jose Antonio me dice en voz baja que es un pueblo de Granada, pero deja que nuestro gu\u00eda nos d\u00e9 una explicaci\u00f3n pormenorizada de las minas donde se extra\u00eda los minerales que ven\u00edan a descargar las vagonetas a aquella mole de hierro y madera. Los acantilados de Aguadulce se asoman entre las brumas del mar disimulando lo abrupto de la costa, al fondo, como una peque\u00f1a isla, Roquetas. Nos hacen una foto que inmortaliza aquel momento inolvidable, pero una c\u00e1mara jam\u00e1s podr\u00e1 captar las sensaciones y emociones que han recorrido mi cuerpo desde las 5 de la ma\u00f1ana que abr\u00ed los ojos. Como no pod\u00eda ser de otra manera, el d\u00eda acabo volviendo al Centro Penitenciario, aunque Fran \u201cel argentinito\u201d tuvo el detalle de tirar por el camino largo y ense\u00f1arnos como Almer\u00eda tiene una Universidad casi en las orillas de la playa. A pesar de que volver es duro, la experiencia ha sobrepasado con mucho mis expectativas. Nunca olvidare el d\u00eda que sal\u00ed de excursi\u00f3n y me encontr\u00e9 de nuevo conmigo. GRACIAS<\/p>\n<p>&nbsp;<\/p>\n","protected":false},"excerpt":{"rendered":"<p>&nbsp; Excursi\u00f3n Almer\u00eda Hist\u00f3rica: Refugios Guerra Civil, Convento de las Puras, Casco Hist\u00f3rico y Cable Ingl\u00e9s. &nbsp; La estatua de Nicol\u00e1s Salmer\u00f3n en la plaza de nombre hom\u00f3nimo, fue el punto de partida a un d\u00eda especial en el que&#46;&#46;&#46;<\/p>\n","protected":false},"author":13652,"featured_media":3905,"comment_status":"open","ping_status":"closed","sticky":false,"template":"","format":"standard","meta":{"ngg_post_thumbnail":0,"footnotes":""},"categories":[30,3],"tags":[],"aioseo_notices":[],"_links":{"self":[{"href":"https:\/\/blogsaverroes.juntadeandalucia.es\/ceperretamar\/wp-json\/wp\/v2\/posts\/3904"}],"collection":[{"href":"https:\/\/blogsaverroes.juntadeandalucia.es\/ceperretamar\/wp-json\/wp\/v2\/posts"}],"about":[{"href":"https:\/\/blogsaverroes.juntadeandalucia.es\/ceperretamar\/wp-json\/wp\/v2\/types\/post"}],"author":[{"embeddable":true,"href":"https:\/\/blogsaverroes.juntadeandalucia.es\/ceperretamar\/wp-json\/wp\/v2\/users\/13652"}],"replies":[{"embeddable":true,"href":"https:\/\/blogsaverroes.juntadeandalucia.es\/ceperretamar\/wp-json\/wp\/v2\/comments?post=3904"}],"version-history":[{"count":6,"href":"https:\/\/blogsaverroes.juntadeandalucia.es\/ceperretamar\/wp-json\/wp\/v2\/posts\/3904\/revisions"}],"predecessor-version":[{"id":3911,"href":"https:\/\/blogsaverroes.juntadeandalucia.es\/ceperretamar\/wp-json\/wp\/v2\/posts\/3904\/revisions\/3911"}],"wp:featuredmedia":[{"embeddable":true,"href":"https:\/\/blogsaverroes.juntadeandalucia.es\/ceperretamar\/wp-json\/wp\/v2\/media\/3905"}],"wp:attachment":[{"href":"https:\/\/blogsaverroes.juntadeandalucia.es\/ceperretamar\/wp-json\/wp\/v2\/media?parent=3904"}],"wp:term":[{"taxonomy":"category","embeddable":true,"href":"https:\/\/blogsaverroes.juntadeandalucia.es\/ceperretamar\/wp-json\/wp\/v2\/categories?post=3904"},{"taxonomy":"post_tag","embeddable":true,"href":"https:\/\/blogsaverroes.juntadeandalucia.es\/ceperretamar\/wp-json\/wp\/v2\/tags?post=3904"}],"curies":[{"name":"wp","href":"https:\/\/api.w.org\/{rel}","templated":true}]}}