{"id":5374,"date":"2023-01-23T19:36:29","date_gmt":"2023-01-23T19:36:29","guid":{"rendered":"https:\/\/blogsaverroes.juntadeandalucia.es\/cepersanmatias\/?p=5374"},"modified":"2023-01-23T19:36:29","modified_gmt":"2023-01-23T19:36:29","slug":"no-hay-camino-para-la-paz","status":"publish","type":"post","link":"https:\/\/blogsaverroes.juntadeandalucia.es\/cepersanmatias\/no-hay-camino-para-la-paz\/","title":{"rendered":"\u00abNo hay camino para la paz&#8230;\u00bb"},"content":{"rendered":"<p><strong><span style=\"color: #ff0000\">30 DE ENERO, D\u00cdA DE LA NO VIOLENCIA Y LA PAZ<\/span><\/strong><\/p>\n<p><strong><span style=\"color: #0000ff\"><a style=\"color: #0000ff\" title=\"D\u00eda de la Paz\" href=\"https:\/\/www.juntadeandalucia.es\/averroes\/centros-tic\/21003232\/helvia\/sitio\/index.cgi?wid_item=87&amp;wid_seccion=20\" target=\"_blank\" rel=\"noopener noreferrer\">\u00abNo hay camino para la paz, la paz es el camino\u00bb<\/a><\/span><\/strong><\/p>\n<p style=\"text-align: left\"><a title=\"D\u00eda de la Paz\" href=\"https:\/\/www.juntadeandalucia.es\/averroes\/centros-tic\/21003232\/helvia\/sitio\/index.cgi?wid_item=87&amp;wid_seccion=20\" target=\"_blank\" rel=\"noopener noreferrer\">Esta es quiz\u00e1 la frase m\u00e1s famosa de <strong>Mahatma Gandhi<\/strong>, la persona que nos ense\u00f1\u00f3 un nuevo paradigma de paz, y en su honor, cada 30 de enero se celebra el D\u00eda de la Paz. Pero si realmente analizamos su frase comprender\u00edamos que celebrar el D\u00eda de la Paz no es el camino que \u00e9l nos ense\u00f1\u00f3,&nbsp;<span style=\"color: #ff0000\"><strong>CADA D\u00cdA ES EL D\u00cdA DE LA PAZ<\/strong><\/span>. Nosotros somo la paz. Solo podemos tener paz si la sentimos en nuestro coraz\u00f3n.<\/a><\/p>\n<p><span style=\"color: #ff0000\"><strong>ACTIVIDADES<\/strong><\/span><\/p>\n<p>1.&nbsp;<a href=\"http:\/\/www.ayudaparamaestros.com\/2015\/01\/siete-colores-actividad-creativa-para.html\" target=\"_blank\" rel=\"noopener noreferrer\">Siete colores &#8211; Actividad creativa para el D\u00eda de la Paz<\/a>.<br \/>\n2.&nbsp;<a href=\"http:\/\/www.ayudaparamaestros.com\/2016\/11\/una-version-muy-especial-de-la-cancion.html\" target=\"_blank\" rel=\"noopener noreferrer\">Versi\u00f3n muy especial de la canci\u00f3n \u00abImagine\u00bb<\/a>.<br \/>\n3.&nbsp;<a href=\"http:\/\/www.ayudaparamaestros.com\/2015\/01\/la-isla-del-tesoro-juego-para-trabajar.html\" target=\"_blank\" rel=\"noopener noreferrer\">La isla del tesoro &#8211; Juego para trabajar la convivencia<\/a>.<br \/>\n4.&nbsp;<a href=\"http:\/\/www.ayudaparamaestros.com\/2016\/01\/10-recursos-para-reflexionar-sobre-la.html\" target=\"_blank\" rel=\"noopener noreferrer\">10 recursos para reflexionar sobre la paz en el aula<\/a>.<br \/>\n5.&nbsp;<a href=\"http:\/\/www.ayudaparamaestros.com\/2016\/01\/1001-materiales-enlaces-y-documentos.html\" target=\"_blank\" rel=\"noopener noreferrer\">1.001 materiales, documentos y enlaces para trabajar el D\u00eda de la Paz<\/a>.<br \/>\n6.&nbsp;<a href=\"http:\/\/www.ayudaparamaestros.com\/2016\/01\/actividades-para-celebrar-el-dia-de-la.html\" target=\"_blank\" rel=\"noopener noreferrer\">Actividades para celebrar el D\u00eda de la Paz en Infantil, Primaria y Secundaria<\/a>.<br \/>\n7.&nbsp;<a href=\"http:\/\/www.ayudaparamaestros.com\/2016\/06\/te-atreverias-preguntarte-quien-eres-en.html\" target=\"_blank\" rel=\"noopener noreferrer\">Un viaje por el ADN<\/a>.<br \/>\n8.&nbsp;<a href=\"http:\/\/www.ayudaparamaestros.com\/2016\/09\/dejando-huella-una-actividad-para.html\" target=\"_blank\" rel=\"noopener noreferrer\">Dejando huella<\/a>.<br \/>\n9.&nbsp;<a href=\"http:\/\/www.ayudaparamaestros.com\/2017\/10\/50-cortos-fantasticos-para-educar-en.html\" target=\"_blank\" rel=\"noopener noreferrer\">50 cortos fant\u00e1sticos para educar en valores<\/a>.<\/p>\n","protected":false},"excerpt":{"rendered":"<p>30 DE ENERO, D\u00cdA DE LA NO VIOLENCIA Y LA PAZ \u00abNo hay camino para la paz, la paz es el camino\u00bb Esta es quiz\u00e1 la frase m\u00e1s famosa de Mahatma Gandhi, la persona que nos ense\u00f1\u00f3 un nuevo paradigma de paz, y en su honor, cada 30 de enero se celebra el D\u00eda de &hellip; <\/p>\n<p><a class=\"more-link btn\" href=\"https:\/\/blogsaverroes.juntadeandalucia.es\/cepersanmatias\/no-hay-camino-para-la-paz\/\">Seguir leyendo<\/a><\/p>\n","protected":false},"author":4072,"featured_media":5375,"comment_status":"open","ping_status":"closed","sticky":false,"template":"","format":"standard","meta":{"ngg_post_thumbnail":0,"footnotes":""},"categories":[11909],"tags":[],"aioseo_notices":[],"_links":{"self":[{"href":"https:\/\/blogsaverroes.juntadeandalucia.es\/cepersanmatias\/wp-json\/wp\/v2\/posts\/5374"}],"collection":[{"href":"https:\/\/blogsaverroes.juntadeandalucia.es\/cepersanmatias\/wp-json\/wp\/v2\/posts"}],"about":[{"href":"https:\/\/blogsaverroes.juntadeandalucia.es\/cepersanmatias\/wp-json\/wp\/v2\/types\/post"}],"author":[{"embeddable":true,"href":"https:\/\/blogsaverroes.juntadeandalucia.es\/cepersanmatias\/wp-json\/wp\/v2\/users\/4072"}],"replies":[{"embeddable":true,"href":"https:\/\/blogsaverroes.juntadeandalucia.es\/cepersanmatias\/wp-json\/wp\/v2\/comments?post=5374"}],"version-history":[{"count":1,"href":"https:\/\/blogsaverroes.juntadeandalucia.es\/cepersanmatias\/wp-json\/wp\/v2\/posts\/5374\/revisions"}],"predecessor-version":[{"id":5376,"href":"https:\/\/blogsaverroes.juntadeandalucia.es\/cepersanmatias\/wp-json\/wp\/v2\/posts\/5374\/revisions\/5376"}],"wp:featuredmedia":[{"embeddable":true,"href":"https:\/\/blogsaverroes.juntadeandalucia.es\/cepersanmatias\/wp-json\/wp\/v2\/media\/5375"}],"wp:attachment":[{"href":"https:\/\/blogsaverroes.juntadeandalucia.es\/cepersanmatias\/wp-json\/wp\/v2\/media?parent=5374"}],"wp:term":[{"taxonomy":"category","embeddable":true,"href":"https:\/\/blogsaverroes.juntadeandalucia.es\/cepersanmatias\/wp-json\/wp\/v2\/categories?post=5374"},{"taxonomy":"post_tag","embeddable":true,"href":"https:\/\/blogsaverroes.juntadeandalucia.es\/cepersanmatias\/wp-json\/wp\/v2\/tags?post=5374"}],"curies":[{"name":"wp","href":"https:\/\/api.w.org\/{rel}","templated":true}]}}