{"id":5532,"date":"2023-08-14T08:59:17","date_gmt":"2023-08-14T08:59:17","guid":{"rendered":"https:\/\/blogsaverroes.juntadeandalucia.es\/cepersanmatias\/?p=5532"},"modified":"2023-10-07T09:06:43","modified_gmt":"2023-10-07T09:06:43","slug":"curso-de-capacitacion-digital","status":"publish","type":"post","link":"https:\/\/blogsaverroes.juntadeandalucia.es\/cepersanmatias\/curso-de-capacitacion-digital\/","title":{"rendered":"CURSO DE CAPACITACI\u00d3N DIGITAL"},"content":{"rendered":"<p>Durante el primer trimestre del pr\u00f3ximo curso se llevar\u00e1n a cabo en el centro, cursos de 30 horas, que promueven la adquisici\u00f3n de la Competencia Digital orientada a disminuir la brecha digital en la ciudadan\u00eda.<\/p>\n<p>Tiene como principales contenidos:<\/p>\n<ul>\n<li>Aprender a configurar un equipo inform\u00e1tico, aplicaciones y sus perif\u00e9ricos, etc.<\/li>\n<li>Gestionar herramientas de comunicaci\u00f3n como el correo electr\u00f3nico, videollamadas, redes sociales, compartir contenidos\u2026<\/li>\n<li>Solicitar citas m\u00e9dicas, etc.<\/li>\n<li>Proteger un equipo instalando antivirus, limitando accesos y protegiendo la privacidad.<\/li>\n<\/ul>\n<p>Est\u00e1 abierto a toda la poblaci\u00f3n adulta y adem\u00e1s del certificado de estudios cursados que emitir\u00e1 el centro se podr\u00e1 acceder al programa ACREDITA de la Consejer\u00eda de Desarrollo Educativo y Formaci\u00f3n Profesional y obtener una acreditaci\u00f3n oficial de la competencia profesional adquirida.<\/p>\n<p><em><strong>MATRICULACI\u00d3N EN SEPTIEMBRE. \u00a1 NO TE LO PIERDAS!<\/strong><\/em><\/p>\n<p><img loading=\"lazy\" decoding=\"async\" class=\"aligncenter size-full wp-image-5506\" src=\"https:\/\/blogsaverroes.juntadeandalucia.es\/cepersanmatias\/files\/2023\/06\/D\u00cdPTICO-1.jpg\" alt=\"\" width=\"852\" height=\"598\" srcset=\"https:\/\/blogsaverroes.juntadeandalucia.es\/cepersanmatias\/files\/2023\/06\/D\u00cdPTICO-1.jpg 852w, https:\/\/blogsaverroes.juntadeandalucia.es\/cepersanmatias\/files\/2023\/06\/D\u00cdPTICO-1-300x211.jpg 300w, https:\/\/blogsaverroes.juntadeandalucia.es\/cepersanmatias\/files\/2023\/06\/D\u00cdPTICO-1-768x539.jpg 768w, https:\/\/blogsaverroes.juntadeandalucia.es\/cepersanmatias\/files\/2023\/06\/D\u00cdPTICO-1-700x491.jpg 700w\" sizes=\"(max-width: 852px) 100vw, 852px\" \/><\/p>\n<p><img loading=\"lazy\" decoding=\"async\" class=\"aligncenter size-full wp-image-5505\" style=\"font-family: 'Open Sans', sans-serif;font-size: 15px;font-style: normal;font-weight: 400\" src=\"https:\/\/blogsaverroes.juntadeandalucia.es\/cepersanmatias\/files\/2023\/06\/D\u00cdPTICO-2.jpg\" alt=\"\" width=\"859\" height=\"600\" srcset=\"https:\/\/blogsaverroes.juntadeandalucia.es\/cepersanmatias\/files\/2023\/06\/D\u00cdPTICO-2.jpg 859w, https:\/\/blogsaverroes.juntadeandalucia.es\/cepersanmatias\/files\/2023\/06\/D\u00cdPTICO-2-300x210.jpg 300w, https:\/\/blogsaverroes.juntadeandalucia.es\/cepersanmatias\/files\/2023\/06\/D\u00cdPTICO-2-768x536.jpg 768w, https:\/\/blogsaverroes.juntadeandalucia.es\/cepersanmatias\/files\/2023\/06\/D\u00cdPTICO-2-700x489.jpg 700w\" sizes=\"(max-width: 859px) 100vw, 859px\" \/><\/p>\n","protected":false},"excerpt":{"rendered":"<p>Durante el primer trimestre del pr\u00f3ximo curso se llevar\u00e1n a cabo en el centro, cursos de 30 horas, que promueven la adquisici\u00f3n de la Competencia Digital orientada a disminuir la brecha digital en la ciudadan\u00eda. Tiene como principales contenidos: Aprender a configurar un equipo inform\u00e1tico, aplicaciones y sus perif\u00e9ricos, etc. Gestionar herramientas de comunicaci\u00f3n como &hellip; <\/p>\n<p><a class=\"more-link btn\" href=\"https:\/\/blogsaverroes.juntadeandalucia.es\/cepersanmatias\/curso-de-capacitacion-digital\/\">Seguir leyendo<\/a><\/p>\n","protected":false},"author":4072,"featured_media":5594,"comment_status":"open","ping_status":"closed","sticky":false,"template":"","format":"standard","meta":{"ngg_post_thumbnail":0,"footnotes":""},"categories":[11909],"tags":[],"aioseo_notices":[],"_links":{"self":[{"href":"https:\/\/blogsaverroes.juntadeandalucia.es\/cepersanmatias\/wp-json\/wp\/v2\/posts\/5532"}],"collection":[{"href":"https:\/\/blogsaverroes.juntadeandalucia.es\/cepersanmatias\/wp-json\/wp\/v2\/posts"}],"about":[{"href":"https:\/\/blogsaverroes.juntadeandalucia.es\/cepersanmatias\/wp-json\/wp\/v2\/types\/post"}],"author":[{"embeddable":true,"href":"https:\/\/blogsaverroes.juntadeandalucia.es\/cepersanmatias\/wp-json\/wp\/v2\/users\/4072"}],"replies":[{"embeddable":true,"href":"https:\/\/blogsaverroes.juntadeandalucia.es\/cepersanmatias\/wp-json\/wp\/v2\/comments?post=5532"}],"version-history":[{"count":1,"href":"https:\/\/blogsaverroes.juntadeandalucia.es\/cepersanmatias\/wp-json\/wp\/v2\/posts\/5532\/revisions"}],"predecessor-version":[{"id":5534,"href":"https:\/\/blogsaverroes.juntadeandalucia.es\/cepersanmatias\/wp-json\/wp\/v2\/posts\/5532\/revisions\/5534"}],"wp:featuredmedia":[{"embeddable":true,"href":"https:\/\/blogsaverroes.juntadeandalucia.es\/cepersanmatias\/wp-json\/wp\/v2\/media\/5594"}],"wp:attachment":[{"href":"https:\/\/blogsaverroes.juntadeandalucia.es\/cepersanmatias\/wp-json\/wp\/v2\/media?parent=5532"}],"wp:term":[{"taxonomy":"category","embeddable":true,"href":"https:\/\/blogsaverroes.juntadeandalucia.es\/cepersanmatias\/wp-json\/wp\/v2\/categories?post=5532"},{"taxonomy":"post_tag","embeddable":true,"href":"https:\/\/blogsaverroes.juntadeandalucia.es\/cepersanmatias\/wp-json\/wp\/v2\/tags?post=5532"}],"curies":[{"name":"wp","href":"https:\/\/api.w.org\/{rel}","templated":true}]}}