{"id":6357,"date":"2025-11-07T08:50:41","date_gmt":"2025-11-07T08:50:41","guid":{"rendered":"https:\/\/blogsaverroes.juntadeandalucia.es\/cepersanmatias\/?p=6357"},"modified":"2025-11-07T08:51:05","modified_gmt":"2025-11-07T08:51:05","slug":"2a-edicion-programa-empleo-joven","status":"publish","type":"post","link":"https:\/\/blogsaverroes.juntadeandalucia.es\/cepersanmatias\/2a-edicion-programa-empleo-joven\/","title":{"rendered":"2\u00aa EDICI\u00d3N PROGRAMA + EMPLEO JOVEN"},"content":{"rendered":"<p><img loading=\"lazy\" decoding=\"async\" class=\"aligncenter size-medium wp-image-6359\" src=\"https:\/\/blogsaverroes.juntadeandalucia.es\/cepersanmatias\/files\/2025\/11\/CARTEL-1-214x300.jpg\" alt=\"\" width=\"214\" height=\"300\" srcset=\"https:\/\/blogsaverroes.juntadeandalucia.es\/cepersanmatias\/files\/2025\/11\/CARTEL-1-214x300.jpg 214w, https:\/\/blogsaverroes.juntadeandalucia.es\/cepersanmatias\/files\/2025\/11\/CARTEL-1-555x776.jpg 555w, https:\/\/blogsaverroes.juntadeandalucia.es\/cepersanmatias\/files\/2025\/11\/CARTEL-1.jpg 604w\" sizes=\"(max-width: 214px) 100vw, 214px\" \/><\/p>\n<p><strong>&nbsp;Programa +Empleo Joven<\/strong>, una iniciativa de&nbsp;<strong>Fundaci\u00f3n \u00abla Caixa\u00bb<\/strong>, cofinanciada por el&nbsp;<strong>Fondo Social Europeo Plus (FSE+)<\/strong>, cuyo objetivo es mejorar la empleabilidad de j\u00f3venes con y sin discapacidad, en situaci\u00f3n de vulnerabilidad.<\/p>\n<p>A trav\u00e9s de este programa, ofrecemos un&nbsp;<strong>itinerario formativo gratuito y completo<\/strong>&nbsp;con una clara orientaci\u00f3n al empleo, dirigido a&nbsp;<strong>j\u00f3venes de entre 16 y 29 a\u00f1os<\/strong>&nbsp;que est\u00e9n inscritos\/as en el&nbsp;<strong>Sistema Nacional de Garant\u00eda Juvenil<\/strong>, y &nbsp;con un nivel formativo inferior a bachillerato o sin estudios.<\/p>\n<p><strong>&nbsp;\u00bfQu\u00e9 ofrecemos?<\/strong><\/p>\n<ul>\n<li><strong>Formaci\u00f3n acreditada<\/strong>&nbsp;(360 horas) en Almacenaje, Comercio y Atenci\u00f3n al Cliente:\n<ul>\n<li>MF1015_2: Operaciones de Almacenaje<\/li>\n<li>MF0239_2: Operaciones de Venta<\/li>\n<li>MF1002_2: Ingl\u00e9s profesional para actividades comerciales<\/li>\n<\/ul>\n<\/li>\n<li><strong>160 horas de pr\u00e1cticas no laborales en empresas reales<\/strong><\/li>\n<li><strong>Orientaci\u00f3n laboral individualizada<\/strong><\/li>\n<li><strong>Beca econ\u00f3mica de hasta 400 \u20ac<\/strong>&nbsp;por asistencia al itinerario completo<\/li>\n<li><strong>Acompa\u00f1amiento en el acceso al empleo<\/strong><\/li>\n<\/ul>\n<p><strong>&nbsp;Datos clave:<\/strong><\/p>\n<ul>\n<li><strong>Inicio del itinerario<\/strong>: 24 de noviembre de 2025<\/li>\n<li><strong>Plazo de inscripci\u00f3n<\/strong>: hasta el 13 de noviembre<\/li>\n<li><strong>Ubicaci\u00f3n<\/strong>: Granada<\/li>\n<li><strong>Horarios<\/strong>: grupo de ma\u00f1ana o tarde<\/li>\n<li><strong>Plazas limitadas<\/strong><\/li>\n<\/ul>\n<p>&nbsp;<strong><br \/>\n<\/strong><\/p>\n<p><strong><em>Coordinaci\u00f3n Programas de Empleo&nbsp;<br \/>\n<\/em><\/strong><\/p>\n<p><strong>ASPACE Granada &#8211; Aula Tercer Sector<\/strong><\/p>\n<p><b><a href=\"http:\/\/www.aspacegranada.org\/\" data-saferedirecturl=\"https:\/\/www.google.com\/url?q=http:\/\/www.aspacegranada.org\/&amp;source=gmail&amp;ust=1762590936411000&amp;usg=AOvVaw258M2UgGmM6ITI8uMPz1G1\">www.aspacegranada.org<\/a>&nbsp;&#8211;&nbsp;<a href=\"http:\/\/www.aulatercersector.com\/\" data-saferedirecturl=\"https:\/\/www.google.com\/url?q=http:\/\/www.aulatercersector.com\/&amp;source=gmail&amp;ust=1762590936411000&amp;usg=AOvVaw1m9T9U6HifbnTViuofgiim\">www.aulatercersector.com<\/a>&nbsp;<\/b><strong>&#8211;&nbsp;<\/strong>C\/Mercedes Gaibrois, 39.18008. Granada.<\/p>\n<p>Tlf: 958137696;&nbsp; M\u00f3vil 610345962<\/p>\n","protected":false},"excerpt":{"rendered":"<p>&nbsp;Programa +Empleo Joven, una iniciativa de&nbsp;Fundaci\u00f3n \u00abla Caixa\u00bb, cofinanciada por el&nbsp;Fondo Social Europeo Plus (FSE+), cuyo objetivo es mejorar la empleabilidad de j\u00f3venes con y sin discapacidad, en situaci\u00f3n de vulnerabilidad. A trav\u00e9s de este programa, ofrecemos un&nbsp;itinerario formativo gratuito y completo&nbsp;con una clara orientaci\u00f3n al empleo, dirigido a&nbsp;j\u00f3venes de entre 16 y 29 a\u00f1os&nbsp;que &hellip; <\/p>\n<p><a class=\"more-link btn\" href=\"https:\/\/blogsaverroes.juntadeandalucia.es\/cepersanmatias\/2a-edicion-programa-empleo-joven\/\">Seguir leyendo<\/a><\/p>\n","protected":false},"author":4072,"featured_media":6358,"comment_status":"open","ping_status":"closed","sticky":false,"template":"","format":"standard","meta":{"ngg_post_thumbnail":0,"footnotes":""},"categories":[11909],"tags":[],"aioseo_notices":[],"_links":{"self":[{"href":"https:\/\/blogsaverroes.juntadeandalucia.es\/cepersanmatias\/wp-json\/wp\/v2\/posts\/6357"}],"collection":[{"href":"https:\/\/blogsaverroes.juntadeandalucia.es\/cepersanmatias\/wp-json\/wp\/v2\/posts"}],"about":[{"href":"https:\/\/blogsaverroes.juntadeandalucia.es\/cepersanmatias\/wp-json\/wp\/v2\/types\/post"}],"author":[{"embeddable":true,"href":"https:\/\/blogsaverroes.juntadeandalucia.es\/cepersanmatias\/wp-json\/wp\/v2\/users\/4072"}],"replies":[{"embeddable":true,"href":"https:\/\/blogsaverroes.juntadeandalucia.es\/cepersanmatias\/wp-json\/wp\/v2\/comments?post=6357"}],"version-history":[{"count":2,"href":"https:\/\/blogsaverroes.juntadeandalucia.es\/cepersanmatias\/wp-json\/wp\/v2\/posts\/6357\/revisions"}],"predecessor-version":[{"id":6361,"href":"https:\/\/blogsaverroes.juntadeandalucia.es\/cepersanmatias\/wp-json\/wp\/v2\/posts\/6357\/revisions\/6361"}],"wp:featuredmedia":[{"embeddable":true,"href":"https:\/\/blogsaverroes.juntadeandalucia.es\/cepersanmatias\/wp-json\/wp\/v2\/media\/6358"}],"wp:attachment":[{"href":"https:\/\/blogsaverroes.juntadeandalucia.es\/cepersanmatias\/wp-json\/wp\/v2\/media?parent=6357"}],"wp:term":[{"taxonomy":"category","embeddable":true,"href":"https:\/\/blogsaverroes.juntadeandalucia.es\/cepersanmatias\/wp-json\/wp\/v2\/categories?post=6357"},{"taxonomy":"post_tag","embeddable":true,"href":"https:\/\/blogsaverroes.juntadeandalucia.es\/cepersanmatias\/wp-json\/wp\/v2\/tags?post=6357"}],"curies":[{"name":"wp","href":"https:\/\/api.w.org\/{rel}","templated":true}]}}