{"id":2597,"date":"2021-01-21T16:03:24","date_gmt":"2021-01-21T16:03:24","guid":{"rendered":"https:\/\/blogsaverroes.juntadeandalucia.es\/cepertrecerosas\/?p=2597"},"modified":"2021-03-13T12:04:57","modified_gmt":"2021-03-13T12:04:57","slug":"plan-de-secundaria","status":"publish","type":"post","link":"https:\/\/blogsaverroes.juntadeandalucia.es\/cepertrecerosas\/plan-de-secundaria\/2021\/21\/01\/planes\/","title":{"rendered":"Plan de Secundaria"},"content":{"rendered":"<p><a href=\"https:\/\/blogsaverroes.juntadeandalucia.es\/cepertrecerosas\/files\/2021\/01\/ESPA-scaled.jpg\"><img loading=\"lazy\" decoding=\"async\" class=\"size-medium wp-image-2789 aligncenter\" src=\"https:\/\/blogsaverroes.juntadeandalucia.es\/cepertrecerosas\/files\/2021\/01\/ESPA-300x144.jpg\" alt=\"\" width=\"300\" height=\"144\" srcset=\"https:\/\/blogsaverroes.juntadeandalucia.es\/cepertrecerosas\/files\/2021\/01\/ESPA-300x144.jpg 300w, https:\/\/blogsaverroes.juntadeandalucia.es\/cepertrecerosas\/files\/2021\/01\/ESPA-1024x492.jpg 1024w, https:\/\/blogsaverroes.juntadeandalucia.es\/cepertrecerosas\/files\/2021\/01\/ESPA-768x369.jpg 768w, https:\/\/blogsaverroes.juntadeandalucia.es\/cepertrecerosas\/files\/2021\/01\/ESPA-1536x737.jpg 1536w, https:\/\/blogsaverroes.juntadeandalucia.es\/cepertrecerosas\/files\/2021\/01\/ESPA-2048x983.jpg 2048w, https:\/\/blogsaverroes.juntadeandalucia.es\/cepertrecerosas\/files\/2021\/01\/ESPA-24x12.jpg 24w, https:\/\/blogsaverroes.juntadeandalucia.es\/cepertrecerosas\/files\/2021\/01\/ESPA-36x17.jpg 36w, https:\/\/blogsaverroes.juntadeandalucia.es\/cepertrecerosas\/files\/2021\/01\/ESPA-48x23.jpg 48w, https:\/\/blogsaverroes.juntadeandalucia.es\/cepertrecerosas\/files\/2021\/01\/ESPA-scaled.jpg 1600w\" sizes=\"(max-width: 300px) 100vw, 300px\" \/><\/a><\/p>\n<p>Este centro ofrece la posibilidad de cursar la Secundaria en la modalidad Semipresencial. Esto significa que el alumnado asiste a clase en este centro entre 13 y 15 horas semanales. El resto de la formaci\u00f3n se hace a trav\u00e9s de Internet con el profesorado del Instituto adscrito: IES La Granja.<br \/>\nAl optar por una modalidad que conlleva formaci\u00f3n on-line, es conveniente disponer de unas m\u00ednimas habilidades en nuevas tecnolog\u00edas: internet y procesador de textos&#8230;<\/p>\n","protected":false},"excerpt":{"rendered":"<p>Este centro ofrece la posibilidad de cursar la Secundaria en la modalidad Semipresencial. Esto significa que el alumnado asiste a clase en este centro&#46;&#46;&#46;<\/p>\n","protected":false},"author":11972,"featured_media":2789,"comment_status":"closed","ping_status":"open","sticky":false,"template":"","format":"standard","meta":{"ngg_post_thumbnail":0,"footnotes":""},"categories":[2351650],"tags":[],"aioseo_notices":[],"_links":{"self":[{"href":"https:\/\/blogsaverroes.juntadeandalucia.es\/cepertrecerosas\/wp-json\/wp\/v2\/posts\/2597"}],"collection":[{"href":"https:\/\/blogsaverroes.juntadeandalucia.es\/cepertrecerosas\/wp-json\/wp\/v2\/posts"}],"about":[{"href":"https:\/\/blogsaverroes.juntadeandalucia.es\/cepertrecerosas\/wp-json\/wp\/v2\/types\/post"}],"author":[{"embeddable":true,"href":"https:\/\/blogsaverroes.juntadeandalucia.es\/cepertrecerosas\/wp-json\/wp\/v2\/users\/11972"}],"replies":[{"embeddable":true,"href":"https:\/\/blogsaverroes.juntadeandalucia.es\/cepertrecerosas\/wp-json\/wp\/v2\/comments?post=2597"}],"version-history":[{"count":3,"href":"https:\/\/blogsaverroes.juntadeandalucia.es\/cepertrecerosas\/wp-json\/wp\/v2\/posts\/2597\/revisions"}],"predecessor-version":[{"id":2790,"href":"https:\/\/blogsaverroes.juntadeandalucia.es\/cepertrecerosas\/wp-json\/wp\/v2\/posts\/2597\/revisions\/2790"}],"wp:featuredmedia":[{"embeddable":true,"href":"https:\/\/blogsaverroes.juntadeandalucia.es\/cepertrecerosas\/wp-json\/wp\/v2\/media\/2789"}],"wp:attachment":[{"href":"https:\/\/blogsaverroes.juntadeandalucia.es\/cepertrecerosas\/wp-json\/wp\/v2\/media?parent=2597"}],"wp:term":[{"taxonomy":"category","embeddable":true,"href":"https:\/\/blogsaverroes.juntadeandalucia.es\/cepertrecerosas\/wp-json\/wp\/v2\/categories?post=2597"},{"taxonomy":"post_tag","embeddable":true,"href":"https:\/\/blogsaverroes.juntadeandalucia.es\/cepertrecerosas\/wp-json\/wp\/v2\/tags?post=2597"}],"curies":[{"name":"wp","href":"https:\/\/api.w.org\/{rel}","templated":true}]}}