{"id":4554,"date":"2024-02-20T12:16:36","date_gmt":"2024-02-20T12:16:36","guid":{"rendered":"https:\/\/blogsaverroes.juntadeandalucia.es\/cepertrecerosas\/?p=4554"},"modified":"2024-02-22T11:43:57","modified_gmt":"2024-02-22T11:43:57","slug":"movilidad-erasmus-con-alumnado-braga-dia-1","status":"publish","type":"post","link":"https:\/\/blogsaverroes.juntadeandalucia.es\/cepertrecerosas\/movilidad-erasmus-con-alumnado-braga-dia-1\/2024\/20\/02\/novedades\/","title":{"rendered":"Movilidad Erasmus con alumnado &#8211; Braga &#8211; D\u00eda 1"},"content":{"rendered":"<p>D\u00eda 1 Erasmus+ Braga<br \/>\n\ud83c\uddf5\ud83c\uddf9\ud83c\uddea\ud83c\uddf8\ud83c\uddea\ud83c\uddfa<\/p>\n<p>Hoy primera visita. Hemos visto el centro que tiene 5 edificios, acompa\u00f1ados del director Paulo. Pura energ\u00eda. Nos ha explicado como funciona este centro, los programas que tienen. C\u00f3mo buscan el apoyo de la uni\u00f3n europea, pero tambi\u00e9n las familias que tienen poder adquisitivo les hace propuestas de viajes para sus hijos. Tienen un 30% alumnado extranjero , con el que trabajan la lengua portuguesa. Tienen alumnado de integraci\u00f3n, hemos ido a aulas para invidentes&#8230; El alumnado aprenden primera lengua ingl\u00e9s y segunda franc\u00e9s y se est\u00e1n iniciando en el espa\u00f1ol. Las artes, m\u00fasica, danza&#8230;, inform\u00e1tica y lengua son \u00e1reas principales en su curr\u00edculum.<\/p>\nngg_shortcode_0_placeholder\n<p class=\"p1\">@cepdejerez<\/p>\n<p class=\"p1\">@erasmuscepjerez<\/p>\n<p class=\"p1\">@sepie_gob<\/p>\n<p class=\"p1\">@educaand<\/p>\n<p class=\"p1\">@dgtated<\/p>\n<p class=\"p1\">@erasmus_plus_projects<\/p>\n<p class=\"p1\">@cepervictoriaalba<\/p>\n<p class=\"p1\">@ceper13rosas<\/p>\n<p class=\"p1\">#erasmusplus<\/p>\n<p class=\"p1\">#erasmuslife @sepie_gob<\/p>\n<p class=\"p1\">#englishlanguage #eslteacher<\/p>\n<p class=\"p1\">#eslteaching<\/p>\n<p class=\"p1\">#escueladeadultos #esucacionpermanente #juntadeandalucia #ceper13rosas<\/p>\n","protected":false},"excerpt":{"rendered":"<p>D\u00eda 1 Erasmus+ Braga \ud83c\uddf5\ud83c\uddf9\ud83c\uddea\ud83c\uddf8\ud83c\uddea\ud83c\uddfa Hoy primera visita. Hemos visto el centro que tiene 5 edificios, acompa\u00f1ados del director Paulo. Pura energ\u00eda. Nos ha&#46;&#46;&#46;<\/p>\n","protected":false},"author":11972,"featured_media":4566,"comment_status":"closed","ping_status":"closed","sticky":false,"template":"","format":"standard","meta":{"ngg_post_thumbnail":0,"footnotes":""},"categories":[526],"tags":[],"aioseo_notices":[],"_links":{"self":[{"href":"https:\/\/blogsaverroes.juntadeandalucia.es\/cepertrecerosas\/wp-json\/wp\/v2\/posts\/4554"}],"collection":[{"href":"https:\/\/blogsaverroes.juntadeandalucia.es\/cepertrecerosas\/wp-json\/wp\/v2\/posts"}],"about":[{"href":"https:\/\/blogsaverroes.juntadeandalucia.es\/cepertrecerosas\/wp-json\/wp\/v2\/types\/post"}],"author":[{"embeddable":true,"href":"https:\/\/blogsaverroes.juntadeandalucia.es\/cepertrecerosas\/wp-json\/wp\/v2\/users\/11972"}],"replies":[{"embeddable":true,"href":"https:\/\/blogsaverroes.juntadeandalucia.es\/cepertrecerosas\/wp-json\/wp\/v2\/comments?post=4554"}],"version-history":[{"count":4,"href":"https:\/\/blogsaverroes.juntadeandalucia.es\/cepertrecerosas\/wp-json\/wp\/v2\/posts\/4554\/revisions"}],"predecessor-version":[{"id":4626,"href":"https:\/\/blogsaverroes.juntadeandalucia.es\/cepertrecerosas\/wp-json\/wp\/v2\/posts\/4554\/revisions\/4626"}],"wp:featuredmedia":[{"embeddable":true,"href":"https:\/\/blogsaverroes.juntadeandalucia.es\/cepertrecerosas\/wp-json\/wp\/v2\/media\/4566"}],"wp:attachment":[{"href":"https:\/\/blogsaverroes.juntadeandalucia.es\/cepertrecerosas\/wp-json\/wp\/v2\/media?parent=4554"}],"wp:term":[{"taxonomy":"category","embeddable":true,"href":"https:\/\/blogsaverroes.juntadeandalucia.es\/cepertrecerosas\/wp-json\/wp\/v2\/categories?post=4554"},{"taxonomy":"post_tag","embeddable":true,"href":"https:\/\/blogsaverroes.juntadeandalucia.es\/cepertrecerosas\/wp-json\/wp\/v2\/tags?post=4554"}],"curies":[{"name":"wp","href":"https:\/\/api.w.org\/{rel}","templated":true}]}}