{"id":4592,"date":"2024-02-22T11:29:27","date_gmt":"2024-02-22T11:29:27","guid":{"rendered":"https:\/\/blogsaverroes.juntadeandalucia.es\/cepertrecerosas\/?p=4592"},"modified":"2024-02-22T11:39:41","modified_gmt":"2024-02-22T11:39:41","slug":"movilidad-erasmus-con-alumnado-braga-dia-3","status":"publish","type":"post","link":"https:\/\/blogsaverroes.juntadeandalucia.es\/cepertrecerosas\/movilidad-erasmus-con-alumnado-braga-dia-3\/2024\/22\/02\/novedades\/","title":{"rendered":"Movilidad Erasmus con alumnado &#8211; Braga &#8211; D\u00eda 3"},"content":{"rendered":"<p>D\u00eda 3 Erasmus+ Braga<br \/>\n\ud83c\uddf5\ud83c\uddf9\ud83c\uddea\ud83c\uddf8\ud83c\uddea\ud83c\uddfa<\/p>\n<p>Comenzamos la jornada con Marcos, el t\u00e9cnico municipal del Centro Qualifica y Epifan\u00eda, consejera del ayuntamiento de Braga.<\/p>\n<p>Esta jornada nos ha brindado la oportunidad de conocernos, siguiendo una dinamica de grupo similar al proceso que establece el programa Qualifica: cada persona ha contado su trayectoria personal y laboral.<\/p>\n<p>Tambi\u00e9n alumnado y profesorado compart\u00edan sus vivencias sobre la Educaci\u00f3n Permanente (ense\u00f1anza de adultos) y especialmente en nuestros CEPER Trece Rosas y Victoria Alba, valorando con mucho cari\u00f1o la labor docente, adem\u00e1s de resaltar positivamente el trabajo social que estos centros realizan.<\/p>\n<p>Por la tarde, nuestras compa\u00f1eras Ascen y Marina en Job Shadowing, han asistido a una reuni\u00f3n en la que profesoras de distintos niveles y una psic\u00f3loga debat\u00edan como atender al alumnado con dificultades de aprendizaje, familiares o sociales.<\/p>\n<p>@cepdejerez<br \/>\n@erasmuscepjerez<br \/>\n@sepie_gob<br \/>\n@educaand<br \/>\n@dgtated<br \/>\n@erasmus_plus_projects<br \/>\n@cepervictoriaalba<br \/>\n@ceper13rosas<\/p>\nngg_shortcode_0_placeholder\n<p class=\"p1\">#erasmusplus<\/p>\n<p class=\"p1\">#erasmuslife @sepie_gob<\/p>\n<p class=\"p1\">#englishlanguage #eslteacher<\/p>\n<p class=\"p1\">#eslteaching<\/p>\n<p class=\"p1\">#escueladeadultos #esucacionpermanente #juntadeandalucia #ceper13rosas<\/p>\n<p>&nbsp;<\/p>\n","protected":false},"excerpt":{"rendered":"<p>D\u00eda 3 Erasmus+ Braga \ud83c\uddf5\ud83c\uddf9\ud83c\uddea\ud83c\uddf8\ud83c\uddea\ud83c\uddfa Comenzamos la jornada con Marcos, el t\u00e9cnico municipal del Centro Qualifica y Epifan\u00eda, consejera del ayuntamiento de Braga. Esta&#46;&#46;&#46;<\/p>\n","protected":false},"author":11972,"featured_media":4605,"comment_status":"closed","ping_status":"closed","sticky":false,"template":"","format":"standard","meta":{"ngg_post_thumbnail":0,"footnotes":""},"categories":[526],"tags":[],"aioseo_notices":[],"_links":{"self":[{"href":"https:\/\/blogsaverroes.juntadeandalucia.es\/cepertrecerosas\/wp-json\/wp\/v2\/posts\/4592"}],"collection":[{"href":"https:\/\/blogsaverroes.juntadeandalucia.es\/cepertrecerosas\/wp-json\/wp\/v2\/posts"}],"about":[{"href":"https:\/\/blogsaverroes.juntadeandalucia.es\/cepertrecerosas\/wp-json\/wp\/v2\/types\/post"}],"author":[{"embeddable":true,"href":"https:\/\/blogsaverroes.juntadeandalucia.es\/cepertrecerosas\/wp-json\/wp\/v2\/users\/11972"}],"replies":[{"embeddable":true,"href":"https:\/\/blogsaverroes.juntadeandalucia.es\/cepertrecerosas\/wp-json\/wp\/v2\/comments?post=4592"}],"version-history":[{"count":3,"href":"https:\/\/blogsaverroes.juntadeandalucia.es\/cepertrecerosas\/wp-json\/wp\/v2\/posts\/4592\/revisions"}],"predecessor-version":[{"id":4620,"href":"https:\/\/blogsaverroes.juntadeandalucia.es\/cepertrecerosas\/wp-json\/wp\/v2\/posts\/4592\/revisions\/4620"}],"wp:featuredmedia":[{"embeddable":true,"href":"https:\/\/blogsaverroes.juntadeandalucia.es\/cepertrecerosas\/wp-json\/wp\/v2\/media\/4605"}],"wp:attachment":[{"href":"https:\/\/blogsaverroes.juntadeandalucia.es\/cepertrecerosas\/wp-json\/wp\/v2\/media?parent=4592"}],"wp:term":[{"taxonomy":"category","embeddable":true,"href":"https:\/\/blogsaverroes.juntadeandalucia.es\/cepertrecerosas\/wp-json\/wp\/v2\/categories?post=4592"},{"taxonomy":"post_tag","embeddable":true,"href":"https:\/\/blogsaverroes.juntadeandalucia.es\/cepertrecerosas\/wp-json\/wp\/v2\/tags?post=4592"}],"curies":[{"name":"wp","href":"https:\/\/api.w.org\/{rel}","templated":true}]}}