{"id":1678,"date":"2024-05-14T11:11:28","date_gmt":"2024-05-14T09:11:28","guid":{"rendered":"https:\/\/blogsaverroes.juntadeandalucia.es\/cepguadix\/?p=1678"},"modified":"2025-05-19T16:35:45","modified_gmt":"2025-05-19T14:35:45","slug":"depende-de-los-dos","status":"publish","type":"post","link":"https:\/\/blogsaverroes.juntadeandalucia.es\/cepguadix\/2024\/05\/14\/depende-de-los-dos\/","title":{"rendered":"DEPENDE DE LOS DOS"},"content":{"rendered":"<table>\n<tbody>\n<tr>\n<td style=\"background-color: #edb159\"><em>Centro:<\/em><\/td>\n<td style=\"background-color: #edb159\"><span style=\"font-size: 14pt;color: #262424\"><strong>CEIP F\u00e9lix Rodr\u00edguez de la Fuente<\/strong><\/span><\/td>\n<\/tr>\n<tr>\n<td style=\"background-color: #cbcdcf\"><em>Localidad:<\/em><\/td>\n<td style=\"background-color: #cbcdcf\"><span style=\"font-size: 14pt\"><strong>Montillana<\/strong><\/span><\/td>\n<\/tr>\n<tr>\n<td style=\"background-color: #eff2f4\"><em>Etapa:<\/em><\/td>\n<td style=\"background-color: #eff2f4\"><span style=\"font-size: 14pt\"><strong>Infantil, Primaria y Primer ciclo ESO<\/strong><\/span><\/td>\n<\/tr>\n<\/tbody>\n<\/table>\n<hr \/>\n<p><span style=\"font-size: 14pt;color: #ff9900\"><strong>DESCRIPCI\u00d3N:<\/strong><\/span><\/p>\n<p>Para la celebraci\u00f3n del \u201cD\u00eda Internacional de la Mujer\u201d hemos realizado un v\u00eddeo de la canci\u00f3n \u201cDepende de los dos\u201d. Esta canci\u00f3n habla de la igualdad entre hombres y mujeres y se ha realizado de forma conjunta entre el alumnado y el profesorado del centro. Para su realizaci\u00f3n se repartieron las estrofas de la canci\u00f3n por niveles, para que cada tutor\u00eda grabase a su alumnado escenificando esa parte de la canci\u00f3n y el estribillo lo bailaron todos los alumnos\/as del centro juntos con la camiseta rosa del centro puesta. Uno de los estribillos lo hemos bailado los maestros\/as. Para finalizar la actividad nuestro coordinador TDE ha montado un v\u00eddeo que se ha compartido con toda la comunidad educativa a trav\u00e9s de las redes sociales del centro.<\/p>\n<p>&nbsp;<\/p>\n<p><span style=\"font-size: 14pt;color: #ff9900\"><strong>OBJETIVOS:<\/strong><\/span><\/p>\n<ul>\n<li>Fomentar la igualdad entre los hombres y las mujeres.<\/li>\n<li>Fomentar el trabajo colaborativo y cooperativo.<\/li>\n<li>Valorar la importancia de la igualdad entre hombres y mujeres en las actividades de la vida diaria.<\/li>\n<\/ul>\n<p><span style=\"font-size: 14pt;color: #ff9900\"><strong>METODOLOG\u00cdA:<\/strong><\/span><\/p>\n<p>La metodolog\u00eda que hemos llevado a cabo en esta actividad ha sido una metodolog\u00eda activa y participativa ya que han participado todos los alumnos\/as y los maestros\/as del centro. Adem\u00e1s se han grabado las diferentes partes del v\u00eddeo en diferentes lugares de la localidad haciendo part\u00edcipe al pueblo de Montillana en el producto final.<\/p>\n<p>&nbsp;<\/p>\n<p><span style=\"font-size: 14pt;color: #ff9900\"><strong>RESULTADOS OBTENIDOS:<\/strong><\/span><\/p>\n<ul>\n<li>El resultado es el v\u00eddeo en el que salimos todos bailando esta canci\u00f3n y que se realiz\u00f3 para conmemorar el \u201cD\u00eda Internacional de la Mujer\u201d en nuestro centro.<\/li>\n<\/ul>\n<p><span style=\"font-size: 14pt;color: #ff9900\"><strong>CONCLUSIONES:<\/strong><\/span><\/p>\n<p>La principal conclusi\u00f3n a la que hemos llegado tras la realizaci\u00f3n de esta actividad es que trabajando juntos y en equipo se pueden conseguir muchas cosas y realizar actividades en las que el alumnado y el profesorado participan y disfrutan con su realizaci\u00f3n. Adem\u00e1s tambi\u00e9n valoramos como muy positivo la importancia de trabajar en equipo de forma cooperativa con el objetivo de conseguir un objetivo com\u00fan.<\/p>\n<p><img loading=\"lazy\" decoding=\"async\" class=\"alignnone wp-image-1697\" src=\"https:\/\/blogsaverroes.juntadeandalucia.es\/cepguadix\/files\/2024\/05\/1715839388887-300x138.jpg\" alt=\"\" width=\"692\" height=\"318\" srcset=\"https:\/\/blogsaverroes.juntadeandalucia.es\/cepguadix\/files\/2024\/05\/1715839388887-300x138.jpg 300w, https:\/\/blogsaverroes.juntadeandalucia.es\/cepguadix\/files\/2024\/05\/1715839388887-768x354.jpg 768w, https:\/\/blogsaverroes.juntadeandalucia.es\/cepguadix\/files\/2024\/05\/1715839388887-1536x709.jpg 1536w, https:\/\/blogsaverroes.juntadeandalucia.es\/cepguadix\/files\/2024\/05\/1715839388887.jpg 1600w\" sizes=\"(max-width: 692px) 100vw, 692px\" \/><\/p>\n<p>&nbsp;<\/p>\n<p><img loading=\"lazy\" decoding=\"async\" class=\"alignnone wp-image-1694\" src=\"https:\/\/blogsaverroes.juntadeandalucia.es\/cepguadix\/files\/2024\/05\/1715839388859-300x138.jpg\" alt=\"\" width=\"691\" height=\"318\" srcset=\"https:\/\/blogsaverroes.juntadeandalucia.es\/cepguadix\/files\/2024\/05\/1715839388859-300x138.jpg 300w, https:\/\/blogsaverroes.juntadeandalucia.es\/cepguadix\/files\/2024\/05\/1715839388859-1024x473.jpg 1024w, https:\/\/blogsaverroes.juntadeandalucia.es\/cepguadix\/files\/2024\/05\/1715839388859-768x354.jpg 768w, https:\/\/blogsaverroes.juntadeandalucia.es\/cepguadix\/files\/2024\/05\/1715839388859-1536x709.jpg 1536w, https:\/\/blogsaverroes.juntadeandalucia.es\/cepguadix\/files\/2024\/05\/1715839388859.jpg 1600w\" sizes=\"(max-width: 691px) 100vw, 691px\" \/><\/p>\n<p>&nbsp;<\/p>\n<p><img loading=\"lazy\" decoding=\"async\" class=\"alignnone wp-image-1696\" src=\"https:\/\/blogsaverroes.juntadeandalucia.es\/cepguadix\/files\/2024\/05\/1715839388877-300x138.jpg\" alt=\"\" width=\"696\" height=\"320\" srcset=\"https:\/\/blogsaverroes.juntadeandalucia.es\/cepguadix\/files\/2024\/05\/1715839388877-300x138.jpg 300w, https:\/\/blogsaverroes.juntadeandalucia.es\/cepguadix\/files\/2024\/05\/1715839388877-1024x473.jpg 1024w, https:\/\/blogsaverroes.juntadeandalucia.es\/cepguadix\/files\/2024\/05\/1715839388877-768x354.jpg 768w, https:\/\/blogsaverroes.juntadeandalucia.es\/cepguadix\/files\/2024\/05\/1715839388877-1536x709.jpg 1536w, https:\/\/blogsaverroes.juntadeandalucia.es\/cepguadix\/files\/2024\/05\/1715839388877.jpg 1600w\" sizes=\"(max-width: 696px) 100vw, 696px\" \/><\/p>\n","protected":false},"excerpt":{"rendered":"<p>Centro: CEIP F\u00e9lix Rodr\u00edguez de la Fuente Localidad: Montillana Etapa: Infantil, Primaria y Primer ciclo ESO DESCRIPCI\u00d3N: Para la celebraci\u00f3n del \u201cD\u00eda Internacional de la&hellip;<\/p>\n","protected":false},"author":5139,"featured_media":2975,"comment_status":"closed","ping_status":"closed","sticky":false,"template":"","format":"standard","meta":{"ngg_post_thumbnail":0,"footnotes":""},"categories":[1338811,3987,1852,708,709,1338803],"tags":[],"aioseo_notices":[],"_links":{"self":[{"href":"https:\/\/blogsaverroes.juntadeandalucia.es\/cepguadix\/wp-json\/wp\/v2\/posts\/1678"}],"collection":[{"href":"https:\/\/blogsaverroes.juntadeandalucia.es\/cepguadix\/wp-json\/wp\/v2\/posts"}],"about":[{"href":"https:\/\/blogsaverroes.juntadeandalucia.es\/cepguadix\/wp-json\/wp\/v2\/types\/post"}],"author":[{"embeddable":true,"href":"https:\/\/blogsaverroes.juntadeandalucia.es\/cepguadix\/wp-json\/wp\/v2\/users\/5139"}],"replies":[{"embeddable":true,"href":"https:\/\/blogsaverroes.juntadeandalucia.es\/cepguadix\/wp-json\/wp\/v2\/comments?post=1678"}],"version-history":[{"count":5,"href":"https:\/\/blogsaverroes.juntadeandalucia.es\/cepguadix\/wp-json\/wp\/v2\/posts\/1678\/revisions"}],"predecessor-version":[{"id":2636,"href":"https:\/\/blogsaverroes.juntadeandalucia.es\/cepguadix\/wp-json\/wp\/v2\/posts\/1678\/revisions\/2636"}],"wp:featuredmedia":[{"embeddable":true,"href":"https:\/\/blogsaverroes.juntadeandalucia.es\/cepguadix\/wp-json\/wp\/v2\/media\/2975"}],"wp:attachment":[{"href":"https:\/\/blogsaverroes.juntadeandalucia.es\/cepguadix\/wp-json\/wp\/v2\/media?parent=1678"}],"wp:term":[{"taxonomy":"category","embeddable":true,"href":"https:\/\/blogsaverroes.juntadeandalucia.es\/cepguadix\/wp-json\/wp\/v2\/categories?post=1678"},{"taxonomy":"post_tag","embeddable":true,"href":"https:\/\/blogsaverroes.juntadeandalucia.es\/cepguadix\/wp-json\/wp\/v2\/tags?post=1678"}],"curies":[{"name":"wp","href":"https:\/\/api.w.org\/{rel}","templated":true}]}}