{"id":2291,"date":"2024-09-25T13:17:46","date_gmt":"2024-09-25T11:17:46","guid":{"rendered":"https:\/\/blogsaverroes.juntadeandalucia.es\/cepguadix\/?p=2291"},"modified":"2026-04-21T11:38:59","modified_gmt":"2026-04-21T09:38:59","slug":"erasmus-days","status":"publish","type":"post","link":"https:\/\/blogsaverroes.juntadeandalucia.es\/cepguadix\/2024\/09\/25\/erasmus-days\/","title":{"rendered":"ERASMUS DAYS"},"content":{"rendered":"<p>La Red Erasmus+ CEP Guadix va a celebrar los Erasmus Days con la preparaci\u00f3n de un v\u00eddeo conjunto y la organizaci\u00f3n de una videoconferencia que contar\u00e1 con el testimonio de antiguos participantes en proyectos europeos Erasmus+, y que se celebrar\u00e1 el pr\u00f3ximo 18 de octubre a las 12:00.<\/p>\n<p>Pod\u00e9is consultar el evento en <a href=\"https:\/\/www.erasmusdays.eu\/event\/cep-guadix\/\">https:\/\/www.erasmusdays.eu\/event\/cep-guadix\/<img loading=\"lazy\" decoding=\"async\" class=\"size-medium wp-image-2293 aligncenter\" src=\"https:\/\/blogsaverroes.juntadeandalucia.es\/cepguadix\/files\/2024\/09\/EN_erasmusdays_logo_color_with_date-300x130.jpg\" alt=\"\" width=\"300\" height=\"130\" srcset=\"https:\/\/blogsaverroes.juntadeandalucia.es\/cepguadix\/files\/2024\/09\/EN_erasmusdays_logo_color_with_date-300x130.jpg 300w, https:\/\/blogsaverroes.juntadeandalucia.es\/cepguadix\/files\/2024\/09\/EN_erasmusdays_logo_color_with_date-768x332.jpg 768w, https:\/\/blogsaverroes.juntadeandalucia.es\/cepguadix\/files\/2024\/09\/EN_erasmusdays_logo_color_with_date.jpg 852w\" sizes=\"(max-width: 300px) 100vw, 300px\" \/><\/a><\/p>\n","protected":false},"excerpt":{"rendered":"<p>La Red Erasmus+ CEP Guadix va a celebrar los Erasmus Days con la preparaci\u00f3n de un v\u00eddeo conjunto y la organizaci\u00f3n de una videoconferencia que&hellip;<\/p>\n","protected":false},"author":3236,"featured_media":1690,"comment_status":"closed","ping_status":"closed","sticky":false,"template":"","format":"standard","meta":{"ngg_post_thumbnail":0,"footnotes":""},"categories":[1338810,1338804],"tags":[],"aioseo_notices":[],"_links":{"self":[{"href":"https:\/\/blogsaverroes.juntadeandalucia.es\/cepguadix\/wp-json\/wp\/v2\/posts\/2291"}],"collection":[{"href":"https:\/\/blogsaverroes.juntadeandalucia.es\/cepguadix\/wp-json\/wp\/v2\/posts"}],"about":[{"href":"https:\/\/blogsaverroes.juntadeandalucia.es\/cepguadix\/wp-json\/wp\/v2\/types\/post"}],"author":[{"embeddable":true,"href":"https:\/\/blogsaverroes.juntadeandalucia.es\/cepguadix\/wp-json\/wp\/v2\/users\/3236"}],"replies":[{"embeddable":true,"href":"https:\/\/blogsaverroes.juntadeandalucia.es\/cepguadix\/wp-json\/wp\/v2\/comments?post=2291"}],"version-history":[{"count":3,"href":"https:\/\/blogsaverroes.juntadeandalucia.es\/cepguadix\/wp-json\/wp\/v2\/posts\/2291\/revisions"}],"predecessor-version":[{"id":2509,"href":"https:\/\/blogsaverroes.juntadeandalucia.es\/cepguadix\/wp-json\/wp\/v2\/posts\/2291\/revisions\/2509"}],"wp:featuredmedia":[{"embeddable":true,"href":"https:\/\/blogsaverroes.juntadeandalucia.es\/cepguadix\/wp-json\/wp\/v2\/media\/1690"}],"wp:attachment":[{"href":"https:\/\/blogsaverroes.juntadeandalucia.es\/cepguadix\/wp-json\/wp\/v2\/media?parent=2291"}],"wp:term":[{"taxonomy":"category","embeddable":true,"href":"https:\/\/blogsaverroes.juntadeandalucia.es\/cepguadix\/wp-json\/wp\/v2\/categories?post=2291"},{"taxonomy":"post_tag","embeddable":true,"href":"https:\/\/blogsaverroes.juntadeandalucia.es\/cepguadix\/wp-json\/wp\/v2\/tags?post=2291"}],"curies":[{"name":"wp","href":"https:\/\/api.w.org\/{rel}","templated":true}]}}