{"id":187,"date":"2021-06-21T09:40:26","date_gmt":"2021-06-21T09:40:26","guid":{"rendered":"https:\/\/blogsaverroes.juntadeandalucia.es\/ceplebrija\/?p=187"},"modified":"2022-04-07T09:50:25","modified_gmt":"2022-04-07T09:50:25","slug":"patios-visuales-ceip-nebrixa-lebrija","status":"publish","type":"post","link":"https:\/\/blogsaverroes.juntadeandalucia.es\/ceplebrija\/2021\/06\/21\/patios-visuales-ceip-nebrixa-lebrija\/","title":{"rendered":"PATIOS VISUALES &#8211; CEIP NEBRIXA (LEBRIJA)"},"content":{"rendered":"<p><img loading=\"lazy\" decoding=\"async\" class=\"alignleft wp-image-140 size-medium\" src=\"https:\/\/blogsaverroes.juntadeandalucia.es\/ceplebrija\/files\/2021\/06\/010-PATIOS-VISUALES-212x300.jpg\" alt=\"\" width=\"212\" height=\"300\" srcset=\"https:\/\/blogsaverroes.juntadeandalucia.es\/ceplebrija\/files\/2021\/06\/010-PATIOS-VISUALES-212x300.jpg 212w, https:\/\/blogsaverroes.juntadeandalucia.es\/ceplebrija\/files\/2021\/06\/010-PATIOS-VISUALES-724x1024.jpg 724w, https:\/\/blogsaverroes.juntadeandalucia.es\/ceplebrija\/files\/2021\/06\/010-PATIOS-VISUALES-106x150.jpg 106w, https:\/\/blogsaverroes.juntadeandalucia.es\/ceplebrija\/files\/2021\/06\/010-PATIOS-VISUALES-768x1086.jpg 768w, https:\/\/blogsaverroes.juntadeandalucia.es\/ceplebrija\/files\/2021\/06\/010-PATIOS-VISUALES-1086x1536.jpg 1086w, https:\/\/blogsaverroes.juntadeandalucia.es\/ceplebrija\/files\/2021\/06\/010-PATIOS-VISUALES.jpg 1414w\" sizes=\"(max-width: 212px) 100vw, 212px\" \/><\/p>\n<p>&nbsp;<\/p>\n<p class=\"_04xlpA direction-ltr align-justify para-style-heading2\"><span class=\"JsGRdQ\">Nos encontramos ante un centro en el que desde hace a\u00f1os se escolariza un n\u00famero relativamente alto de alumnos y alumnas con Trastorno del Espectro Autista, tanto en el aula espec\u00edfica como en las aulas ordinarias, con los cuales venimos utilizando herramientas visuales que, en general, dan buenos resultados en su proceso de ense\u00f1anza-aprendizaje&#8230;<\/span><\/p>\n<ul>\n<li><a href=\"https:\/\/www.canva.com\/design\/DAE8lNwuz4A\/6W50UJ2mBanEveUZOACNAA\/view?utm_content=DAE8lNwuz4A&amp;utm_campaign=designshare&amp;utm_medium=link&amp;utm_source=homepage_design_menu\" target=\"_blank\" rel=\"noopener noreferrer\">Ver en Canva<\/a><\/li>\n<li style=\"text-align: left\"><a href=\"https:\/\/drive.google.com\/file\/d\/1lS-Qtm5RKuPhIfpKdw6LksEBnJQ-OKuk\/view?usp=sharing\" target=\"_blank\" rel=\"noopener noreferrer\">Ver en PDF (para descargar)<\/a><\/li>\n<\/ul>\n","protected":false},"excerpt":{"rendered":"<p>&nbsp; Nos encontramos ante un centro en el que desde hace a\u00f1os se escolariza un n\u00famero relativamente alto de alumnos y alumnas con Trastorno del Espectro Autista, tanto en el aula espec\u00edfica como en&#46;&#46;&#46;<\/p>\n","protected":false},"author":11613,"featured_media":0,"comment_status":"closed","ping_status":"closed","sticky":false,"template":"","format":"standard","meta":{"ngg_post_thumbnail":0,"footnotes":""},"categories":[3,4],"tags":[17,26],"aioseo_notices":[],"_links":{"self":[{"href":"https:\/\/blogsaverroes.juntadeandalucia.es\/ceplebrija\/wp-json\/wp\/v2\/posts\/187"}],"collection":[{"href":"https:\/\/blogsaverroes.juntadeandalucia.es\/ceplebrija\/wp-json\/wp\/v2\/posts"}],"about":[{"href":"https:\/\/blogsaverroes.juntadeandalucia.es\/ceplebrija\/wp-json\/wp\/v2\/types\/post"}],"author":[{"embeddable":true,"href":"https:\/\/blogsaverroes.juntadeandalucia.es\/ceplebrija\/wp-json\/wp\/v2\/users\/11613"}],"replies":[{"embeddable":true,"href":"https:\/\/blogsaverroes.juntadeandalucia.es\/ceplebrija\/wp-json\/wp\/v2\/comments?post=187"}],"version-history":[{"count":3,"href":"https:\/\/blogsaverroes.juntadeandalucia.es\/ceplebrija\/wp-json\/wp\/v2\/posts\/187\/revisions"}],"predecessor-version":[{"id":324,"href":"https:\/\/blogsaverroes.juntadeandalucia.es\/ceplebrija\/wp-json\/wp\/v2\/posts\/187\/revisions\/324"}],"wp:attachment":[{"href":"https:\/\/blogsaverroes.juntadeandalucia.es\/ceplebrija\/wp-json\/wp\/v2\/media?parent=187"}],"wp:term":[{"taxonomy":"category","embeddable":true,"href":"https:\/\/blogsaverroes.juntadeandalucia.es\/ceplebrija\/wp-json\/wp\/v2\/categories?post=187"},{"taxonomy":"post_tag","embeddable":true,"href":"https:\/\/blogsaverroes.juntadeandalucia.es\/ceplebrija\/wp-json\/wp\/v2\/tags?post=187"}],"curies":[{"name":"wp","href":"https:\/\/api.w.org\/{rel}","templated":true}]}}