{"id":356,"date":"2022-06-12T16:01:05","date_gmt":"2022-06-12T16:01:05","guid":{"rendered":"https:\/\/blogsaverroes.juntadeandalucia.es\/ceplebrija\/?p=356"},"modified":"2022-06-12T16:02:08","modified_gmt":"2022-06-12T16:02:08","slug":"356","status":"publish","type":"post","link":"https:\/\/blogsaverroes.juntadeandalucia.es\/ceplebrija\/2022\/06\/12\/356\/","title":{"rendered":"CREACI\u00d3N DEL AULA DEL FUTURO &#8211; IES CIUDAD DE LAS CABEZAS (LAS CABEZAS DE SAN JUAN)"},"content":{"rendered":"<p><img loading=\"lazy\" decoding=\"async\" class=\"alignleft wp-image-357 size-medium\" src=\"https:\/\/blogsaverroes.juntadeandalucia.es\/ceplebrija\/files\/2022\/06\/030-CREACI\u00d3N-DEL-AULA-DEL-FUTURO-212x300.jpg\" alt=\"\" width=\"212\" height=\"300\" srcset=\"https:\/\/blogsaverroes.juntadeandalucia.es\/ceplebrija\/files\/2022\/06\/030-CREACI\u00d3N-DEL-AULA-DEL-FUTURO-212x300.jpg 212w, https:\/\/blogsaverroes.juntadeandalucia.es\/ceplebrija\/files\/2022\/06\/030-CREACI\u00d3N-DEL-AULA-DEL-FUTURO-724x1024.jpg 724w, https:\/\/blogsaverroes.juntadeandalucia.es\/ceplebrija\/files\/2022\/06\/030-CREACI\u00d3N-DEL-AULA-DEL-FUTURO-106x150.jpg 106w, https:\/\/blogsaverroes.juntadeandalucia.es\/ceplebrija\/files\/2022\/06\/030-CREACI\u00d3N-DEL-AULA-DEL-FUTURO-768x1086.jpg 768w, https:\/\/blogsaverroes.juntadeandalucia.es\/ceplebrija\/files\/2022\/06\/030-CREACI\u00d3N-DEL-AULA-DEL-FUTURO-1086x1536.jpg 1086w, https:\/\/blogsaverroes.juntadeandalucia.es\/ceplebrija\/files\/2022\/06\/030-CREACI\u00d3N-DEL-AULA-DEL-FUTURO.jpg 1414w\" sizes=\"(max-width: 212px) 100vw, 212px\" \/><\/p>\n<p>&nbsp;<\/p>\n<p class=\"_04xlpA direction-ltr align-justify para-style-body\"><span class=\"JsGRdQ\">La situaci\u00f3n socio-cultural-econ\u00f3mica del I.E.S Ciudad de las Cabezas es que se halla inmerso en un medio socio-econ\u00f3mico y cultural de nivel medio bajo.<\/span><\/p>\n<p class=\"_04xlpA direction-ltr align-justify para-style-body\"><span class=\"JsGRdQ\">El sector primario constituye la principal actividad econ\u00f3mica de los padres de nuestros alumnos, hall\u00e1ndose tambi\u00e9n un gran n\u00famero de ellos en situaci\u00f3n de desempleo. Por otra parte, el centro acoge a un gran n\u00famero de alumnos procedentes de Marismillas, localidad cercana que presenta graves deficiencias socioculturales&#8230;<\/span><\/p>\n<ul>\n<li><a href=\"https:\/\/www.canva.com\/design\/DAFDZzC-RYE\/Eyth9PFUYfcduFfaaySH6g\/view?utm_content=DAFDZzC-RYE&amp;utm_campaign=designshare&amp;utm_medium=link2&amp;utm_source=sharebutton\" target=\"_blank\" rel=\"noopener noreferrer\">Ver en Canva<\/a><\/li>\n<li style=\"text-align: left\"><a href=\"https:\/\/drive.google.com\/file\/d\/1_jsKgdZ1obFDsGItTLco0s96sSCDnIcL\/view?usp=sharing\">Ver en PDF (para descargar)<\/a><\/li>\n<\/ul>\n","protected":false},"excerpt":{"rendered":"<p>&nbsp; La situaci\u00f3n socio-cultural-econ\u00f3mica del I.E.S Ciudad de las Cabezas es que se halla inmerso en un medio socio-econ\u00f3mico y cultural de nivel medio bajo. El sector primario constituye la principal actividad econ\u00f3mica de&#46;&#46;&#46;<\/p>\n","protected":false},"author":11613,"featured_media":0,"comment_status":"closed","ping_status":"closed","sticky":false,"template":"","format":"standard","meta":{"ngg_post_thumbnail":0,"footnotes":""},"categories":[5],"tags":[33,32,24],"aioseo_notices":[],"_links":{"self":[{"href":"https:\/\/blogsaverroes.juntadeandalucia.es\/ceplebrija\/wp-json\/wp\/v2\/posts\/356"}],"collection":[{"href":"https:\/\/blogsaverroes.juntadeandalucia.es\/ceplebrija\/wp-json\/wp\/v2\/posts"}],"about":[{"href":"https:\/\/blogsaverroes.juntadeandalucia.es\/ceplebrija\/wp-json\/wp\/v2\/types\/post"}],"author":[{"embeddable":true,"href":"https:\/\/blogsaverroes.juntadeandalucia.es\/ceplebrija\/wp-json\/wp\/v2\/users\/11613"}],"replies":[{"embeddable":true,"href":"https:\/\/blogsaverroes.juntadeandalucia.es\/ceplebrija\/wp-json\/wp\/v2\/comments?post=356"}],"version-history":[{"count":2,"href":"https:\/\/blogsaverroes.juntadeandalucia.es\/ceplebrija\/wp-json\/wp\/v2\/posts\/356\/revisions"}],"predecessor-version":[{"id":359,"href":"https:\/\/blogsaverroes.juntadeandalucia.es\/ceplebrija\/wp-json\/wp\/v2\/posts\/356\/revisions\/359"}],"wp:attachment":[{"href":"https:\/\/blogsaverroes.juntadeandalucia.es\/ceplebrija\/wp-json\/wp\/v2\/media?parent=356"}],"wp:term":[{"taxonomy":"category","embeddable":true,"href":"https:\/\/blogsaverroes.juntadeandalucia.es\/ceplebrija\/wp-json\/wp\/v2\/categories?post=356"},{"taxonomy":"post_tag","embeddable":true,"href":"https:\/\/blogsaverroes.juntadeandalucia.es\/ceplebrija\/wp-json\/wp\/v2\/tags?post=356"}],"curies":[{"name":"wp","href":"https:\/\/api.w.org\/{rel}","templated":true}]}}