{"id":360,"date":"2022-06-15T12:14:35","date_gmt":"2022-06-15T12:14:35","guid":{"rendered":"https:\/\/blogsaverroes.juntadeandalucia.es\/ceplebrija\/?p=360"},"modified":"2022-06-15T12:15:00","modified_gmt":"2022-06-15T12:15:00","slug":"escuelas-visuales-ceip-blas-infante-lebrija","status":"publish","type":"post","link":"https:\/\/blogsaverroes.juntadeandalucia.es\/ceplebrija\/2022\/06\/15\/escuelas-visuales-ceip-blas-infante-lebrija\/","title":{"rendered":"ESCUELAS VISUALES &#8211; CEIP BLAS INFANTE (LEBRIJA)"},"content":{"rendered":"<p><img loading=\"lazy\" decoding=\"async\" class=\"alignleft wp-image-361 size-medium\" src=\"https:\/\/blogsaverroes.juntadeandalucia.es\/ceplebrija\/files\/2022\/06\/031-ESCUELAS-VISUALES-212x300.jpg\" alt=\"\" width=\"212\" height=\"300\" srcset=\"https:\/\/blogsaverroes.juntadeandalucia.es\/ceplebrija\/files\/2022\/06\/031-ESCUELAS-VISUALES-212x300.jpg 212w, https:\/\/blogsaverroes.juntadeandalucia.es\/ceplebrija\/files\/2022\/06\/031-ESCUELAS-VISUALES-724x1024.jpg 724w, https:\/\/blogsaverroes.juntadeandalucia.es\/ceplebrija\/files\/2022\/06\/031-ESCUELAS-VISUALES-106x150.jpg 106w, https:\/\/blogsaverroes.juntadeandalucia.es\/ceplebrija\/files\/2022\/06\/031-ESCUELAS-VISUALES-768x1086.jpg 768w, https:\/\/blogsaverroes.juntadeandalucia.es\/ceplebrija\/files\/2022\/06\/031-ESCUELAS-VISUALES-1086x1536.jpg 1086w, https:\/\/blogsaverroes.juntadeandalucia.es\/ceplebrija\/files\/2022\/06\/031-ESCUELAS-VISUALES.jpg 1414w\" sizes=\"(max-width: 212px) 100vw, 212px\" \/><\/p>\n<p>&nbsp;<\/p>\n<p class=\"_04xlpA direction-ltr align-justify para-style-body\"><span class=\"JsGRdQ\">Dadas las necesidades que se han observado, en nuestro alumnado con Trastorno del espectro Autista para un buen desenvolvimiento en el centro, as\u00ed como el beneficio que puede aportar al resto del alumnado que no presenta TEA, pero s\u00ed algunas dificultades de autonom\u00eda para el desarrollo de la jornada escolar, creemos conveniente adaptar nuestras instalaciones, con apoyos visuales, para facilitar la inclusi\u00f3n del alumnado TEA y del resto de alumnado&#8230;<\/span><\/p>\n<ul>\n<li><a href=\"https:\/\/www.canva.com\/design\/DAFDq03L6Eo\/wcIoPb8kEJTC5MN6pER4AQ\/view?utm_content=DAFDq03L6Eo&amp;utm_campaign=designshare&amp;utm_medium=link2&amp;utm_source=sharebutton\" target=\"_blank\" rel=\"noopener noreferrer\">Ver en Canva<\/a><\/li>\n<li style=\"text-align: left\"><a href=\"https:\/\/drive.google.com\/file\/d\/17PTzkoZAUjSea62a0G2YHkU_oynLhLN-\/view?usp=sharing\">Ver en PDF (para descargar)<\/a><\/li>\n<\/ul>\n","protected":false},"excerpt":{"rendered":"<p>&nbsp; Dadas las necesidades que se han observado, en nuestro alumnado con Trastorno del espectro Autista para un buen desenvolvimiento en el centro, as\u00ed como el beneficio que puede aportar al resto del alumnado&#46;&#46;&#46;<\/p>\n","protected":false},"author":11613,"featured_media":0,"comment_status":"closed","ping_status":"closed","sticky":false,"template":"","format":"standard","meta":{"ngg_post_thumbnail":0,"footnotes":""},"categories":[3,4],"tags":[17,26],"aioseo_notices":[],"_links":{"self":[{"href":"https:\/\/blogsaverroes.juntadeandalucia.es\/ceplebrija\/wp-json\/wp\/v2\/posts\/360"}],"collection":[{"href":"https:\/\/blogsaverroes.juntadeandalucia.es\/ceplebrija\/wp-json\/wp\/v2\/posts"}],"about":[{"href":"https:\/\/blogsaverroes.juntadeandalucia.es\/ceplebrija\/wp-json\/wp\/v2\/types\/post"}],"author":[{"embeddable":true,"href":"https:\/\/blogsaverroes.juntadeandalucia.es\/ceplebrija\/wp-json\/wp\/v2\/users\/11613"}],"replies":[{"embeddable":true,"href":"https:\/\/blogsaverroes.juntadeandalucia.es\/ceplebrija\/wp-json\/wp\/v2\/comments?post=360"}],"version-history":[{"count":1,"href":"https:\/\/blogsaverroes.juntadeandalucia.es\/ceplebrija\/wp-json\/wp\/v2\/posts\/360\/revisions"}],"predecessor-version":[{"id":362,"href":"https:\/\/blogsaverroes.juntadeandalucia.es\/ceplebrija\/wp-json\/wp\/v2\/posts\/360\/revisions\/362"}],"wp:attachment":[{"href":"https:\/\/blogsaverroes.juntadeandalucia.es\/ceplebrija\/wp-json\/wp\/v2\/media?parent=360"}],"wp:term":[{"taxonomy":"category","embeddable":true,"href":"https:\/\/blogsaverroes.juntadeandalucia.es\/ceplebrija\/wp-json\/wp\/v2\/categories?post=360"},{"taxonomy":"post_tag","embeddable":true,"href":"https:\/\/blogsaverroes.juntadeandalucia.es\/ceplebrija\/wp-json\/wp\/v2\/tags?post=360"}],"curies":[{"name":"wp","href":"https:\/\/api.w.org\/{rel}","templated":true}]}}