{"id":400,"date":"2022-07-01T09:08:51","date_gmt":"2022-07-01T09:08:51","guid":{"rendered":"https:\/\/blogsaverroes.juntadeandalucia.es\/ceplebrija\/?p=400"},"modified":"2022-07-01T09:09:51","modified_gmt":"2022-07-01T09:09:51","slug":"400","status":"publish","type":"post","link":"https:\/\/blogsaverroes.juntadeandalucia.es\/ceplebrija\/2022\/07\/01\/400\/","title":{"rendered":"EL PINAR RECICLA &#8211; CEIP EL PINAR (EL CUERVO DE SEVILLA)"},"content":{"rendered":"<p><img loading=\"lazy\" decoding=\"async\" class=\"alignleft wp-image-401 size-medium\" src=\"https:\/\/blogsaverroes.juntadeandalucia.es\/ceplebrija\/files\/2022\/07\/040-EL-PINAR-RECICLA-212x300.jpg\" alt=\"\" width=\"212\" height=\"300\" srcset=\"https:\/\/blogsaverroes.juntadeandalucia.es\/ceplebrija\/files\/2022\/07\/040-EL-PINAR-RECICLA-212x300.jpg 212w, https:\/\/blogsaverroes.juntadeandalucia.es\/ceplebrija\/files\/2022\/07\/040-EL-PINAR-RECICLA-724x1024.jpg 724w, https:\/\/blogsaverroes.juntadeandalucia.es\/ceplebrija\/files\/2022\/07\/040-EL-PINAR-RECICLA-106x150.jpg 106w, https:\/\/blogsaverroes.juntadeandalucia.es\/ceplebrija\/files\/2022\/07\/040-EL-PINAR-RECICLA-768x1086.jpg 768w, https:\/\/blogsaverroes.juntadeandalucia.es\/ceplebrija\/files\/2022\/07\/040-EL-PINAR-RECICLA-1086x1536.jpg 1086w, https:\/\/blogsaverroes.juntadeandalucia.es\/ceplebrija\/files\/2022\/07\/040-EL-PINAR-RECICLA.jpg 1414w\" sizes=\"(max-width: 212px) 100vw, 212px\" \/><\/p>\n<p>&nbsp;<\/p>\n<p class=\"_04xlpA direction-ltr align-justify para-style-body\"><span class=\"JsGRdQ\">El centro educativo participa en el Programa ALDEA con dos l\u00edneas de intervenci\u00f3n durante el presente curso: RECAPACICLA Y ECOHUERTO.<\/span><\/p>\n<p class=\"_04xlpA direction-ltr align-justify para-style-body\"><span class=\"JsGRdQ\">Con el objetivo de disminuir la carga de actividades, se decide en Claustro unificar el Programa ALDEA con la FFCC en ABP que se estaba desarrollando en nuestro colegio. Es por ello, que se aprueba, con la unanimidad de todo el claustro del centro, llevar a cabo un proyecto sobre el reciclaje, tomando como referencia la primera l\u00ednea de intervenci\u00f3n del programa ALDEA, RECAPACICLA, y utilizando el ABP como principal metodolog\u00eda&#8230;<\/span><\/p>\n<ul>\n<li><a href=\"https:\/\/www.canva.com\/design\/DAE8o2n69Pg\/d6SZ21lQz4NZyx5OFzGImw\/view?utm_content=DAE8o2n69Pg&amp;utm_campaign=designshare&amp;utm_medium=link2&amp;utm_source=sharebutton\" target=\"_blank\" rel=\"noopener noreferrer\">Ver en Canva<\/a><\/li>\n<li style=\"text-align: left\"><a href=\"https:\/\/drive.google.com\/file\/d\/1SRj1Ri9WeoNZvzuM6jcBFv_nntVoqTVx\/view?usp=sharing\">Ver en PDF (para descargar)<\/a><\/li>\n<\/ul>\n","protected":false},"excerpt":{"rendered":"<p>&nbsp; El centro educativo participa en el Programa ALDEA con dos l\u00edneas de intervenci\u00f3n durante el presente curso: RECAPACICLA Y ECOHUERTO. Con el objetivo de disminuir la carga de actividades, se decide en Claustro&#46;&#46;&#46;<\/p>\n","protected":false},"author":11613,"featured_media":0,"comment_status":"closed","ping_status":"closed","sticky":false,"template":"","format":"standard","meta":{"ngg_post_thumbnail":0,"footnotes":""},"categories":[3,4],"tags":[31],"aioseo_notices":[],"_links":{"self":[{"href":"https:\/\/blogsaverroes.juntadeandalucia.es\/ceplebrija\/wp-json\/wp\/v2\/posts\/400"}],"collection":[{"href":"https:\/\/blogsaverroes.juntadeandalucia.es\/ceplebrija\/wp-json\/wp\/v2\/posts"}],"about":[{"href":"https:\/\/blogsaverroes.juntadeandalucia.es\/ceplebrija\/wp-json\/wp\/v2\/types\/post"}],"author":[{"embeddable":true,"href":"https:\/\/blogsaverroes.juntadeandalucia.es\/ceplebrija\/wp-json\/wp\/v2\/users\/11613"}],"replies":[{"embeddable":true,"href":"https:\/\/blogsaverroes.juntadeandalucia.es\/ceplebrija\/wp-json\/wp\/v2\/comments?post=400"}],"version-history":[{"count":2,"href":"https:\/\/blogsaverroes.juntadeandalucia.es\/ceplebrija\/wp-json\/wp\/v2\/posts\/400\/revisions"}],"predecessor-version":[{"id":403,"href":"https:\/\/blogsaverroes.juntadeandalucia.es\/ceplebrija\/wp-json\/wp\/v2\/posts\/400\/revisions\/403"}],"wp:attachment":[{"href":"https:\/\/blogsaverroes.juntadeandalucia.es\/ceplebrija\/wp-json\/wp\/v2\/media?parent=400"}],"wp:term":[{"taxonomy":"category","embeddable":true,"href":"https:\/\/blogsaverroes.juntadeandalucia.es\/ceplebrija\/wp-json\/wp\/v2\/categories?post=400"},{"taxonomy":"post_tag","embeddable":true,"href":"https:\/\/blogsaverroes.juntadeandalucia.es\/ceplebrija\/wp-json\/wp\/v2\/tags?post=400"}],"curies":[{"name":"wp","href":"https:\/\/api.w.org\/{rel}","templated":true}]}}