{"id":1926,"date":"2025-03-19T17:04:38","date_gmt":"2025-03-19T16:04:38","guid":{"rendered":"https:\/\/blogsaverroes.juntadeandalucia.es\/cepr-san-jose\/?p=1926"},"modified":"2025-03-24T17:10:17","modified_gmt":"2025-03-24T16:10:17","slug":"1926-2","status":"publish","type":"post","link":"https:\/\/blogsaverroes.juntadeandalucia.es\/cepr-san-jose\/1926-2\/","title":{"rendered":"\u00a1\u00a1 Feliz Santo !! D\u00eda de San Jos\u00e9"},"content":{"rendered":"<div class=\"xdj266r x11i5rnm xat24cr x1mh8g0r x1vvkbs x126k92a\">\n<div dir=\"auto\"><span style=\"color: #000000;font-size: 18pt;font-family: tahoma, arial, helvetica, sans-serif\">Desde el \u00e1rea de religi\u00f3n la se\u00f1o Encarna ha realizado una programaci\u00f3n especial por San Jos\u00e9 <span class=\"html-span xexx8yu x4uap5 x18d9i69 xkhd6sd x1hl2dhg x16tdsg8 x1vvkbs x3nfvp2 x1j61x8r x1fcty0u xdj266r xat24cr xgzva0m xhhsvwb xxymvpz xlup9mm x1kky2od\"><img loading=\"lazy\" decoding=\"async\" class=\"xz74otr x168nmei x13lgxp2 x5pf9jr xo71vjh\" src=\"https:\/\/static.xx.fbcdn.net\/images\/emoji.php\/v9\/tf4\/2\/16\/1f607.png\" alt=\"\ud83d\ude07\" width=\"16\" height=\"16\"><\/span>y hemos tenido la visita de Don Jorge, p\u00e1rroco de la localidad. <span class=\"html-span xexx8yu x4uap5 x18d9i69 xkhd6sd x1hl2dhg x16tdsg8 x1vvkbs x3nfvp2 x1j61x8r x1fcty0u xdj266r xat24cr xgzva0m xhhsvwb xxymvpz xlup9mm x1kky2od\"><img loading=\"lazy\" decoding=\"async\" class=\"xz74otr x168nmei x13lgxp2 x5pf9jr xo71vjh\" src=\"https:\/\/static.xx.fbcdn.net\/images\/emoji.php\/v9\/t8a\/2\/16\/26ea.png\" alt=\"\u26ea\ufe0f\" width=\"16\" height=\"16\"><\/span><span class=\"html-span xexx8yu x4uap5 x18d9i69 xkhd6sd x1hl2dhg x16tdsg8 x1vvkbs x3nfvp2 x1j61x8r x1fcty0u xdj266r xat24cr xgzva0m xhhsvwb xxymvpz xlup9mm x1kky2od\"><img loading=\"lazy\" decoding=\"async\" class=\"xz74otr x168nmei x13lgxp2 x5pf9jr xo71vjh\" src=\"https:\/\/static.xx.fbcdn.net\/images\/emoji.php\/v9\/tcf\/2\/16\/1f514.png\" alt=\"\ud83d\udd14\" width=\"16\" height=\"16\"><\/span><\/span><\/div>\n<div dir=\"auto\">&nbsp;<\/div>\n<div dir=\"auto\"><span style=\"color: #000000;font-size: 18pt;font-family: tahoma, arial, helvetica, sans-serif\">El alumnado ha conocido que San Jos\u00e9 es el Patr\u00f3n de la Iglesia, Patr\u00f3n de Prado del Rey<span class=\"html-span xexx8yu x4uap5 x18d9i69 xkhd6sd x1hl2dhg x16tdsg8 x1vvkbs x3nfvp2 x1j61x8r x1fcty0u xdj266r xat24cr xgzva0m xhhsvwb xxymvpz xlup9mm x1kky2od\"><img loading=\"lazy\" decoding=\"async\" class=\"xz74otr x168nmei x13lgxp2 x5pf9jr xo71vjh\" src=\"https:\/\/static.xx.fbcdn.net\/images\/emoji.php\/v9\/t95\/2\/16\/1f3e0.png\" alt=\"\ud83c\udfe0\" width=\"16\" height=\"16\"><\/span> , Patr\u00f3n de los carpinteros<span class=\"html-span xexx8yu x4uap5 x18d9i69 xkhd6sd x1hl2dhg x16tdsg8 x1vvkbs x3nfvp2 x1j61x8r x1fcty0u xdj266r xat24cr xgzva0m xhhsvwb xxymvpz xlup9mm x1kky2od\"><img loading=\"lazy\" decoding=\"async\" class=\"xz74otr x168nmei x13lgxp2 x5pf9jr xo71vjh\" src=\"https:\/\/static.xx.fbcdn.net\/images\/emoji.php\/v9\/ta0\/2\/16\/1fa9a.png\" alt=\"\ud83e\ude9a\" width=\"16\" height=\"16\"><\/span><span class=\"html-span xexx8yu x4uap5 x18d9i69 xkhd6sd x1hl2dhg x16tdsg8 x1vvkbs x3nfvp2 x1j61x8r x1fcty0u xdj266r xat24cr xgzva0m xhhsvwb xxymvpz xlup9mm x1kky2od\"><img loading=\"lazy\" decoding=\"async\" class=\"xz74otr x168nmei x13lgxp2 x5pf9jr xo71vjh\" src=\"https:\/\/static.xx.fbcdn.net\/images\/emoji.php\/v9\/t72\/2\/16\/1f528.png\" alt=\"\ud83d\udd28\" width=\"16\" height=\"16\"><\/span>, de los seminaristas y Padre adoptivo de Jes\u00fas. Han visto un v\u00eddeo <span class=\"html-span xexx8yu x4uap5 x18d9i69 xkhd6sd x1hl2dhg x16tdsg8 x1vvkbs x3nfvp2 x1j61x8r x1fcty0u xdj266r xat24cr xgzva0m xhhsvwb xxymvpz xlup9mm x1kky2od\"><img loading=\"lazy\" decoding=\"async\" class=\"xz74otr x168nmei x13lgxp2 x5pf9jr xo71vjh\" src=\"https:\/\/static.xx.fbcdn.net\/images\/emoji.php\/v9\/tfe\/2\/16\/1f4f9.png\" alt=\"\ud83d\udcf9\" width=\"16\" height=\"16\"><\/span> de San Jos\u00e9, elaborado por Don Jorge y Don Diego., adem\u00e1s se ha trabajado la expresi\u00f3n oral y preguntas sobre el v\u00eddeo y lo expuesto por Don Jorge. Han escrito lo que m\u00e1s les ha gustado, lo han le\u00eddo en la clase y han coloreado el dibujo de San Jos\u00e9.<\/span><\/div>\n<\/div>\n<div class=\"x11i5rnm xat24cr x1mh8g0r x1vvkbs xtlvy1s x126k92a\">\n<div dir=\"auto\"><span style=\"color: #000000;font-size: 18pt;font-family: tahoma, arial, helvetica, sans-serif\">Nuestro cole lleva el nombre de San Jos\u00e9<\/span><\/div>\n<div dir=\"auto\"><span style=\"color: #000000;font-size: 18pt;font-family: tahoma, arial, helvetica, sans-serif\">en honor a \u00c9l. <span class=\"html-span xexx8yu x4uap5 x18d9i69 xkhd6sd x1hl2dhg x16tdsg8 x1vvkbs x3nfvp2 x1j61x8r x1fcty0u xdj266r xat24cr xgzva0m xhhsvwb xxymvpz xlup9mm x1kky2od\"><img loading=\"lazy\" decoding=\"async\" class=\"xz74otr x168nmei x13lgxp2 x5pf9jr xo71vjh\" src=\"https:\/\/static.xx.fbcdn.net\/images\/emoji.php\/v9\/ta1\/2\/16\/1f60d.png\" alt=\"\ud83d\ude0d\" width=\"16\" height=\"16\"><\/span><span class=\"html-span xexx8yu x4uap5 x18d9i69 xkhd6sd x1hl2dhg x16tdsg8 x1vvkbs x3nfvp2 x1j61x8r x1fcty0u xdj266r xat24cr xgzva0m xhhsvwb xxymvpz xlup9mm x1kky2od\"><img loading=\"lazy\" decoding=\"async\" class=\"xz74otr x168nmei x13lgxp2 x5pf9jr xo71vjh\" src=\"https:\/\/static.xx.fbcdn.net\/images\/emoji.php\/v9\/ta1\/2\/16\/1f60d.png\" alt=\"\ud83d\ude0d\" width=\"16\" height=\"16\"><\/span><\/span><\/div>\n<\/div>\n<div dir=\"auto\">&nbsp;<\/div>\n<div dir=\"auto\">&nbsp;<\/div>\n<div dir=\"auto\"><img loading=\"lazy\" decoding=\"async\" class=\"alignnone size-medium wp-image-1930\" src=\"https:\/\/blogsaverroes.juntadeandalucia.es\/cepr-san-jose\/files\/2025\/03\/Dia-de-San-Jose-01-2025-300x225.jpeg\" alt=\"\" width=\"300\" height=\"225\"> <img loading=\"lazy\" decoding=\"async\" class=\"alignnone size-medium wp-image-1931\" src=\"https:\/\/blogsaverroes.juntadeandalucia.es\/cepr-san-jose\/files\/2025\/03\/Dia-de-San-Jose-02-2025-300x225.jpeg\" alt=\"\" width=\"300\" height=\"225\"> <img loading=\"lazy\" decoding=\"async\" class=\"alignnone size-medium wp-image-1932\" src=\"https:\/\/blogsaverroes.juntadeandalucia.es\/cepr-san-jose\/files\/2025\/03\/Dia-de-San-Jose-03-2025-300x225.jpeg\" alt=\"\" width=\"300\" height=\"225\"> <img loading=\"lazy\" decoding=\"async\" class=\"alignnone size-medium wp-image-1933\" src=\"https:\/\/blogsaverroes.juntadeandalucia.es\/cepr-san-jose\/files\/2025\/03\/Dia-de-San-Jose-04-2025-300x170.jpeg\" alt=\"\" width=\"300\" height=\"170\"> <img loading=\"lazy\" decoding=\"async\" class=\"alignnone size-medium wp-image-1934\" src=\"https:\/\/blogsaverroes.juntadeandalucia.es\/cepr-san-jose\/files\/2025\/03\/Dia-de-San-Jose-05-2025-300x225.jpeg\" alt=\"\" width=\"300\" height=\"225\"> <img loading=\"lazy\" decoding=\"async\" class=\"alignnone size-medium wp-image-1935\" src=\"https:\/\/blogsaverroes.juntadeandalucia.es\/cepr-san-jose\/files\/2025\/03\/Dia-de-San-Jose-06-2025-300x225.jpeg\" alt=\"\" width=\"300\" height=\"225\"> <img loading=\"lazy\" decoding=\"async\" class=\"alignnone size-medium wp-image-1936\" src=\"https:\/\/blogsaverroes.juntadeandalucia.es\/cepr-san-jose\/files\/2025\/03\/Dia-de-San-Jose-07-2025-300x225.jpeg\" alt=\"\" width=\"300\" height=\"225\"> <img loading=\"lazy\" decoding=\"async\" class=\"alignnone size-medium wp-image-1937\" src=\"https:\/\/blogsaverroes.juntadeandalucia.es\/cepr-san-jose\/files\/2025\/03\/Dia-de-San-Jose-08-2025-300x225.jpeg\" alt=\"\" width=\"300\" height=\"225\"><\/div>\n","protected":false},"excerpt":{"rendered":"<p>Desde el \u00e1rea de religi\u00f3n la se\u00f1o Encarna ha realizado una programaci\u00f3n especial por San Jos\u00e9 y hemos tenido la visita de Don Jorge, p\u00e1rroco de la localidad. &nbsp; El alumnado ha conocido que San Jos\u00e9 es el Patr\u00f3n de la Iglesia, Patr\u00f3n de Prado del Rey , Patr\u00f3n de los carpinteros, de los seminaristas [&hellip;]<\/p>\n","protected":false},"author":19601,"featured_media":1932,"comment_status":"closed","ping_status":"open","sticky":false,"template":"","format":"standard","meta":{"_et_pb_use_builder":"","_et_pb_old_content":"","_et_gb_content_width":"","ngg_post_thumbnail":0,"footnotes":""},"categories":[20,3],"tags":[25,128],"aioseo_notices":[],"_links":{"self":[{"href":"https:\/\/blogsaverroes.juntadeandalucia.es\/cepr-san-jose\/wp-json\/wp\/v2\/posts\/1926"}],"collection":[{"href":"https:\/\/blogsaverroes.juntadeandalucia.es\/cepr-san-jose\/wp-json\/wp\/v2\/posts"}],"about":[{"href":"https:\/\/blogsaverroes.juntadeandalucia.es\/cepr-san-jose\/wp-json\/wp\/v2\/types\/post"}],"author":[{"embeddable":true,"href":"https:\/\/blogsaverroes.juntadeandalucia.es\/cepr-san-jose\/wp-json\/wp\/v2\/users\/19601"}],"replies":[{"embeddable":true,"href":"https:\/\/blogsaverroes.juntadeandalucia.es\/cepr-san-jose\/wp-json\/wp\/v2\/comments?post=1926"}],"version-history":[{"count":4,"href":"https:\/\/blogsaverroes.juntadeandalucia.es\/cepr-san-jose\/wp-json\/wp\/v2\/posts\/1926\/revisions"}],"predecessor-version":[{"id":1938,"href":"https:\/\/blogsaverroes.juntadeandalucia.es\/cepr-san-jose\/wp-json\/wp\/v2\/posts\/1926\/revisions\/1938"}],"wp:featuredmedia":[{"embeddable":true,"href":"https:\/\/blogsaverroes.juntadeandalucia.es\/cepr-san-jose\/wp-json\/wp\/v2\/media\/1932"}],"wp:attachment":[{"href":"https:\/\/blogsaverroes.juntadeandalucia.es\/cepr-san-jose\/wp-json\/wp\/v2\/media?parent=1926"}],"wp:term":[{"taxonomy":"category","embeddable":true,"href":"https:\/\/blogsaverroes.juntadeandalucia.es\/cepr-san-jose\/wp-json\/wp\/v2\/categories?post=1926"},{"taxonomy":"post_tag","embeddable":true,"href":"https:\/\/blogsaverroes.juntadeandalucia.es\/cepr-san-jose\/wp-json\/wp\/v2\/tags?post=1926"}],"curies":[{"name":"wp","href":"https:\/\/api.w.org\/{rel}","templated":true}]}}