{"id":2093,"date":"2025-04-25T14:32:38","date_gmt":"2025-04-25T13:32:38","guid":{"rendered":"https:\/\/blogsaverroes.juntadeandalucia.es\/cepr-san-jose\/?p=2093"},"modified":"2025-05-09T11:54:54","modified_gmt":"2025-05-09T10:54:54","slug":"procesion-escolar","status":"publish","type":"post","link":"https:\/\/blogsaverroes.juntadeandalucia.es\/cepr-san-jose\/procesion-escolar\/","title":{"rendered":"III Procesi\u00f3n Escolar"},"content":{"rendered":"<div class=\"xdj266r x11i5rnm xat24cr x1mh8g0r x1vvkbs x126k92a\">\n<div dir=\"auto\">&nbsp;<\/div>\n<\/div>\n<div class=\"x11i5rnm xat24cr x1mh8g0r x1vvkbs xtlvy1s x126k92a\">\n<div dir=\"auto\"><span style=\"font-size: 24pt;color: #000000\">Comenzada ya la Semana Santa, os dejamos nuestra peque\u00f1a Procesi\u00f3n <span class=\"html-span xexx8yu x4uap5 x18d9i69 xkhd6sd x1hl2dhg x16tdsg8 x1vvkbs x3nfvp2 x1j61x8r x1fcty0u xdj266r xat24cr xgzva0m xhhsvwb xxymvpz xlup9mm x1kky2od\"><img loading=\"lazy\" decoding=\"async\" class=\"xz74otr x168nmei x13lgxp2 x5pf9jr xo71vjh\" src=\"https:\/\/static.xx.fbcdn.net\/images\/emoji.php\/v9\/tf4\/2\/16\/1f607.png\" alt=\"\ud83d\ude07\" width=\"16\" height=\"16\"><\/span> Escolar, preparada desde el \u00e1rea de religi\u00f3n con mucho cari\u00f1o y respeto. <span class=\"html-span xexx8yu x4uap5 x18d9i69 xkhd6sd x1hl2dhg x16tdsg8 x1vvkbs x3nfvp2 x1j61x8r x1fcty0u xdj266r xat24cr xgzva0m xhhsvwb xxymvpz xlup9mm x1kky2od\"><img loading=\"lazy\" decoding=\"async\" class=\"xz74otr x168nmei x13lgxp2 x5pf9jr xo71vjh\" src=\"https:\/\/static.xx.fbcdn.net\/images\/emoji.php\/v9\/t56\/2\/16\/1f917.png\" alt=\"\ud83e\udd17\" width=\"16\" height=\"16\"><\/span><\/span><\/div>\n<\/div>\n<div dir=\"auto\">&nbsp;<\/div>\n<div dir=\"auto\">&nbsp;<\/div>\n<div class=\"x11i5rnm xat24cr x1mh8g0r x1vvkbs xtlvy1s x126k92a\">\n<div dir=\"auto\"><span style=\"font-size: 24pt;color: #000000\">La se\u00f1o Encarna, propone esta actividad para los ni\u00f1os y ni\u00f1as del colegio para conmemorar la semana grande del cristianismo <span class=\"html-span xexx8yu x4uap5 x18d9i69 xkhd6sd x1hl2dhg x16tdsg8 x1vvkbs x3nfvp2 x1j61x8r x1fcty0u xdj266r xat24cr xgzva0m xhhsvwb xxymvpz xlup9mm x1kky2od\"><img loading=\"lazy\" decoding=\"async\" class=\"xz74otr x168nmei x13lgxp2 x5pf9jr xo71vjh\" src=\"https:\/\/static.xx.fbcdn.net\/images\/emoji.php\/v9\/t2\/2\/16\/271d.png\" alt=\"\u271d\ufe0f\" width=\"16\" height=\"16\"><\/span> y realzar nuestra cultura andaluza.<\/span><\/div>\n<\/div>\n<div dir=\"auto\">&nbsp;<\/div>\n<div dir=\"auto\">&nbsp;<\/div>\n<div class=\"x11i5rnm xat24cr x1mh8g0r x1vvkbs xtlvy1s x126k92a\">\n<div dir=\"auto\"><span style=\"font-size: 24pt;color: #000000\"><span class=\"html-span xexx8yu x4uap5 x18d9i69 xkhd6sd x1hl2dhg x16tdsg8 x1vvkbs x3nfvp2 x1j61x8r x1fcty0u xdj266r xat24cr xgzva0m xhhsvwb xxymvpz xlup9mm x1kky2od\"><img loading=\"lazy\" decoding=\"async\" class=\"xz74otr x168nmei x13lgxp2 x5pf9jr xo71vjh\" src=\"https:\/\/static.xx.fbcdn.net\/images\/emoji.php\/v9\/tee\/2\/16\/1f601.png\" alt=\"\ud83d\ude01\" width=\"16\" height=\"16\"><\/span><span class=\"html-span xexx8yu x4uap5 x18d9i69 xkhd6sd x1hl2dhg x16tdsg8 x1vvkbs x3nfvp2 x1j61x8r x1fcty0u xdj266r xat24cr xgzva0m xhhsvwb xxymvpz xlup9mm x1kky2od\"><img loading=\"lazy\" decoding=\"async\" class=\"xz74otr x168nmei x13lgxp2 x5pf9jr xo71vjh\" src=\"https:\/\/static.xx.fbcdn.net\/images\/emoji.php\/v9\/tee\/2\/16\/1f601.png\" alt=\"\ud83d\ude01\" width=\"16\" height=\"16\"><\/span>Agradecer a todo el profesorado su colaboraci\u00f3n, a las vecinas de la plaza Dos de Mayo por su participaci\u00f3n, a las familias que nos <span class=\"html-span xexx8yu x4uap5 x18d9i69 xkhd6sd x1hl2dhg x16tdsg8 x1vvkbs x3nfvp2 x1j61x8r x1fcty0u xdj266r xat24cr xgzva0m xhhsvwb xxymvpz xlup9mm x1kky2od\"><img loading=\"lazy\" decoding=\"async\" class=\"xz74otr x168nmei x13lgxp2 x5pf9jr xo71vjh\" src=\"https:\/\/static.xx.fbcdn.net\/images\/emoji.php\/v9\/tfd\/2\/16\/1f9d1.png\" alt=\"\ud83e\uddd1\" width=\"16\" height=\"16\"><\/span><span class=\"html-span xexx8yu x4uap5 x18d9i69 xkhd6sd x1hl2dhg x16tdsg8 x1vvkbs x3nfvp2 x1j61x8r x1fcty0u xdj266r xat24cr xgzva0m xhhsvwb xxymvpz xlup9mm x1kky2od\"><img loading=\"lazy\" decoding=\"async\" class=\"xz74otr x168nmei x13lgxp2 x5pf9jr xo71vjh\" src=\"https:\/\/static.xx.fbcdn.net\/images\/emoji.php\/v9\/t29\/2\/16\/1f469_1f3fb.png\" alt=\"\ud83d\udc69\ud83c\udffb\" width=\"16\" height=\"16\"><\/span><span class=\"html-span xexx8yu x4uap5 x18d9i69 xkhd6sd x1hl2dhg x16tdsg8 x1vvkbs x3nfvp2 x1j61x8r x1fcty0u xdj266r xat24cr xgzva0m xhhsvwb xxymvpz xlup9mm x1kky2od\"><img loading=\"lazy\" decoding=\"async\" class=\"xz74otr x168nmei x13lgxp2 x5pf9jr xo71vjh\" src=\"https:\/\/static.xx.fbcdn.net\/images\/emoji.php\/v9\/tad\/2\/16\/1f468.png\" alt=\"\ud83d\udc68\" width=\"16\" height=\"16\"><\/span>acompa\u00f1aron y a los ni\u00f1as y ni\u00f1os de la <span class=\"html-span xdj266r x11i5rnm xat24cr x1mh8g0r xexx8yu x4uap5 x18d9i69 xkhd6sd x1hl2dhg x16tdsg8 x1vvkbs\"><a class=\"x1i10hfl xjbqb8w x1ejq31n xd10rxx x1sy0etr x17r0tee x972fbf xcfux6l x1qhh985 xm0m39n x9f619 x1ypdohk xt0psk2 xe8uvvx xdj266r x11i5rnm xat24cr x1mh8g0r xexx8yu x4uap5 x18d9i69 xkhd6sd x16tdsg8 x1hl2dhg xggy1nq x1a2a7pz xkrqix3 x1sur9pj x1fey0fg x1s688f\" style=\"color: #000000\" role=\"link\" href=\"https:\/\/www.facebook.com\/profile.php?id=61566108420740&amp;__cft__[0]=AZWt8zYQWAeAj0byYSk1StysCCt-Tf_UZifOg5xjidCx4JxWXSltKY43Xc69tGjjhkhzQrPGmfZtrBcEOkN4QKLIgG60WKaJslLZWdgixNOUlaBby9-0_Tzhqo7rCfpvSZyfj0Om0TKFqnIWMKQb5w2WooJgWjowPq_vr_aDl-iCPSG0rv1JjU2mVSbDb6vSM5sDQ6eFsLJu_KcRxU7Dnfktao3Ow44LM6L1xhuXGZELgg&amp;__tn__=-]K-R\"><span class=\"xt0psk2\"><span class=\"xjp7ctv\">E.I Azahar<\/span><\/span><\/a><\/span> que fueron a visitarnos. <span class=\"html-span xexx8yu x4uap5 x18d9i69 xkhd6sd x1hl2dhg x16tdsg8 x1vvkbs x3nfvp2 x1j61x8r x1fcty0u xdj266r xat24cr xgzva0m xhhsvwb xxymvpz xlup9mm x1kky2od\"><img loading=\"lazy\" decoding=\"async\" class=\"xz74otr x168nmei x13lgxp2 x5pf9jr xo71vjh\" src=\"https:\/\/static.xx.fbcdn.net\/images\/emoji.php\/v9\/t89\/2\/16\/1f970.png\" alt=\"\ud83e\udd70\" width=\"16\" height=\"16\"><\/span><\/span><\/div>\n<\/div>\n<div dir=\"auto\">&nbsp;<\/div>\n<div class=\"x11i5rnm xat24cr x1mh8g0r x1vvkbs xtlvy1s x126k92a\">\n<div dir=\"auto\"><span style=\"font-size: 24pt;color: #000000\">Gracias <span class=\"html-span xexx8yu x4uap5 x18d9i69 xkhd6sd x1hl2dhg x16tdsg8 x1vvkbs x3nfvp2 x1j61x8r x1fcty0u xdj266r xat24cr xgzva0m xhhsvwb xxymvpz xlup9mm x1kky2od\"><img loading=\"lazy\" decoding=\"async\" class=\"xz74otr x168nmei x13lgxp2 x5pf9jr xo71vjh\" src=\"https:\/\/static.xx.fbcdn.net\/images\/emoji.php\/v9\/tf7\/2\/16\/1f929.png\" alt=\"\ud83e\udd29\" width=\"16\" height=\"16\"><\/span> <span class=\"html-span xexx8yu x4uap5 x18d9i69 xkhd6sd x1hl2dhg x16tdsg8 x1vvkbs x3nfvp2 x1j61x8r x1fcty0u xdj266r xat24cr xgzva0m xhhsvwb xxymvpz xlup9mm x1kky2od\"><img loading=\"lazy\" decoding=\"async\" class=\"xz74otr x168nmei x13lgxp2 x5pf9jr xo71vjh\" src=\"https:\/\/static.xx.fbcdn.net\/images\/emoji.php\/v9\/ta1\/2\/16\/1f60d.png\" alt=\"\ud83d\ude0d\" width=\"16\" height=\"16\"><\/span><span class=\"html-span xexx8yu x4uap5 x18d9i69 xkhd6sd x1hl2dhg x16tdsg8 x1vvkbs x3nfvp2 x1j61x8r x1fcty0u xdj266r xat24cr xgzva0m xhhsvwb xxymvpz xlup9mm x1kky2od\"><img loading=\"lazy\" decoding=\"async\" class=\"xz74otr x168nmei x13lgxp2 x5pf9jr xo71vjh\" src=\"https:\/\/static.xx.fbcdn.net\/images\/emoji.php\/v9\/ta1\/2\/16\/1f60d.png\" alt=\"\ud83d\ude0d\" width=\"16\" height=\"16\"><\/span><\/span><\/div>\n<\/div>\n<div dir=\"auto\">&nbsp;<\/div>\n<div dir=\"auto\">\n<div style=\"width: 720px;\" class=\"wp-video\"><!--[if lt IE 9]><script>document.createElement('video');<\/script><![endif]-->\n<video class=\"wp-video-shortcode\" id=\"video-2093-1\" width=\"720\" height=\"1280\" preload=\"metadata\" controls=\"controls\"><source type=\"video\/mp4\" src=\"https:\/\/blogsaverroes.juntadeandalucia.es\/cepr-san-jose\/files\/2025\/04\/Procesion.mp4?_=1\" \/><a href=\"https:\/\/blogsaverroes.juntadeandalucia.es\/cepr-san-jose\/files\/2025\/04\/Procesion.mp4\">https:\/\/blogsaverroes.juntadeandalucia.es\/cepr-san-jose\/files\/2025\/04\/Procesion.mp4<\/a><\/video><\/div>\n<\/div>\n","protected":false},"excerpt":{"rendered":"<p>&nbsp; Comenzada ya la Semana Santa, os dejamos nuestra peque\u00f1a Procesi\u00f3n Escolar, preparada desde el \u00e1rea de religi\u00f3n con mucho cari\u00f1o y respeto. &nbsp; &nbsp; La se\u00f1o Encarna, propone esta actividad para los ni\u00f1os y ni\u00f1as del colegio para conmemorar la semana grande del cristianismo y realzar nuestra cultura andaluza. &nbsp; &nbsp; Agradecer a todo [&hellip;]<\/p>\n","protected":false},"author":19601,"featured_media":2095,"comment_status":"closed","ping_status":"open","sticky":false,"template":"","format":"standard","meta":{"_et_pb_use_builder":"","_et_pb_old_content":"","_et_gb_content_width":"","ngg_post_thumbnail":0,"footnotes":""},"categories":[20,3],"tags":[25,146],"aioseo_notices":[],"_links":{"self":[{"href":"https:\/\/blogsaverroes.juntadeandalucia.es\/cepr-san-jose\/wp-json\/wp\/v2\/posts\/2093"}],"collection":[{"href":"https:\/\/blogsaverroes.juntadeandalucia.es\/cepr-san-jose\/wp-json\/wp\/v2\/posts"}],"about":[{"href":"https:\/\/blogsaverroes.juntadeandalucia.es\/cepr-san-jose\/wp-json\/wp\/v2\/types\/post"}],"author":[{"embeddable":true,"href":"https:\/\/blogsaverroes.juntadeandalucia.es\/cepr-san-jose\/wp-json\/wp\/v2\/users\/19601"}],"replies":[{"embeddable":true,"href":"https:\/\/blogsaverroes.juntadeandalucia.es\/cepr-san-jose\/wp-json\/wp\/v2\/comments?post=2093"}],"version-history":[{"count":2,"href":"https:\/\/blogsaverroes.juntadeandalucia.es\/cepr-san-jose\/wp-json\/wp\/v2\/posts\/2093\/revisions"}],"predecessor-version":[{"id":2125,"href":"https:\/\/blogsaverroes.juntadeandalucia.es\/cepr-san-jose\/wp-json\/wp\/v2\/posts\/2093\/revisions\/2125"}],"wp:featuredmedia":[{"embeddable":true,"href":"https:\/\/blogsaverroes.juntadeandalucia.es\/cepr-san-jose\/wp-json\/wp\/v2\/media\/2095"}],"wp:attachment":[{"href":"https:\/\/blogsaverroes.juntadeandalucia.es\/cepr-san-jose\/wp-json\/wp\/v2\/media?parent=2093"}],"wp:term":[{"taxonomy":"category","embeddable":true,"href":"https:\/\/blogsaverroes.juntadeandalucia.es\/cepr-san-jose\/wp-json\/wp\/v2\/categories?post=2093"},{"taxonomy":"post_tag","embeddable":true,"href":"https:\/\/blogsaverroes.juntadeandalucia.es\/cepr-san-jose\/wp-json\/wp\/v2\/tags?post=2093"}],"curies":[{"name":"wp","href":"https:\/\/api.w.org\/{rel}","templated":true}]}}