{"id":1434,"date":"2025-03-24T09:26:22","date_gmt":"2025-03-24T08:26:22","guid":{"rendered":"https:\/\/blogsaverroes.juntadeandalucia.es\/cepralmaden\/?p=1434"},"modified":"2025-06-06T09:08:09","modified_gmt":"2025-06-06T08:08:09","slug":"localizacion","status":"publish","type":"post","link":"https:\/\/blogsaverroes.juntadeandalucia.es\/cepralmaden\/localizacion\/","title":{"rendered":"Localizaci\u00f3n"},"content":{"rendered":"\t\t<div data-elementor-type=\"wp-post\" data-elementor-id=\"1434\" class=\"elementor elementor-1434\">\n\t\t\t\t<div class=\"elementor-element elementor-element-35c8b48 e-flex e-con-boxed e-con e-parent\" data-id=\"35c8b48\" data-element_type=\"container\" data-settings=\"{&quot;background_background&quot;:&quot;classic&quot;}\">\n\t\t\t\t\t<div class=\"e-con-inner\">\n\t\t\t\t<div class=\"elementor-element elementor-element-c7754bc elementor-widget__width-initial elementor-widget elementor-widget-button\" data-id=\"c7754bc\" data-element_type=\"widget\" data-widget_type=\"button.default\">\n\t\t\t\t<div class=\"elementor-widget-container\">\n\t\t\t\t\t\t\t\t\t<div class=\"elementor-button-wrapper\">\n\t\t\t\t\t<a class=\"elementor-button elementor-button-link elementor-size-sm elementor-animation-shrink\" href=\"https:\/\/blogsaverroes.juntadeandalucia.es\/cepralmaden\/nuestro-centro\">\n\t\t\t\t\t\t<span class=\"elementor-button-content-wrapper\">\n\t\t\t\t\t\t<span class=\"elementor-button-icon\">\n\t\t\t\t<svg aria-hidden=\"true\" class=\"e-font-icon-svg e-fas-arrow-circle-left\" viewBox=\"0 0 512 512\" xmlns=\"http:\/\/www.w3.org\/2000\/svg\"><path d=\"M256 504C119 504 8 393 8 256S119 8 256 8s248 111 248 248-111 248-248 248zm28.9-143.6L209.4 288H392c13.3 0 24-10.7 24-24v-16c0-13.3-10.7-24-24-24H209.4l75.5-72.4c9.7-9.3 9.9-24.8.4-34.3l-11-10.9c-9.4-9.4-24.6-9.4-33.9 0L107.7 239c-9.4 9.4-9.4 24.6 0 33.9l132.7 132.7c9.4 9.4 24.6 9.4 33.9 0l11-10.9c9.5-9.5 9.3-25-.4-34.3z\"><\/path><\/svg>\t\t\t<\/span>\n\t\t\t\t\t\t\t\t<\/span>\n\t\t\t\t\t<\/a>\n\t\t\t\t<\/div>\n\t\t\t\t\t\t\t\t<\/div>\n\t\t\t\t<\/div>\n\t\t\t\t\t<\/div>\n\t\t\t\t<\/div>\n\t\t<div class=\"elementor-element elementor-element-62c569c1 e-flex e-con-boxed e-con e-parent\" data-id=\"62c569c1\" data-element_type=\"container\" data-settings=\"{&quot;background_background&quot;:&quot;classic&quot;}\">\n\t\t\t\t\t<div class=\"e-con-inner\">\n\t\t\t\t<div class=\"elementor-element elementor-element-4f461657 elementor-widget__width-initial elementor-widget elementor-widget-text-editor\" data-id=\"4f461657\" data-element_type=\"widget\" data-widget_type=\"text-editor.default\">\n\t\t\t\t<div class=\"elementor-widget-container\">\n\t\t\t\t\t\t\t\t\t<p style=\"text-align: center\"><span style=\"font-family: verdana, geneva, sans-serif\"><strong><span style=\"color: #000000\">C\u00f3digo: 23002255<\/span><\/strong><\/span><\/p><p style=\"text-align: center\"><span style=\"font-family: verdana, geneva, sans-serif\"><strong><span style=\"color: #000000\">Direcci\u00f3n: C. Virgen de la Cabeza, 1, 23008 Ja\u00e9n<\/span><\/strong><\/span><\/p><p style=\"text-align: center\"><span style=\"font-family: verdana, geneva, sans-serif\"><strong><span style=\"color: #000000\">Tel\u00e9fono: 671533767 \/ 953366991<\/span><\/strong><\/span><\/p>\t\t\t\t\t\t\t\t<\/div>\n\t\t\t\t<\/div>\n\t\t\t\t\t<\/div>\n\t\t\t\t<\/div>\n\t\t<div class=\"elementor-element elementor-element-6a26d22 e-flex e-con-boxed e-con e-parent\" data-id=\"6a26d22\" data-element_type=\"container\" data-settings=\"{&quot;background_background&quot;:&quot;classic&quot;}\">\n\t\t\t\t\t<div class=\"e-con-inner\">\n\t\t\t\t<div class=\"elementor-element elementor-element-a97137f elementor-widget elementor-widget-google_maps\" data-id=\"a97137f\" data-element_type=\"widget\" data-widget_type=\"google_maps.default\">\n\t\t\t\t<div class=\"elementor-widget-container\">\n\t\t\t\t\t\t\t<div class=\"elementor-custom-embed\">\n\t\t\t<iframe loading=\"lazy\"\n\t\t\t\t\tsrc=\"https:\/\/maps.google.com\/maps?q=Direcci%C3%B3n%3A%20C.%20Virgen%20de%20la%20Cabeza%2C%201%2C%2023008%20Ja%C3%A9n&#038;t=m&#038;z=17&#038;output=embed&#038;iwloc=near\"\n\t\t\t\t\ttitle=\"Direcci\u00f3n: C. Virgen de la Cabeza, 1, 23008 Ja\u00e9n\"\n\t\t\t\t\taria-label=\"Direcci\u00f3n: C. Virgen de la Cabeza, 1, 23008 Ja\u00e9n\"\n\t\t\t><\/iframe>\n\t\t<\/div>\n\t\t\t\t\t\t<\/div>\n\t\t\t\t<\/div>\n\t\t\t\t\t<\/div>\n\t\t\t\t<\/div>\n\t\t\t\t<\/div>\n\t\t","protected":false},"excerpt":{"rendered":"<p>C\u00f3digo: 23002255 Direcci\u00f3n: C. Virgen de la Cabeza, 1, 23008 Ja\u00e9n Tel\u00e9fono: 671533767 \/ 953366991<\/p>\n","protected":false},"author":13478,"featured_media":0,"comment_status":"closed","ping_status":"open","sticky":false,"template":"","format":"standard","meta":{"_et_pb_use_builder":"","_et_pb_old_content":"","_et_gb_content_width":"","ngg_post_thumbnail":0,"footnotes":""},"categories":[105],"tags":[106],"aioseo_notices":[],"_links":{"self":[{"href":"https:\/\/blogsaverroes.juntadeandalucia.es\/cepralmaden\/wp-json\/wp\/v2\/posts\/1434"}],"collection":[{"href":"https:\/\/blogsaverroes.juntadeandalucia.es\/cepralmaden\/wp-json\/wp\/v2\/posts"}],"about":[{"href":"https:\/\/blogsaverroes.juntadeandalucia.es\/cepralmaden\/wp-json\/wp\/v2\/types\/post"}],"author":[{"embeddable":true,"href":"https:\/\/blogsaverroes.juntadeandalucia.es\/cepralmaden\/wp-json\/wp\/v2\/users\/13478"}],"replies":[{"embeddable":true,"href":"https:\/\/blogsaverroes.juntadeandalucia.es\/cepralmaden\/wp-json\/wp\/v2\/comments?post=1434"}],"version-history":[{"count":38,"href":"https:\/\/blogsaverroes.juntadeandalucia.es\/cepralmaden\/wp-json\/wp\/v2\/posts\/1434\/revisions"}],"predecessor-version":[{"id":4659,"href":"https:\/\/blogsaverroes.juntadeandalucia.es\/cepralmaden\/wp-json\/wp\/v2\/posts\/1434\/revisions\/4659"}],"wp:attachment":[{"href":"https:\/\/blogsaverroes.juntadeandalucia.es\/cepralmaden\/wp-json\/wp\/v2\/media?parent=1434"}],"wp:term":[{"taxonomy":"category","embeddable":true,"href":"https:\/\/blogsaverroes.juntadeandalucia.es\/cepralmaden\/wp-json\/wp\/v2\/categories?post=1434"},{"taxonomy":"post_tag","embeddable":true,"href":"https:\/\/blogsaverroes.juntadeandalucia.es\/cepralmaden\/wp-json\/wp\/v2\/tags?post=1434"}],"curies":[{"name":"wp","href":"https:\/\/api.w.org\/{rel}","templated":true}]}}