{"id":1448,"date":"2025-03-24T09:44:26","date_gmt":"2025-03-24T08:44:26","guid":{"rendered":"https:\/\/blogsaverroes.juntadeandalucia.es\/cepralmaden\/?p=1448"},"modified":"2026-04-16T19:28:10","modified_gmt":"2026-04-16T18:28:10","slug":"escolarizacion","status":"publish","type":"post","link":"https:\/\/blogsaverroes.juntadeandalucia.es\/cepralmaden\/escolarizacion\/","title":{"rendered":"Escolarizaci\u00f3n"},"content":{"rendered":"\t\t<div data-elementor-type=\"wp-post\" data-elementor-id=\"1448\" class=\"elementor elementor-1448\">\n\t\t\t\t<div class=\"elementor-element elementor-element-ad9ea69 e-flex e-con-boxed e-con e-parent\" data-id=\"ad9ea69\" data-element_type=\"container\" data-settings=\"{&quot;background_background&quot;:&quot;classic&quot;}\">\n\t\t\t\t\t<div class=\"e-con-inner\">\n\t\t\t\t<div class=\"elementor-element elementor-element-5126e60 elementor-widget elementor-widget-text-editor\" data-id=\"5126e60\" data-element_type=\"widget\" data-widget_type=\"text-editor.default\">\n\t\t\t\t<div class=\"elementor-widget-container\">\n\t\t\t\t\t\t\t\t\t<p><span style=\"font-size: 24pt;color: #0000ff;font-family: verdana, geneva, sans-serif\">ESCOLARIZACI\u00d3N 2026\/27<\/span><\/p>\n<p><span style=\"color: #000000;font-family: verdana, geneva, sans-serif;font-size: 14pt\">Del <strong>1 al 31 de marzo<\/strong> puede solicitar plaza para su hijo\/a en nuestro centro para el siguiente curso escolar.<\/span><\/p>\n<p><span style=\"color: #000000;font-family: verdana, geneva, sans-serif;font-size: 14pt\">ESTE PROCEDIMIENTO NO TIENEN QUE HACERLO EL ALUMNADO QUE YA EST\u00c1 MATRICULADO EN EL CENTRO.<\/span><\/p>\n<p><span style=\"color: #000000;font-family: verdana, geneva, sans-serif;font-size: 14pt\">Nuestro centro cuenta con los siguientes <strong>servicios<\/strong>:<\/span><\/p>\n<ul>\n<li><span style=\"color: #000000;font-family: verdana, geneva, sans-serif;font-size: 14pt\"><strong>Aula matinal.<\/strong><\/span><\/li>\n<li><span style=\"color: #000000;font-family: verdana, geneva, sans-serif;font-size: 14pt\"><strong>Comedor escolar.<\/strong><\/span><\/li>\n<li><span style=\"color: #000000;font-family: verdana, geneva, sans-serif;font-size: 14pt\"><strong>Ludoteca.<\/strong><\/span><\/li>\n<li><span style=\"color: #000000;font-family: verdana, geneva, sans-serif;font-size: 14pt\"><strong>Actividades extraescolares.<\/strong><\/span><\/li>\n<\/ul>\n<p><span style=\"color: #000000;font-family: verdana, geneva, sans-serif;font-size: 14pt\">Adem\u00e1s participamos en los siguientes PLANES Y PROYECTOS EDUCATIVOS:<\/span><\/p>\n<ul>\n<li><span style=\"color: #000000;font-family: verdana, geneva, sans-serif;font-size: 14pt\"><strong>Centro Pluriling\u00fce<\/strong>. \u00danico centro de Educaci\u00f3n Primaria de la localidad que imparte ense\u00f1anzas en Franc\u00e9s e Ingl\u00e9s.<\/span><\/li>\n<li><span style=\"color: #000000;font-family: verdana, geneva, sans-serif;font-size: 14pt\"><strong>Plan de Igualdad de g\u00e9nero en educaci\u00f3n.<\/strong><\/span><\/li>\n<li><span style=\"color: #000000;font-family: verdana, geneva, sans-serif;font-size: 14pt\"><strong>Organizaci\u00f3n y funcionamiento de bibliotecas escolares.<\/strong><\/span><\/li>\n<li><span style=\"color: #000000;font-family: verdana, geneva, sans-serif;font-size: 14pt\"><strong>Programa CIMA.<\/strong><\/span><\/li>\n<li><span style=\"color: #000000;font-family: verdana, geneva, sans-serif;font-size: 14pt\"><strong>Transformaci\u00f3n digital educativa y STEAM 4.0<\/strong><\/span><\/li>\n<li><span style=\"color: #000000;font-family: verdana, geneva, sans-serif;font-size: 14pt\"><strong>Pr\u00e1cticum Grado Maestro.<\/strong><\/span><\/li>\n<li><span style=\"color: #000000;font-family: verdana, geneva, sans-serif;font-size: 14pt\"><strong>Erasmus+.<\/strong><\/span><\/li>\n<li><span style=\"color: #000000;font-family: verdana, geneva, sans-serif;font-size: 14pt\"><strong>Patios Inclusivos.<\/strong><\/span><\/li>\n<\/ul>\t\t\t\t\t\t\t\t<\/div>\n\t\t\t\t<\/div>\n\t\t\t\t\t<\/div>\n\t\t\t\t<\/div>\n\t\t<div class=\"elementor-element elementor-element-4034943e e-con-full e-flex e-con e-parent\" data-id=\"4034943e\" data-element_type=\"container\" data-settings=\"{&quot;background_background&quot;:&quot;classic&quot;}\">\n\t\t\t\t<div class=\"elementor-element elementor-element-a2e91d1 elementor-widget elementor-widget-image\" data-id=\"a2e91d1\" data-element_type=\"widget\" data-widget_type=\"image.default\">\n\t\t\t\t<div class=\"elementor-widget-container\">\n\t\t\t\t\t\t\t\t\t\t\t\t\t\t\t\t<a href=\"https:\/\/view.genially.com\/67e3d28197b9a8067357407d\/mobile-presentacin\" target=\"_blank\">\n\t\t\t\t\t\t\t<img fetchpriority=\"high\" fetchpriority=\"high\" decoding=\"async\" width=\"1024\" height=\"409\" src=\"https:\/\/blogsaverroes.juntadeandalucia.es\/cepralmaden\/files\/2025\/03\/banner2-1024x409.png\" class=\"attachment-large size-large wp-image-2005\" alt=\"\" srcset=\"https:\/\/blogsaverroes.juntadeandalucia.es\/cepralmaden\/files\/2025\/03\/banner2-980x392.png 980w, https:\/\/blogsaverroes.juntadeandalucia.es\/cepralmaden\/files\/2025\/03\/banner2-480x192.png 480w\" sizes=\"(min-width: 0px) and (max-width: 480px) 480px, (min-width: 481px) and (max-width: 980px) 980px, (min-width: 981px) 1024px, 100vw\" \/>\t\t\t\t\t\t\t\t<\/a>\n\t\t\t\t\t\t\t\t\t\t\t\t\t\t\t<\/div>\n\t\t\t\t<\/div>\n\t\t\t\t<div class=\"elementor-element elementor-element-672feac elementor-widget elementor-widget-video\" data-id=\"672feac\" data-element_type=\"widget\" data-settings=\"{&quot;youtube_url&quot;:&quot;https:\\\/\\\/www.youtube.com\\\/embed\\\/KW8J8oM3QYM&quot;,&quot;video_type&quot;:&quot;youtube&quot;,&quot;controls&quot;:&quot;yes&quot;}\" data-widget_type=\"video.default\">\n\t\t\t\t<div class=\"elementor-widget-container\">\n\t\t\t\t\t\t\t<div class=\"elementor-wrapper elementor-open-inline\">\n\t\t\t<div class=\"elementor-video\"><\/div>\t\t<\/div>\n\t\t\t\t\t\t<\/div>\n\t\t\t\t<\/div>\n\t\t\t\t<div class=\"elementor-element elementor-element-0f03d1e elementor-widget elementor-widget-html\" data-id=\"0f03d1e\" data-element_type=\"widget\" data-widget_type=\"html.default\">\n\t\t\t\t<div class=\"elementor-widget-container\">\n\t\t\t\t\t<div style=\"width: 100%\"><div style=\"position: relative;padding-bottom: 56.25%;padding-top: 0;height: 0\"><iframe frameborder=\"0\" width=\"1200px\" height=\"675px\" src=\"https:\/\/view.genially.com\/67dfb921a2c30d37769ba546\" scrolling=\"yes\"><\/iframe> <\/div> <\/div>\t\t\t\t<\/div>\n\t\t\t\t<\/div>\n\t\t\t\t<\/div>\n\t\t<div class=\"elementor-element elementor-element-6b00dfe e-flex e-con-boxed e-con e-parent\" data-id=\"6b00dfe\" data-element_type=\"container\">\n\t\t\t\t\t<div class=\"e-con-inner\">\n\t\t\t\t<div class=\"elementor-element elementor-element-c430a0c elementor-widget elementor-widget-html\" data-id=\"c430a0c\" data-element_type=\"widget\" data-widget_type=\"html.default\">\n\t\t\t\t<div class=\"elementor-widget-container\">\n\t\t\t\t\t<div style=\"width: 100%\"><div style=\"position: relative;padding-bottom: 56.25%;padding-top: 0;height: 0\"><iframe frameborder=\"0\" width=\"1200px\" height=\"170px\" src=\"https:\/\/view.genially.com\/67dfb921a2c30d37769ba546\" scrolling=\"yes\"><\/iframe> <\/div> <\/div>\t\t\t\t<\/div>\n\t\t\t\t<\/div>\n\t\t\t\t\t<\/div>\n\t\t\t\t<\/div>\n\t\t\t\t<\/div>\n\t\t","protected":false},"excerpt":{"rendered":"<p>ESCOLARIZACI\u00d3N 2026\/27 Del 1 al 31 de marzo puede solicitar plaza para su hijo\/a en nuestro centro para el siguiente curso escolar. ESTE PROCEDIMIENTO NO TIENEN QUE HACERLO EL ALUMNADO QUE YA EST\u00c1 MATRICULADO EN EL CENTRO. Nuestro centro cuenta con los siguientes servicios: Aula matinal. Comedor escolar. Ludoteca. Actividades extraescolares. Adem\u00e1s participamos en los [&hellip;]<\/p>\n","protected":false},"author":13478,"featured_media":0,"comment_status":"closed","ping_status":"open","sticky":false,"template":"","format":"standard","meta":{"_et_pb_use_builder":"off","_et_pb_old_content":"","_et_gb_content_width":"","ngg_post_thumbnail":0,"footnotes":""},"categories":[99,44,100],"tags":[11,15,14,16,17],"aioseo_notices":[],"_links":{"self":[{"href":"https:\/\/blogsaverroes.juntadeandalucia.es\/cepralmaden\/wp-json\/wp\/v2\/posts\/1448"}],"collection":[{"href":"https:\/\/blogsaverroes.juntadeandalucia.es\/cepralmaden\/wp-json\/wp\/v2\/posts"}],"about":[{"href":"https:\/\/blogsaverroes.juntadeandalucia.es\/cepralmaden\/wp-json\/wp\/v2\/types\/post"}],"author":[{"embeddable":true,"href":"https:\/\/blogsaverroes.juntadeandalucia.es\/cepralmaden\/wp-json\/wp\/v2\/users\/13478"}],"replies":[{"embeddable":true,"href":"https:\/\/blogsaverroes.juntadeandalucia.es\/cepralmaden\/wp-json\/wp\/v2\/comments?post=1448"}],"version-history":[{"count":66,"href":"https:\/\/blogsaverroes.juntadeandalucia.es\/cepralmaden\/wp-json\/wp\/v2\/posts\/1448\/revisions"}],"predecessor-version":[{"id":4857,"href":"https:\/\/blogsaverroes.juntadeandalucia.es\/cepralmaden\/wp-json\/wp\/v2\/posts\/1448\/revisions\/4857"}],"wp:attachment":[{"href":"https:\/\/blogsaverroes.juntadeandalucia.es\/cepralmaden\/wp-json\/wp\/v2\/media?parent=1448"}],"wp:term":[{"taxonomy":"category","embeddable":true,"href":"https:\/\/blogsaverroes.juntadeandalucia.es\/cepralmaden\/wp-json\/wp\/v2\/categories?post=1448"},{"taxonomy":"post_tag","embeddable":true,"href":"https:\/\/blogsaverroes.juntadeandalucia.es\/cepralmaden\/wp-json\/wp\/v2\/tags?post=1448"}],"curies":[{"name":"wp","href":"https:\/\/api.w.org\/{rel}","templated":true}]}}