{"id":2164,"date":"2025-03-28T12:02:51","date_gmt":"2025-03-28T11:02:51","guid":{"rendered":"https:\/\/blogsaverroes.juntadeandalucia.es\/cepralmaden\/?p=2164"},"modified":"2025-06-06T08:58:10","modified_gmt":"2025-06-06T07:58:10","slug":"la-historia-de-nuestro-centro","status":"publish","type":"post","link":"https:\/\/blogsaverroes.juntadeandalucia.es\/cepralmaden\/la-historia-de-nuestro-centro\/","title":{"rendered":"La Historia De Nuestro Centro Educativo Cepr Almad\u00e9n"},"content":{"rendered":"\t\t<div data-elementor-type=\"wp-post\" data-elementor-id=\"2164\" class=\"elementor elementor-2164\">\n\t\t\t\t<div class=\"elementor-element elementor-element-f72288e e-flex e-con-boxed e-con e-parent\" data-id=\"f72288e\" data-element_type=\"container\" data-settings=\"{&quot;background_background&quot;:&quot;classic&quot;}\">\n\t\t\t\t\t<div class=\"e-con-inner\">\n\t\t\t\t<div class=\"elementor-element elementor-element-58d61eb elementor-widget__width-initial elementor-widget elementor-widget-button\" data-id=\"58d61eb\" data-element_type=\"widget\" data-widget_type=\"button.default\">\n\t\t\t\t<div class=\"elementor-widget-container\">\n\t\t\t\t\t\t\t\t\t<div class=\"elementor-button-wrapper\">\n\t\t\t\t\t<a class=\"elementor-button elementor-button-link elementor-size-sm elementor-animation-shrink\" href=\"https:\/\/blogsaverroes.juntadeandalucia.es\/cepralmaden\/nuestro-centro\">\n\t\t\t\t\t\t<span class=\"elementor-button-content-wrapper\">\n\t\t\t\t\t\t<span class=\"elementor-button-icon\">\n\t\t\t\t<svg aria-hidden=\"true\" class=\"e-font-icon-svg e-fas-arrow-circle-left\" viewBox=\"0 0 512 512\" xmlns=\"http:\/\/www.w3.org\/2000\/svg\"><path d=\"M256 504C119 504 8 393 8 256S119 8 256 8s248 111 248 248-111 248-248 248zm28.9-143.6L209.4 288H392c13.3 0 24-10.7 24-24v-16c0-13.3-10.7-24-24-24H209.4l75.5-72.4c9.7-9.3 9.9-24.8.4-34.3l-11-10.9c-9.4-9.4-24.6-9.4-33.9 0L107.7 239c-9.4 9.4-9.4 24.6 0 33.9l132.7 132.7c9.4 9.4 24.6 9.4 33.9 0l11-10.9c9.5-9.5 9.3-25-.4-34.3z\"><\/path><\/svg>\t\t\t<\/span>\n\t\t\t\t\t\t\t\t<\/span>\n\t\t\t\t\t<\/a>\n\t\t\t\t<\/div>\n\t\t\t\t\t\t\t\t<\/div>\n\t\t\t\t<\/div>\n\t\t\t\t\t<\/div>\n\t\t\t\t<\/div>\n\t\t<div class=\"elementor-element elementor-element-db21811 e-flex e-con-boxed e-con e-parent\" data-id=\"db21811\" data-element_type=\"container\">\n\t\t\t\t\t<div class=\"e-con-inner\">\n\t\t\t\t<div class=\"elementor-element elementor-element-99777bd elementor-widget elementor-widget-spacer\" data-id=\"99777bd\" data-element_type=\"widget\" data-widget_type=\"spacer.default\">\n\t\t\t\t<div class=\"elementor-widget-container\">\n\t\t\t\t\t\t\t<div class=\"elementor-spacer\">\n\t\t\t<div class=\"elementor-spacer-inner\"><\/div>\n\t\t<\/div>\n\t\t\t\t\t\t<\/div>\n\t\t\t\t<\/div>\n\t\t\t\t\t<\/div>\n\t\t\t\t<\/div>\n\t\t<div class=\"elementor-element elementor-element-d6d9ae8 e-flex e-con-boxed e-con e-parent\" data-id=\"d6d9ae8\" data-element_type=\"container\" data-settings=\"{&quot;background_background&quot;:&quot;classic&quot;}\">\n\t\t\t\t\t<div class=\"e-con-inner\">\n\t\t\t\t<div class=\"elementor-element elementor-element-20c9e4b elementor-widget elementor-widget-text-editor\" data-id=\"20c9e4b\" data-element_type=\"widget\" data-widget_type=\"text-editor.default\">\n\t\t\t\t<div class=\"elementor-widget-container\">\n\t\t\t\t\t\t\t\t\t<p style=\"text-align: center\"><span style=\"text-align: start;font-size: 32px;font-family: verdana, geneva, sans-serif\"><b>La Historia de Nuestro Centro Educativo<\/b><\/span><\/p><p style=\"text-align: center\"><span style=\"font-size: 14pt;text-align: justify;font-family: verdana, geneva, sans-serif\">\u00a1Bienvenido a nuestro recorrido visual a trav\u00e9s del tiempo! En esta secci\u00f3n, te invitamos a descubrir la evoluci\u00f3n de nuestro colegio. A trav\u00e9s de una imagen deslizante, podr\u00e1s apreciar los cambios y mejoras que han transformado nuestro espacio educativo a lo largo de los a\u00f1os. Adem\u00e1s, debajo de la galer\u00eda, encontrar\u00e1s varios libros interactivos que relatan algunas de las historias m\u00e1s memorables de nuestra comunidad escolar. \u00a1Explora y d\u00e9jate inspirar por nuestra historia!<\/span><\/p>\t\t\t\t\t\t\t\t<\/div>\n\t\t\t\t<\/div>\n\t\t\t\t\t<\/div>\n\t\t\t\t<\/div>\n\t\t<div class=\"elementor-element elementor-element-4ff06f1 e-flex e-con-boxed e-con e-parent\" data-id=\"4ff06f1\" data-element_type=\"container\">\n\t\t\t\t\t<div class=\"e-con-inner\">\n\t\t\t\t<div class=\"elementor-element elementor-element-83cef02 elementor-widget elementor-widget-html\" data-id=\"83cef02\" data-element_type=\"widget\" data-widget_type=\"html.default\">\n\t\t\t\t<div class=\"elementor-widget-container\">\n\t\t\t\t\t<div style=\"width: 100%\"><div style=\"position: relative;padding-bottom: 56.25%;padding-top: 0;height: 0\"><iframe frameborder=\"0\" width=\"1200\" height=\"675\" src=\"https:\/\/view.genially.com\/67eb9d20b00ea99d536128c6\" scrolling=\"yes\"><\/iframe> <\/div> <\/div>\t\t\t\t<\/div>\n\t\t\t\t<\/div>\n\t\t\t\t\t<\/div>\n\t\t\t\t<\/div>\n\t\t<div class=\"elementor-element elementor-element-dd34b8c e-flex e-con-boxed e-con e-parent\" data-id=\"dd34b8c\" data-element_type=\"container\">\n\t\t\t\t\t<div class=\"e-con-inner\">\n\t\t\t\t<div class=\"elementor-element elementor-element-976fb23 elementor-widget elementor-widget-html\" data-id=\"976fb23\" data-element_type=\"widget\" data-widget_type=\"html.default\">\n\t\t\t\t<div class=\"elementor-widget-container\">\n\t\t\t\t\t<div style=\"width: 100%\"><div style=\"position: relative;padding-bottom: 56.25%;padding-top: 0;height: 0\"><iframe frameborder=\"0\" width=\"1200\" height=\"170\" src=\"https:\/\/view.genially.com\/67eb9d20b00ea99d536128c6\" scrolling=\"yes\"><\/iframe> <\/div> <\/div>\t\t\t\t<\/div>\n\t\t\t\t<\/div>\n\t\t\t\t\t<\/div>\n\t\t\t\t<\/div>\n\t\t<div class=\"elementor-element elementor-element-2b9bd5f0 e-flex e-con-boxed e-con e-parent\" data-id=\"2b9bd5f0\" data-element_type=\"container\">\n\t\t\t\t\t<div class=\"e-con-inner\">\n\t\t\t\t<div class=\"elementor-element elementor-element-7f5c0b64 elementor-invisible elementor-widget elementor-widget-text-editor\" data-id=\"7f5c0b64\" data-element_type=\"widget\" data-settings=\"{&quot;_animation&quot;:&quot;fadeIn&quot;}\" data-widget_type=\"text-editor.default\">\n\t\t\t\t<div class=\"elementor-widget-container\">\n\t\t\t\t\t\t\t\t\t<p>\u00a0<\/p><p><code><div class=\"h5p-iframe-wrapper\"><iframe id=\"h5p-iframe-3\" class=\"h5p-iframe\" data-content-id=\"3\" style=\"height:1px\" src=\"about:blank\" frameBorder=\"0\" scrolling=\"no\" title=\"Nuestra Historia\"><\/iframe><\/div><\/code><code><\/code><\/p><p><code><\/code><\/p><p><code><br \/>\n<\/code><\/p><p>\u00a0<\/p>\t\t\t\t\t\t\t\t<\/div>\n\t\t\t\t<\/div>\n\t\t\t\t\t<\/div>\n\t\t\t\t<\/div>\n\t\t<div class=\"elementor-element elementor-element-a769563 e-flex e-con-boxed e-con e-parent\" data-id=\"a769563\" data-element_type=\"container\">\n\t\t\t\t\t<div class=\"e-con-inner\">\n\t\t\t\t<div class=\"elementor-element elementor-element-66af8e3 elementor-widget elementor-widget-spacer\" data-id=\"66af8e3\" data-element_type=\"widget\" data-widget_type=\"spacer.default\">\n\t\t\t\t<div class=\"elementor-widget-container\">\n\t\t\t\t\t\t\t<div class=\"elementor-spacer\">\n\t\t\t<div class=\"elementor-spacer-inner\"><\/div>\n\t\t<\/div>\n\t\t\t\t\t\t<\/div>\n\t\t\t\t<\/div>\n\t\t\t\t\t<\/div>\n\t\t\t\t<\/div>\n\t\t\t\t<\/div>\n\t\t","protected":false},"excerpt":{"rendered":"<p>La Historia de Nuestro Centro Educativo \u00a1Bienvenido a nuestro recorrido visual a trav\u00e9s del tiempo! En esta secci\u00f3n, te invitamos a descubrir la evoluci\u00f3n de nuestro colegio. A trav\u00e9s de una imagen deslizante, podr\u00e1s apreciar los cambios y mejoras que han transformado nuestro espacio educativo a lo largo de los a\u00f1os. Adem\u00e1s, debajo de la [&hellip;]<\/p>\n","protected":false},"author":13478,"featured_media":0,"comment_status":"closed","ping_status":"open","sticky":false,"template":"elementor_canvas","format":"standard","meta":{"_et_pb_use_builder":"","_et_pb_old_content":"","_et_gb_content_width":"","ngg_post_thumbnail":0,"footnotes":""},"categories":[58,59,3,60],"tags":[61,63,62],"aioseo_notices":[],"_links":{"self":[{"href":"https:\/\/blogsaverroes.juntadeandalucia.es\/cepralmaden\/wp-json\/wp\/v2\/posts\/2164"}],"collection":[{"href":"https:\/\/blogsaverroes.juntadeandalucia.es\/cepralmaden\/wp-json\/wp\/v2\/posts"}],"about":[{"href":"https:\/\/blogsaverroes.juntadeandalucia.es\/cepralmaden\/wp-json\/wp\/v2\/types\/post"}],"author":[{"embeddable":true,"href":"https:\/\/blogsaverroes.juntadeandalucia.es\/cepralmaden\/wp-json\/wp\/v2\/users\/13478"}],"replies":[{"embeddable":true,"href":"https:\/\/blogsaverroes.juntadeandalucia.es\/cepralmaden\/wp-json\/wp\/v2\/comments?post=2164"}],"version-history":[{"count":126,"href":"https:\/\/blogsaverroes.juntadeandalucia.es\/cepralmaden\/wp-json\/wp\/v2\/posts\/2164\/revisions"}],"predecessor-version":[{"id":4646,"href":"https:\/\/blogsaverroes.juntadeandalucia.es\/cepralmaden\/wp-json\/wp\/v2\/posts\/2164\/revisions\/4646"}],"wp:attachment":[{"href":"https:\/\/blogsaverroes.juntadeandalucia.es\/cepralmaden\/wp-json\/wp\/v2\/media?parent=2164"}],"wp:term":[{"taxonomy":"category","embeddable":true,"href":"https:\/\/blogsaverroes.juntadeandalucia.es\/cepralmaden\/wp-json\/wp\/v2\/categories?post=2164"},{"taxonomy":"post_tag","embeddable":true,"href":"https:\/\/blogsaverroes.juntadeandalucia.es\/cepralmaden\/wp-json\/wp\/v2\/tags?post=2164"}],"curies":[{"name":"wp","href":"https:\/\/api.w.org\/{rel}","templated":true}]}}