{"id":1869,"date":"2021-04-29T14:50:42","date_gmt":"2021-04-29T12:50:42","guid":{"rendered":"https:\/\/blogsaverroes.juntadeandalucia.es\/ceprfedericogarcialorca\/?p=1869"},"modified":"2021-04-29T15:06:42","modified_gmt":"2021-04-29T13:06:42","slug":"nuevos-ukeleles","status":"publish","type":"post","link":"https:\/\/blogsaverroes.juntadeandalucia.es\/ceprfedericogarcialorca\/2021\/04\/29\/nuevos-ukeleles\/","title":{"rendered":"\u00a1\u00a1\u00a1NUEVOS UKELELES!!!"},"content":{"rendered":"<p>Gracias al cr\u00e9dito obtenido de \u00abUn clic para el Cole\u00bb de Amazon, nuestro Colegio en colaboraci\u00f3n con el \u00e1rea de m\u00fasica, han obtenido 26 Ukeleles con el objetivo de incluir un nuevo instrumento mel\u00f3dico en la aulas.&nbsp;<\/p>\n<p>Est\u00e1 compuesto por cuatro cuerdas que brinda la oportunidad al alumnado de desarrollar y despertar nuevas habilidades musicales, as\u00ed como el trabajo de la coordinaci\u00f3n, el ritmo, la memoria, el respeto por las interpretaciones de los dem\u00e1s, la responsabilidad, etc.<\/p>\n<p>La clase de 6\u00baA, en la materia de m\u00fasica, han abierto las cajas, han afinado los instrumentos, los han enumerado por orden de lista y han aprendido sus partes y funcionamiento.<\/p>\n<p>La recepci\u00f3n de este instrumento ha sido satisfactoria y lo han acogido con mucha ilusi\u00f3n. Estos 26 Ukeleles, ir\u00e1n pasando por varias clases empezando por el tercer ciclo. Esto se har\u00e1 manteniendo en todo momento las medidas de seguridad: lavado de manos antes de usarlo y desinfecci\u00f3n de los instrumentos al terminar.<\/p>\n<p>&nbsp;<img loading=\"lazy\" decoding=\"async\" class=\"wp-image-1872 aligncenter\" src=\"https:\/\/blogsaverroes.juntadeandalucia.es\/ceprfedericogarcialorca\/files\/2021\/04\/WhatsApp-Image-2021-04-28-at-17.46.46-300x225.jpeg\" alt=\"\" width=\"642\" height=\"481\" srcset=\"https:\/\/blogsaverroes.juntadeandalucia.es\/ceprfedericogarcialorca\/files\/2021\/04\/WhatsApp-Image-2021-04-28-at-17.46.46-300x225.jpeg 300w, https:\/\/blogsaverroes.juntadeandalucia.es\/ceprfedericogarcialorca\/files\/2021\/04\/WhatsApp-Image-2021-04-28-at-17.46.46-1024x768.jpeg 1024w, https:\/\/blogsaverroes.juntadeandalucia.es\/ceprfedericogarcialorca\/files\/2021\/04\/WhatsApp-Image-2021-04-28-at-17.46.46-768x576.jpeg 768w, https:\/\/blogsaverroes.juntadeandalucia.es\/ceprfedericogarcialorca\/files\/2021\/04\/WhatsApp-Image-2021-04-28-at-17.46.46-1536x1152.jpeg 1536w, https:\/\/blogsaverroes.juntadeandalucia.es\/ceprfedericogarcialorca\/files\/2021\/04\/WhatsApp-Image-2021-04-28-at-17.46.46.jpeg 2048w\" sizes=\"(max-width: 642px) 100vw, 642px\" \/><\/p>\n<p>&nbsp;<\/p>\n<p><img loading=\"lazy\" decoding=\"async\" class=\" wp-image-1871 aligncenter\" src=\"https:\/\/blogsaverroes.juntadeandalucia.es\/ceprfedericogarcialorca\/files\/2021\/04\/WhatsApp-Image-2021-04-28-at-17.46.46-1-300x225.jpeg\" alt=\"\" width=\"632\" height=\"473\" srcset=\"https:\/\/blogsaverroes.juntadeandalucia.es\/ceprfedericogarcialorca\/files\/2021\/04\/WhatsApp-Image-2021-04-28-at-17.46.46-1-300x225.jpeg 300w, https:\/\/blogsaverroes.juntadeandalucia.es\/ceprfedericogarcialorca\/files\/2021\/04\/WhatsApp-Image-2021-04-28-at-17.46.46-1-1024x768.jpeg 1024w, https:\/\/blogsaverroes.juntadeandalucia.es\/ceprfedericogarcialorca\/files\/2021\/04\/WhatsApp-Image-2021-04-28-at-17.46.46-1-768x576.jpeg 768w, https:\/\/blogsaverroes.juntadeandalucia.es\/ceprfedericogarcialorca\/files\/2021\/04\/WhatsApp-Image-2021-04-28-at-17.46.46-1-1536x1152.jpeg 1536w, https:\/\/blogsaverroes.juntadeandalucia.es\/ceprfedericogarcialorca\/files\/2021\/04\/WhatsApp-Image-2021-04-28-at-17.46.46-1.jpeg 2048w\" sizes=\"(max-width: 632px) 100vw, 632px\" \/><\/p>\n<p><img loading=\"lazy\" decoding=\"async\" class=\" wp-image-1870 aligncenter\" src=\"https:\/\/blogsaverroes.juntadeandalucia.es\/ceprfedericogarcialorca\/files\/2021\/04\/WhatsApp-Image-2021-04-28-at-17.46.45-300x225.jpeg\" alt=\"\" width=\"631\" height=\"473\" srcset=\"https:\/\/blogsaverroes.juntadeandalucia.es\/ceprfedericogarcialorca\/files\/2021\/04\/WhatsApp-Image-2021-04-28-at-17.46.45-300x225.jpeg 300w, https:\/\/blogsaverroes.juntadeandalucia.es\/ceprfedericogarcialorca\/files\/2021\/04\/WhatsApp-Image-2021-04-28-at-17.46.45-1024x768.jpeg 1024w, https:\/\/blogsaverroes.juntadeandalucia.es\/ceprfedericogarcialorca\/files\/2021\/04\/WhatsApp-Image-2021-04-28-at-17.46.45-768x576.jpeg 768w, https:\/\/blogsaverroes.juntadeandalucia.es\/ceprfedericogarcialorca\/files\/2021\/04\/WhatsApp-Image-2021-04-28-at-17.46.45-1536x1152.jpeg 1536w, https:\/\/blogsaverroes.juntadeandalucia.es\/ceprfedericogarcialorca\/files\/2021\/04\/WhatsApp-Image-2021-04-28-at-17.46.45.jpeg 2048w\" sizes=\"(max-width: 631px) 100vw, 631px\" \/><\/p>\n","protected":false},"excerpt":{"rendered":"<p>Gracias al cr\u00e9dito obtenido de \u00abUn clic para el Cole\u00bb de Amazon, nuestro Colegio en colaboraci\u00f3n con el \u00e1rea de m\u00fasica, han obtenido 26 Ukeleles con el objetivo de incluir un nuevo instrumento mel\u00f3dico&#46;&#46;&#46;<\/p>\n","protected":false},"author":10926,"featured_media":1871,"comment_status":"open","ping_status":"open","sticky":false,"template":"","format":"standard","meta":{"ngg_post_thumbnail":0,"footnotes":""},"categories":[13],"tags":[],"aioseo_notices":[],"_links":{"self":[{"href":"https:\/\/blogsaverroes.juntadeandalucia.es\/ceprfedericogarcialorca\/wp-json\/wp\/v2\/posts\/1869"}],"collection":[{"href":"https:\/\/blogsaverroes.juntadeandalucia.es\/ceprfedericogarcialorca\/wp-json\/wp\/v2\/posts"}],"about":[{"href":"https:\/\/blogsaverroes.juntadeandalucia.es\/ceprfedericogarcialorca\/wp-json\/wp\/v2\/types\/post"}],"author":[{"embeddable":true,"href":"https:\/\/blogsaverroes.juntadeandalucia.es\/ceprfedericogarcialorca\/wp-json\/wp\/v2\/users\/10926"}],"replies":[{"embeddable":true,"href":"https:\/\/blogsaverroes.juntadeandalucia.es\/ceprfedericogarcialorca\/wp-json\/wp\/v2\/comments?post=1869"}],"version-history":[{"count":1,"href":"https:\/\/blogsaverroes.juntadeandalucia.es\/ceprfedericogarcialorca\/wp-json\/wp\/v2\/posts\/1869\/revisions"}],"predecessor-version":[{"id":1873,"href":"https:\/\/blogsaverroes.juntadeandalucia.es\/ceprfedericogarcialorca\/wp-json\/wp\/v2\/posts\/1869\/revisions\/1873"}],"wp:featuredmedia":[{"embeddable":true,"href":"https:\/\/blogsaverroes.juntadeandalucia.es\/ceprfedericogarcialorca\/wp-json\/wp\/v2\/media\/1871"}],"wp:attachment":[{"href":"https:\/\/blogsaverroes.juntadeandalucia.es\/ceprfedericogarcialorca\/wp-json\/wp\/v2\/media?parent=1869"}],"wp:term":[{"taxonomy":"category","embeddable":true,"href":"https:\/\/blogsaverroes.juntadeandalucia.es\/ceprfedericogarcialorca\/wp-json\/wp\/v2\/categories?post=1869"},{"taxonomy":"post_tag","embeddable":true,"href":"https:\/\/blogsaverroes.juntadeandalucia.es\/ceprfedericogarcialorca\/wp-json\/wp\/v2\/tags?post=1869"}],"curies":[{"name":"wp","href":"https:\/\/api.w.org\/{rel}","templated":true}]}}