{"id":1907,"date":"2021-06-03T18:28:14","date_gmt":"2021-06-03T16:28:14","guid":{"rendered":"https:\/\/blogsaverroes.juntadeandalucia.es\/ceprfedericogarcialorca\/?p=1907"},"modified":"2021-06-06T21:20:08","modified_gmt":"2021-06-06T19:20:08","slug":"nos-gusta-jugar","status":"publish","type":"post","link":"https:\/\/blogsaverroes.juntadeandalucia.es\/ceprfedericogarcialorca\/2021\/06\/03\/nos-gusta-jugar\/","title":{"rendered":"\u00a1NOS GUSTA JUGAR!"},"content":{"rendered":"<p>Aunque ya estamos en la recta final, hemos querido darle un peque\u00f1o cambio a nuestros recreos, realizando en uno de los patios del cole unos juegos \u201cde toda la vida\u201d, para que nuestros peques puedan disfrutar lo \u00faltimo que queda!<\/p>\n<p>Esta actividad est\u00e1 enmarcada dentro del \u201cPlan de igualdad y coeducaci\u00f3n\u201d, concretamente, en el Proyecto de \u201cPacto de estado contra la violencia de g\u00e9nero\u201d, y hemos querido aprovecharlo para realizar esta pintura de juegos que tantas ganas ten\u00edamos, de cara a que el pr\u00f3ximo curso, si el Covid nos lo permite, poder realizar un proyecto de \u201cPatios din\u00e1micos\u201d con actividades inclusivas y coeducativas, donde tanto ni\u00f1as como ni\u00f1os puedan jugar a m\u00e1s variedad de juegos, y realizar actividades l\u00fadicas.&nbsp;<\/p>\n<p><img loading=\"lazy\" decoding=\"async\" class=\" wp-image-1915 aligncenter\" src=\"https:\/\/blogsaverroes.juntadeandalucia.es\/ceprfedericogarcialorca\/files\/2021\/06\/WhatsApp-Image-2021-06-03-at-17.55.51-2-300x225.jpeg\" alt=\"\" width=\"544\" height=\"407\" srcset=\"https:\/\/blogsaverroes.juntadeandalucia.es\/ceprfedericogarcialorca\/files\/2021\/06\/WhatsApp-Image-2021-06-03-at-17.55.51-2-300x225.jpeg 300w, https:\/\/blogsaverroes.juntadeandalucia.es\/ceprfedericogarcialorca\/files\/2021\/06\/WhatsApp-Image-2021-06-03-at-17.55.51-2.jpeg 640w\" sizes=\"(max-width: 544px) 100vw, 544px\" \/><\/p>\n<p>&nbsp;<\/p>\n<p><img loading=\"lazy\" decoding=\"async\" class=\" wp-image-1914 aligncenter\" src=\"https:\/\/blogsaverroes.juntadeandalucia.es\/ceprfedericogarcialorca\/files\/2021\/06\/WhatsApp-Image-2021-06-03-at-17.55.51-1-1-300x300.jpeg\" alt=\"\" width=\"537\" height=\"537\" srcset=\"https:\/\/blogsaverroes.juntadeandalucia.es\/ceprfedericogarcialorca\/files\/2021\/06\/WhatsApp-Image-2021-06-03-at-17.55.51-1-1-300x300.jpeg 300w, https:\/\/blogsaverroes.juntadeandalucia.es\/ceprfedericogarcialorca\/files\/2021\/06\/WhatsApp-Image-2021-06-03-at-17.55.51-1-1-150x150.jpeg 150w, https:\/\/blogsaverroes.juntadeandalucia.es\/ceprfedericogarcialorca\/files\/2021\/06\/WhatsApp-Image-2021-06-03-at-17.55.51-1-1-80x80.jpeg 80w, https:\/\/blogsaverroes.juntadeandalucia.es\/ceprfedericogarcialorca\/files\/2021\/06\/WhatsApp-Image-2021-06-03-at-17.55.51-1-1-320x320.jpeg 320w, https:\/\/blogsaverroes.juntadeandalucia.es\/ceprfedericogarcialorca\/files\/2021\/06\/WhatsApp-Image-2021-06-03-at-17.55.51-1-1.jpeg 640w\" sizes=\"(max-width: 537px) 100vw, 537px\" \/><\/p>\n<p>&nbsp;<\/p>\n<p><img loading=\"lazy\" decoding=\"async\" class=\" wp-image-1913 aligncenter\" src=\"https:\/\/blogsaverroes.juntadeandalucia.es\/ceprfedericogarcialorca\/files\/2021\/06\/WhatsApp-Image-2021-06-03-at-17.55.52-4-300x300.jpeg\" alt=\"\" width=\"541\" height=\"541\" srcset=\"https:\/\/blogsaverroes.juntadeandalucia.es\/ceprfedericogarcialorca\/files\/2021\/06\/WhatsApp-Image-2021-06-03-at-17.55.52-4-300x300.jpeg 300w, https:\/\/blogsaverroes.juntadeandalucia.es\/ceprfedericogarcialorca\/files\/2021\/06\/WhatsApp-Image-2021-06-03-at-17.55.52-4-150x150.jpeg 150w, https:\/\/blogsaverroes.juntadeandalucia.es\/ceprfedericogarcialorca\/files\/2021\/06\/WhatsApp-Image-2021-06-03-at-17.55.52-4-80x80.jpeg 80w, https:\/\/blogsaverroes.juntadeandalucia.es\/ceprfedericogarcialorca\/files\/2021\/06\/WhatsApp-Image-2021-06-03-at-17.55.52-4-320x320.jpeg 320w, https:\/\/blogsaverroes.juntadeandalucia.es\/ceprfedericogarcialorca\/files\/2021\/06\/WhatsApp-Image-2021-06-03-at-17.55.52-4.jpeg 640w\" sizes=\"(max-width: 541px) 100vw, 541px\" \/><\/p>\n<p>&nbsp;<\/p>\n<p><img loading=\"lazy\" decoding=\"async\" class=\" wp-image-1912 aligncenter\" src=\"https:\/\/blogsaverroes.juntadeandalucia.es\/ceprfedericogarcialorca\/files\/2021\/06\/WhatsApp-Image-2021-06-03-at-17.55.52-1-1-169x300.jpeg\" alt=\"\" width=\"541\" height=\"960\"><\/p>\n<p>&nbsp;<\/p>\n<p><img loading=\"lazy\" decoding=\"async\" class=\" wp-image-1910 aligncenter\" src=\"https:\/\/blogsaverroes.juntadeandalucia.es\/ceprfedericogarcialorca\/files\/2021\/06\/WhatsApp-Image-2021-06-03-at-17.55.52-3-1-300x225.jpeg\" alt=\"\" width=\"558\" height=\"419\" srcset=\"https:\/\/blogsaverroes.juntadeandalucia.es\/ceprfedericogarcialorca\/files\/2021\/06\/WhatsApp-Image-2021-06-03-at-17.55.52-3-1-300x225.jpeg 300w, https:\/\/blogsaverroes.juntadeandalucia.es\/ceprfedericogarcialorca\/files\/2021\/06\/WhatsApp-Image-2021-06-03-at-17.55.52-3-1.jpeg 640w\" sizes=\"(max-width: 558px) 100vw, 558px\" \/><\/p>\n<p>&nbsp;<\/p>\n<p><img loading=\"lazy\" decoding=\"async\" class=\" wp-image-1906 aligncenter\" src=\"https:\/\/blogsaverroes.juntadeandalucia.es\/ceprfedericogarcialorca\/files\/2021\/06\/WhatsApp-Image-2021-06-03-at-17.55.46-300x225.jpeg\" alt=\"\" width=\"579\" height=\"434\" srcset=\"https:\/\/blogsaverroes.juntadeandalucia.es\/ceprfedericogarcialorca\/files\/2021\/06\/WhatsApp-Image-2021-06-03-at-17.55.46-300x225.jpeg 300w, https:\/\/blogsaverroes.juntadeandalucia.es\/ceprfedericogarcialorca\/files\/2021\/06\/WhatsApp-Image-2021-06-03-at-17.55.46.jpeg 640w\" sizes=\"(max-width: 579px) 100vw, 579px\" \/><\/p>\n<p>&nbsp;<\/p>\n<p><img loading=\"lazy\" decoding=\"async\" class=\" wp-image-1905 aligncenter\" src=\"https:\/\/blogsaverroes.juntadeandalucia.es\/ceprfedericogarcialorca\/files\/2021\/06\/WhatsApp-Image-2021-06-03-at-17.55.47-300x225.jpeg\" alt=\"\" width=\"579\" height=\"435\" srcset=\"https:\/\/blogsaverroes.juntadeandalucia.es\/ceprfedericogarcialorca\/files\/2021\/06\/WhatsApp-Image-2021-06-03-at-17.55.47-300x225.jpeg 300w, https:\/\/blogsaverroes.juntadeandalucia.es\/ceprfedericogarcialorca\/files\/2021\/06\/WhatsApp-Image-2021-06-03-at-17.55.47.jpeg 640w\" sizes=\"(max-width: 579px) 100vw, 579px\" \/><\/p>\n<p>&nbsp;<\/p>\n<p><img loading=\"lazy\" decoding=\"async\" class=\" wp-image-1904 aligncenter\" src=\"https:\/\/blogsaverroes.juntadeandalucia.es\/ceprfedericogarcialorca\/files\/2021\/06\/WhatsApp-Image-2021-06-03-at-17.55.48-300x225.jpeg\" alt=\"\" width=\"591\" height=\"444\" srcset=\"https:\/\/blogsaverroes.juntadeandalucia.es\/ceprfedericogarcialorca\/files\/2021\/06\/WhatsApp-Image-2021-06-03-at-17.55.48-300x225.jpeg 300w, https:\/\/blogsaverroes.juntadeandalucia.es\/ceprfedericogarcialorca\/files\/2021\/06\/WhatsApp-Image-2021-06-03-at-17.55.48.jpeg 640w\" sizes=\"(max-width: 591px) 100vw, 591px\" \/><\/p>\n<p>&nbsp;<\/p>\n<p><img loading=\"lazy\" decoding=\"async\" class=\" wp-image-1903 aligncenter\" src=\"https:\/\/blogsaverroes.juntadeandalucia.es\/ceprfedericogarcialorca\/files\/2021\/06\/WhatsApp-Image-2021-06-03-at-17.55.50-300x225.jpeg\" alt=\"\" width=\"586\" height=\"440\" srcset=\"https:\/\/blogsaverroes.juntadeandalucia.es\/ceprfedericogarcialorca\/files\/2021\/06\/WhatsApp-Image-2021-06-03-at-17.55.50-300x225.jpeg 300w, https:\/\/blogsaverroes.juntadeandalucia.es\/ceprfedericogarcialorca\/files\/2021\/06\/WhatsApp-Image-2021-06-03-at-17.55.50.jpeg 640w\" sizes=\"(max-width: 586px) 100vw, 586px\" \/><\/p>\n<p>&nbsp;<\/p>\n<p><img loading=\"lazy\" decoding=\"async\" class=\" wp-image-1902 aligncenter\" src=\"https:\/\/blogsaverroes.juntadeandalucia.es\/ceprfedericogarcialorca\/files\/2021\/06\/WhatsApp-Image-2021-06-03-at-17.55.50-1-300x225.jpeg\" alt=\"\" width=\"587\" height=\"440\" srcset=\"https:\/\/blogsaverroes.juntadeandalucia.es\/ceprfedericogarcialorca\/files\/2021\/06\/WhatsApp-Image-2021-06-03-at-17.55.50-1-300x225.jpeg 300w, https:\/\/blogsaverroes.juntadeandalucia.es\/ceprfedericogarcialorca\/files\/2021\/06\/WhatsApp-Image-2021-06-03-at-17.55.50-1.jpeg 640w\" sizes=\"(max-width: 587px) 100vw, 587px\" \/><\/p>\n<p>&nbsp;<\/p>\n<p><img loading=\"lazy\" decoding=\"async\" class=\" wp-image-1901 aligncenter\" src=\"https:\/\/blogsaverroes.juntadeandalucia.es\/ceprfedericogarcialorca\/files\/2021\/06\/WhatsApp-Image-2021-06-03-at-17.55.50-2-300x225.jpeg\" alt=\"\" width=\"595\" height=\"446\" srcset=\"https:\/\/blogsaverroes.juntadeandalucia.es\/ceprfedericogarcialorca\/files\/2021\/06\/WhatsApp-Image-2021-06-03-at-17.55.50-2-300x225.jpeg 300w, https:\/\/blogsaverroes.juntadeandalucia.es\/ceprfedericogarcialorca\/files\/2021\/06\/WhatsApp-Image-2021-06-03-at-17.55.50-2.jpeg 640w\" sizes=\"(max-width: 595px) 100vw, 595px\" \/><\/p>\n<p>&nbsp;<\/p>\n<p><img loading=\"lazy\" decoding=\"async\" class=\" wp-image-1911 aligncenter\" src=\"https:\/\/blogsaverroes.juntadeandalucia.es\/ceprfedericogarcialorca\/files\/2021\/06\/WhatsApp-Image-2021-06-03-at-17.55.52-2-1-169x300.jpeg\" alt=\"\" width=\"594\" height=\"1053\"><\/p>\n<p>&nbsp;<\/p>\n<p><img loading=\"lazy\" decoding=\"async\" class=\" wp-image-1561 aligncenter\" src=\"https:\/\/blogsaverroes.juntadeandalucia.es\/ceprfedericogarcialorca\/files\/2020\/06\/Financiado-300x53.jpg\" alt=\"\" width=\"634\" height=\"112\" srcset=\"https:\/\/blogsaverroes.juntadeandalucia.es\/ceprfedericogarcialorca\/files\/2020\/06\/Financiado-300x53.jpg 300w, https:\/\/blogsaverroes.juntadeandalucia.es\/ceprfedericogarcialorca\/files\/2020\/06\/Financiado-768x136.jpg 768w, https:\/\/blogsaverroes.juntadeandalucia.es\/ceprfedericogarcialorca\/files\/2020\/06\/Financiado-1024x182.jpg 1024w, https:\/\/blogsaverroes.juntadeandalucia.es\/ceprfedericogarcialorca\/files\/2020\/06\/Financiado-24x4.jpg 24w, https:\/\/blogsaverroes.juntadeandalucia.es\/ceprfedericogarcialorca\/files\/2020\/06\/Financiado-36x6.jpg 36w, https:\/\/blogsaverroes.juntadeandalucia.es\/ceprfedericogarcialorca\/files\/2020\/06\/Financiado-48x9.jpg 48w\" sizes=\"(max-width: 634px) 100vw, 634px\" \/><\/p>\n<p><img loading=\"lazy\" decoding=\"async\" class=\" wp-image-1562 aligncenter\" src=\"https:\/\/blogsaverroes.juntadeandalucia.es\/ceprfedericogarcialorca\/files\/2020\/06\/Banner-tres-logos2-300x51.jpg\" alt=\"\" width=\"853\" height=\"145\" srcset=\"https:\/\/blogsaverroes.juntadeandalucia.es\/ceprfedericogarcialorca\/files\/2020\/06\/Banner-tres-logos2-300x51.jpg 300w, https:\/\/blogsaverroes.juntadeandalucia.es\/ceprfedericogarcialorca\/files\/2020\/06\/Banner-tres-logos2-768x130.jpg 768w, https:\/\/blogsaverroes.juntadeandalucia.es\/ceprfedericogarcialorca\/files\/2020\/06\/Banner-tres-logos2-1024x173.jpg 1024w, https:\/\/blogsaverroes.juntadeandalucia.es\/ceprfedericogarcialorca\/files\/2020\/06\/Banner-tres-logos2-24x4.jpg 24w, https:\/\/blogsaverroes.juntadeandalucia.es\/ceprfedericogarcialorca\/files\/2020\/06\/Banner-tres-logos2-36x6.jpg 36w, https:\/\/blogsaverroes.juntadeandalucia.es\/ceprfedericogarcialorca\/files\/2020\/06\/Banner-tres-logos2-48x8.jpg 48w\" sizes=\"(max-width: 853px) 100vw, 853px\" \/><\/p>\n","protected":false},"excerpt":{"rendered":"<p>Aunque ya estamos en la recta final, hemos querido darle un peque\u00f1o cambio a nuestros recreos, realizando en uno de los patios del cole unos juegos \u201cde toda la vida\u201d, para que nuestros peques&#46;&#46;&#46;<\/p>\n","protected":false},"author":10926,"featured_media":1911,"comment_status":"open","ping_status":"open","sticky":false,"template":"","format":"standard","meta":{"ngg_post_thumbnail":0,"footnotes":""},"categories":[32],"tags":[],"aioseo_notices":[],"_links":{"self":[{"href":"https:\/\/blogsaverroes.juntadeandalucia.es\/ceprfedericogarcialorca\/wp-json\/wp\/v2\/posts\/1907"}],"collection":[{"href":"https:\/\/blogsaverroes.juntadeandalucia.es\/ceprfedericogarcialorca\/wp-json\/wp\/v2\/posts"}],"about":[{"href":"https:\/\/blogsaverroes.juntadeandalucia.es\/ceprfedericogarcialorca\/wp-json\/wp\/v2\/types\/post"}],"author":[{"embeddable":true,"href":"https:\/\/blogsaverroes.juntadeandalucia.es\/ceprfedericogarcialorca\/wp-json\/wp\/v2\/users\/10926"}],"replies":[{"embeddable":true,"href":"https:\/\/blogsaverroes.juntadeandalucia.es\/ceprfedericogarcialorca\/wp-json\/wp\/v2\/comments?post=1907"}],"version-history":[{"count":8,"href":"https:\/\/blogsaverroes.juntadeandalucia.es\/ceprfedericogarcialorca\/wp-json\/wp\/v2\/posts\/1907\/revisions"}],"predecessor-version":[{"id":1927,"href":"https:\/\/blogsaverroes.juntadeandalucia.es\/ceprfedericogarcialorca\/wp-json\/wp\/v2\/posts\/1907\/revisions\/1927"}],"wp:featuredmedia":[{"embeddable":true,"href":"https:\/\/blogsaverroes.juntadeandalucia.es\/ceprfedericogarcialorca\/wp-json\/wp\/v2\/media\/1911"}],"wp:attachment":[{"href":"https:\/\/blogsaverroes.juntadeandalucia.es\/ceprfedericogarcialorca\/wp-json\/wp\/v2\/media?parent=1907"}],"wp:term":[{"taxonomy":"category","embeddable":true,"href":"https:\/\/blogsaverroes.juntadeandalucia.es\/ceprfedericogarcialorca\/wp-json\/wp\/v2\/categories?post=1907"},{"taxonomy":"post_tag","embeddable":true,"href":"https:\/\/blogsaverroes.juntadeandalucia.es\/ceprfedericogarcialorca\/wp-json\/wp\/v2\/tags?post=1907"}],"curies":[{"name":"wp","href":"https:\/\/api.w.org\/{rel}","templated":true}]}}