{"id":2622,"date":"2022-03-21T13:38:42","date_gmt":"2022-03-21T12:38:42","guid":{"rendered":"https:\/\/blogsaverroes.juntadeandalucia.es\/ceprfedericogarcialorca\/?p=2622"},"modified":"2022-03-21T21:50:26","modified_gmt":"2022-03-21T20:50:26","slug":"dia-sindrome-de-down","status":"publish","type":"post","link":"https:\/\/blogsaverroes.juntadeandalucia.es\/ceprfedericogarcialorca\/2022\/03\/21\/dia-sindrome-de-down\/","title":{"rendered":"D\u00eda Mundial del S\u00edndrome de Down"},"content":{"rendered":"<p>Hoy 21 marzo hemos celebrado el D\u00eda Mundial del S\u00edndrome de Down. Se conmemora este d\u00eda porque es precisamente el cromosoma 21 el que se repite 3 veces en estas personas; esto significa que tienen una peque\u00f1a alteraci\u00f3n en sus genes.<br \/>\nPor eso, para remarcar la belleza de la diversidad y la tolerancia hacia ellos\/as, hemos venido con calcetines desparejados, pues se asemejan a la forma de los cromosomas, y hemos bailado juntos en el patio esta canci\u00f3n tan alentadora propuesta desde nuestro Proyecto Timbre.<br \/>\nEsperamos que os guste<\/p>\n<p><iframe loading=\"lazy\" src=\"\/\/www.youtube.com\/embed\/2NKmfymWVko\" width=\"560\" height=\"314\"><\/iframe><\/p>\n<p><iframe loading=\"lazy\" src=\"\/\/www.youtube.com\/embed\/44VIepOQXG4\" width=\"560\" height=\"314\"><\/iframe><\/p>\n","protected":false},"excerpt":{"rendered":"<p>Hoy 21 marzo hemos celebrado el D\u00eda Mundial del S\u00edndrome de Down. Se conmemora este d\u00eda porque es precisamente el cromosoma 21 el que se repite 3 veces en estas personas; esto significa que&#46;&#46;&#46;<\/p>\n","protected":false},"author":10926,"featured_media":2623,"comment_status":"open","ping_status":"open","sticky":false,"template":"","format":"standard","meta":{"ngg_post_thumbnail":0,"footnotes":""},"categories":[23],"tags":[],"aioseo_notices":[],"_links":{"self":[{"href":"https:\/\/blogsaverroes.juntadeandalucia.es\/ceprfedericogarcialorca\/wp-json\/wp\/v2\/posts\/2622"}],"collection":[{"href":"https:\/\/blogsaverroes.juntadeandalucia.es\/ceprfedericogarcialorca\/wp-json\/wp\/v2\/posts"}],"about":[{"href":"https:\/\/blogsaverroes.juntadeandalucia.es\/ceprfedericogarcialorca\/wp-json\/wp\/v2\/types\/post"}],"author":[{"embeddable":true,"href":"https:\/\/blogsaverroes.juntadeandalucia.es\/ceprfedericogarcialorca\/wp-json\/wp\/v2\/users\/10926"}],"replies":[{"embeddable":true,"href":"https:\/\/blogsaverroes.juntadeandalucia.es\/ceprfedericogarcialorca\/wp-json\/wp\/v2\/comments?post=2622"}],"version-history":[{"count":5,"href":"https:\/\/blogsaverroes.juntadeandalucia.es\/ceprfedericogarcialorca\/wp-json\/wp\/v2\/posts\/2622\/revisions"}],"predecessor-version":[{"id":2628,"href":"https:\/\/blogsaverroes.juntadeandalucia.es\/ceprfedericogarcialorca\/wp-json\/wp\/v2\/posts\/2622\/revisions\/2628"}],"wp:featuredmedia":[{"embeddable":true,"href":"https:\/\/blogsaverroes.juntadeandalucia.es\/ceprfedericogarcialorca\/wp-json\/wp\/v2\/media\/2623"}],"wp:attachment":[{"href":"https:\/\/blogsaverroes.juntadeandalucia.es\/ceprfedericogarcialorca\/wp-json\/wp\/v2\/media?parent=2622"}],"wp:term":[{"taxonomy":"category","embeddable":true,"href":"https:\/\/blogsaverroes.juntadeandalucia.es\/ceprfedericogarcialorca\/wp-json\/wp\/v2\/categories?post=2622"},{"taxonomy":"post_tag","embeddable":true,"href":"https:\/\/blogsaverroes.juntadeandalucia.es\/ceprfedericogarcialorca\/wp-json\/wp\/v2\/tags?post=2622"}],"curies":[{"name":"wp","href":"https:\/\/api.w.org\/{rel}","templated":true}]}}