{"id":3273,"date":"2022-11-01T17:38:19","date_gmt":"2022-11-01T16:38:19","guid":{"rendered":"https:\/\/blogsaverroes.juntadeandalucia.es\/ceprfedericogarcialorca\/?p=3273"},"modified":"2022-11-01T17:38:19","modified_gmt":"2022-11-01T16:38:19","slug":"concours-de-memes-en-francais","status":"publish","type":"post","link":"https:\/\/blogsaverroes.juntadeandalucia.es\/ceprfedericogarcialorca\/2022\/11\/01\/concours-de-memes-en-francais\/","title":{"rendered":"CONCOURS DE MEMES EN FRAN\u00c7AIS"},"content":{"rendered":"<p>En tercer ciclo se ha podido participar de manera voluntaria en un concurso de memes en franc\u00e9s. Tras dos semanas de plazo, llega el momento de votar nuestro favorito. Podemos votar tantas im\u00e1genes como nos gusten pero solo una vez cada imagen, simplemente hay que darle al coraz\u00f3n que encontrar\u00e1s bajo cada foto.<\/p>\n<p><em><u>Se puede votar hasta el domingo 6 de noviembre a las 22h.<\/u><\/em><\/p>\n<p>El lunes 7 de noviembre\u2026 \u00a1sabremos los ganadores!<\/p>\n<p>Con esta actividad se practican expresiones cotidianas y repasadas en nuestras primeras unidades del curso de la asignatura de franc\u00e9s, hacemos trabajar a nuestra originalidad y nos re\u00edmos un rato usando un recurso web muy de moda.<\/p>\n<p><a href=\"https:\/\/padlet.com\/profevalm2021\/wtk9nx7b3l8z8xyz\"><img loading=\"lazy\" decoding=\"async\" class=\" wp-image-3274 aligncenter\" src=\"https:\/\/blogsaverroes.juntadeandalucia.es\/ceprfedericogarcialorca\/files\/2022\/11\/manos.jpg\" alt=\"\" width=\"336\" height=\"236\"><\/a><\/p>\n<p style=\"text-align: center\"><span style=\"font-size: 18pt;font-family: terminal, monaco, monospace\"><strong>\u00a1\u00a1\u00a1Pinchad en la imagen para ir a votar!!!<\/strong><\/span><\/p>\n","protected":false},"excerpt":{"rendered":"<p>En tercer ciclo se ha podido participar de manera voluntaria en un concurso de memes en franc\u00e9s. Tras dos semanas de plazo, llega el momento de votar nuestro favorito. Podemos votar tantas im\u00e1genes como&#46;&#46;&#46;<\/p>\n","protected":false},"author":10926,"featured_media":3274,"comment_status":"open","ping_status":"open","sticky":false,"template":"","format":"standard","meta":{"ngg_post_thumbnail":0,"footnotes":""},"categories":[1],"tags":[],"aioseo_notices":[],"_links":{"self":[{"href":"https:\/\/blogsaverroes.juntadeandalucia.es\/ceprfedericogarcialorca\/wp-json\/wp\/v2\/posts\/3273"}],"collection":[{"href":"https:\/\/blogsaverroes.juntadeandalucia.es\/ceprfedericogarcialorca\/wp-json\/wp\/v2\/posts"}],"about":[{"href":"https:\/\/blogsaverroes.juntadeandalucia.es\/ceprfedericogarcialorca\/wp-json\/wp\/v2\/types\/post"}],"author":[{"embeddable":true,"href":"https:\/\/blogsaverroes.juntadeandalucia.es\/ceprfedericogarcialorca\/wp-json\/wp\/v2\/users\/10926"}],"replies":[{"embeddable":true,"href":"https:\/\/blogsaverroes.juntadeandalucia.es\/ceprfedericogarcialorca\/wp-json\/wp\/v2\/comments?post=3273"}],"version-history":[{"count":1,"href":"https:\/\/blogsaverroes.juntadeandalucia.es\/ceprfedericogarcialorca\/wp-json\/wp\/v2\/posts\/3273\/revisions"}],"predecessor-version":[{"id":3275,"href":"https:\/\/blogsaverroes.juntadeandalucia.es\/ceprfedericogarcialorca\/wp-json\/wp\/v2\/posts\/3273\/revisions\/3275"}],"wp:featuredmedia":[{"embeddable":true,"href":"https:\/\/blogsaverroes.juntadeandalucia.es\/ceprfedericogarcialorca\/wp-json\/wp\/v2\/media\/3274"}],"wp:attachment":[{"href":"https:\/\/blogsaverroes.juntadeandalucia.es\/ceprfedericogarcialorca\/wp-json\/wp\/v2\/media?parent=3273"}],"wp:term":[{"taxonomy":"category","embeddable":true,"href":"https:\/\/blogsaverroes.juntadeandalucia.es\/ceprfedericogarcialorca\/wp-json\/wp\/v2\/categories?post=3273"},{"taxonomy":"post_tag","embeddable":true,"href":"https:\/\/blogsaverroes.juntadeandalucia.es\/ceprfedericogarcialorca\/wp-json\/wp\/v2\/tags?post=3273"}],"curies":[{"name":"wp","href":"https:\/\/api.w.org\/{rel}","templated":true}]}}