{"id":3513,"date":"2023-02-06T14:59:42","date_gmt":"2023-02-06T13:59:42","guid":{"rendered":"https:\/\/blogsaverroes.juntadeandalucia.es\/ceprfedericogarcialorca\/?p=3513"},"modified":"2023-02-06T14:59:42","modified_gmt":"2023-02-06T13:59:42","slug":"presentacion-de-libro","status":"publish","type":"post","link":"https:\/\/blogsaverroes.juntadeandalucia.es\/ceprfedericogarcialorca\/2023\/02\/06\/presentacion-de-libro\/","title":{"rendered":"PRESENTACI\u00d3N DE LIBRO"},"content":{"rendered":"<p>Hoy lunes 6 febrero, a las 9:10h , Jos\u00e9 Espejo Ar\u00e9valo, escritor nacido en Fuente Palmera, junto al Jefe de Estudios,&nbsp; nos han le\u00eddo por megafon\u00eda, poes\u00edas escritas por \u00e9l.&nbsp; Adem\u00e1s, nos ha donado a la biblioteca muchos de sus libros de poes\u00edas que pod\u00e9is consultar y trabajarlos con vuestros alumnos\/as. Ha sido una experiencia fant\u00e1stica as\u00ed como educativa y desde el claustro de maestros\/as le damos las gracias ello.&nbsp;<\/p>\n<p><img loading=\"lazy\" decoding=\"async\" class=\"alignnone size-medium wp-image-3514\" src=\"https:\/\/blogsaverroes.juntadeandalucia.es\/ceprfedericogarcialorca\/files\/2023\/02\/WhatsApp-Image-2023-02-03-at-10.43.53-300x225.jpeg\" alt=\"\" width=\"300\" height=\"225\" srcset=\"https:\/\/blogsaverroes.juntadeandalucia.es\/ceprfedericogarcialorca\/files\/2023\/02\/WhatsApp-Image-2023-02-03-at-10.43.53-300x225.jpeg 300w, https:\/\/blogsaverroes.juntadeandalucia.es\/ceprfedericogarcialorca\/files\/2023\/02\/WhatsApp-Image-2023-02-03-at-10.43.53-1024x768.jpeg 1024w, https:\/\/blogsaverroes.juntadeandalucia.es\/ceprfedericogarcialorca\/files\/2023\/02\/WhatsApp-Image-2023-02-03-at-10.43.53-768x576.jpeg 768w, https:\/\/blogsaverroes.juntadeandalucia.es\/ceprfedericogarcialorca\/files\/2023\/02\/WhatsApp-Image-2023-02-03-at-10.43.53-1536x1152.jpeg 1536w, https:\/\/blogsaverroes.juntadeandalucia.es\/ceprfedericogarcialorca\/files\/2023\/02\/WhatsApp-Image-2023-02-03-at-10.43.53.jpeg 2048w\" sizes=\"(max-width: 300px) 100vw, 300px\" \/><\/p>\n","protected":false},"excerpt":{"rendered":"<p>Hoy lunes 6 febrero, a las 9:10h , Jos\u00e9 Espejo Ar\u00e9valo, escritor nacido en Fuente Palmera, junto al Jefe de Estudios,&nbsp; nos han le\u00eddo por megafon\u00eda, poes\u00edas escritas por \u00e9l.&nbsp; Adem\u00e1s, nos ha donado&#46;&#46;&#46;<\/p>\n","protected":false},"author":10926,"featured_media":3514,"comment_status":"open","ping_status":"open","sticky":false,"template":"","format":"standard","meta":{"ngg_post_thumbnail":0,"footnotes":""},"categories":[37],"tags":[],"aioseo_notices":[],"_links":{"self":[{"href":"https:\/\/blogsaverroes.juntadeandalucia.es\/ceprfedericogarcialorca\/wp-json\/wp\/v2\/posts\/3513"}],"collection":[{"href":"https:\/\/blogsaverroes.juntadeandalucia.es\/ceprfedericogarcialorca\/wp-json\/wp\/v2\/posts"}],"about":[{"href":"https:\/\/blogsaverroes.juntadeandalucia.es\/ceprfedericogarcialorca\/wp-json\/wp\/v2\/types\/post"}],"author":[{"embeddable":true,"href":"https:\/\/blogsaverroes.juntadeandalucia.es\/ceprfedericogarcialorca\/wp-json\/wp\/v2\/users\/10926"}],"replies":[{"embeddable":true,"href":"https:\/\/blogsaverroes.juntadeandalucia.es\/ceprfedericogarcialorca\/wp-json\/wp\/v2\/comments?post=3513"}],"version-history":[{"count":1,"href":"https:\/\/blogsaverroes.juntadeandalucia.es\/ceprfedericogarcialorca\/wp-json\/wp\/v2\/posts\/3513\/revisions"}],"predecessor-version":[{"id":3515,"href":"https:\/\/blogsaverroes.juntadeandalucia.es\/ceprfedericogarcialorca\/wp-json\/wp\/v2\/posts\/3513\/revisions\/3515"}],"wp:featuredmedia":[{"embeddable":true,"href":"https:\/\/blogsaverroes.juntadeandalucia.es\/ceprfedericogarcialorca\/wp-json\/wp\/v2\/media\/3514"}],"wp:attachment":[{"href":"https:\/\/blogsaverroes.juntadeandalucia.es\/ceprfedericogarcialorca\/wp-json\/wp\/v2\/media?parent=3513"}],"wp:term":[{"taxonomy":"category","embeddable":true,"href":"https:\/\/blogsaverroes.juntadeandalucia.es\/ceprfedericogarcialorca\/wp-json\/wp\/v2\/categories?post=3513"},{"taxonomy":"post_tag","embeddable":true,"href":"https:\/\/blogsaverroes.juntadeandalucia.es\/ceprfedericogarcialorca\/wp-json\/wp\/v2\/tags?post=3513"}],"curies":[{"name":"wp","href":"https:\/\/api.w.org\/{rel}","templated":true}]}}