{"id":1883,"date":"2025-10-03T13:04:30","date_gmt":"2025-10-03T12:04:30","guid":{"rendered":"https:\/\/blogsaverroes.juntadeandalucia.es\/ceprhermanoscarvajales\/?p=1883"},"modified":"2025-10-03T13:04:42","modified_gmt":"2025-10-03T12:04:42","slug":"otono-saludable","status":"publish","type":"post","link":"https:\/\/blogsaverroes.juntadeandalucia.es\/ceprhermanoscarvajales\/otono-saludable\/","title":{"rendered":"Oto\u00f1o Saludable"},"content":{"rendered":"<p><img loading=\"lazy\" decoding=\"async\" class=\"alignnone size-medium\" src=\"https:\/\/p84.cooltext.com\/Rendered\/Cool%20Text%20-%20Otoo%20Saludable%20492700271976938.png\" width=\"994\" height=\"131\"><\/p>\n<p>Desde el colegio apostamos por la <span style=\"font-size: 14pt\"><strong>alimentaci\u00f3n saludable y sostenible<\/strong><\/span> en el medio ambiente, de ah\u00ed que animamos a todo el mundo a que consuma <span style=\"font-size: 14pt;color: #ff0000\"><strong>productos y frutos de temporada<\/strong><\/span> que reducen nuestra huella ecol\u00f3gica. Ser\u00eda genial que los ni\u00f1os y ni\u00f1as traigan este tipo de frutos, no solo por su salud, sino por nuestro medio ambiente.<\/p>\n<p style=\"text-align: center\"><span style=\"color: #3366ff\"><strong><span style=\"font-size: 14pt\"> \u00a1\u00c1nimoooo! \u00a1Adem\u00e1s, est\u00e1n riqu\u00edsmasssss! \u00a1Echad un vistazo a los consejos o &#8220;tips&#8221; saludables!<\/span><\/strong><\/span><\/p>\n<p><a href=\"https:\/\/blogsaverroes.juntadeandalucia.es\/ceprhermanoscarvajales\/files\/2025\/10\/OTONO-SALUDABLE_1.jpg\"><img loading=\"lazy\" decoding=\"async\" class=\"aligncenter size-large wp-image-1884\" src=\"https:\/\/blogsaverroes.juntadeandalucia.es\/ceprhermanoscarvajales\/files\/2025\/10\/OTONO-SALUDABLE_1-725x1024.jpg\" alt=\"\" width=\"725\" height=\"1024\" srcset=\"https:\/\/blogsaverroes.juntadeandalucia.es\/ceprhermanoscarvajales\/files\/2025\/10\/OTONO-SALUDABLE_1-725x1024.jpg 725w, https:\/\/blogsaverroes.juntadeandalucia.es\/ceprhermanoscarvajales\/files\/2025\/10\/OTONO-SALUDABLE_1-212x300.jpg 212w, https:\/\/blogsaverroes.juntadeandalucia.es\/ceprhermanoscarvajales\/files\/2025\/10\/OTONO-SALUDABLE_1-768x1085.jpg 768w, https:\/\/blogsaverroes.juntadeandalucia.es\/ceprhermanoscarvajales\/files\/2025\/10\/OTONO-SALUDABLE_1.jpg 795w\" sizes=\"(max-width: 725px) 100vw, 725px\" \/><\/a><\/p>\n","protected":false},"excerpt":{"rendered":"<p>Desde el colegio apostamos por la alimentaci\u00f3n saludable y sostenible en el medio ambiente, de ah\u00ed que animamos a todo el mundo a que consuma productos y frutos de temporada que reducen nuestra huella&#46;&#46;&#46;<\/p>\n","protected":false},"author":20159,"featured_media":0,"comment_status":"closed","ping_status":"open","sticky":false,"template":"","format":"standard","meta":{"ngg_post_thumbnail":0,"footnotes":""},"categories":[1],"tags":[],"aioseo_notices":[],"_links":{"self":[{"href":"https:\/\/blogsaverroes.juntadeandalucia.es\/ceprhermanoscarvajales\/wp-json\/wp\/v2\/posts\/1883"}],"collection":[{"href":"https:\/\/blogsaverroes.juntadeandalucia.es\/ceprhermanoscarvajales\/wp-json\/wp\/v2\/posts"}],"about":[{"href":"https:\/\/blogsaverroes.juntadeandalucia.es\/ceprhermanoscarvajales\/wp-json\/wp\/v2\/types\/post"}],"author":[{"embeddable":true,"href":"https:\/\/blogsaverroes.juntadeandalucia.es\/ceprhermanoscarvajales\/wp-json\/wp\/v2\/users\/20159"}],"replies":[{"embeddable":true,"href":"https:\/\/blogsaverroes.juntadeandalucia.es\/ceprhermanoscarvajales\/wp-json\/wp\/v2\/comments?post=1883"}],"version-history":[{"count":1,"href":"https:\/\/blogsaverroes.juntadeandalucia.es\/ceprhermanoscarvajales\/wp-json\/wp\/v2\/posts\/1883\/revisions"}],"predecessor-version":[{"id":1885,"href":"https:\/\/blogsaverroes.juntadeandalucia.es\/ceprhermanoscarvajales\/wp-json\/wp\/v2\/posts\/1883\/revisions\/1885"}],"wp:attachment":[{"href":"https:\/\/blogsaverroes.juntadeandalucia.es\/ceprhermanoscarvajales\/wp-json\/wp\/v2\/media?parent=1883"}],"wp:term":[{"taxonomy":"category","embeddable":true,"href":"https:\/\/blogsaverroes.juntadeandalucia.es\/ceprhermanoscarvajales\/wp-json\/wp\/v2\/categories?post=1883"},{"taxonomy":"post_tag","embeddable":true,"href":"https:\/\/blogsaverroes.juntadeandalucia.es\/ceprhermanoscarvajales\/wp-json\/wp\/v2\/tags?post=1883"}],"curies":[{"name":"wp","href":"https:\/\/api.w.org\/{rel}","templated":true}]}}