{"id":1551,"date":"2025-03-08T12:20:41","date_gmt":"2025-03-08T11:20:41","guid":{"rendered":"https:\/\/blogsaverroes.juntadeandalucia.es\/ceprjuanpedro\/?p=1551"},"modified":"2025-03-08T12:20:41","modified_gmt":"2025-03-08T11:20:41","slug":"dia-internacional-de-la-mujer","status":"publish","type":"post","link":"https:\/\/blogsaverroes.juntadeandalucia.es\/ceprjuanpedro\/dia-internacional-de-la-mujer\/","title":{"rendered":"D\u00cdA INTERNACIONAL DE LA MUJER"},"content":{"rendered":"<p style=\"text-align: justify\">Nuestro centro ha celebrado el D\u00eda Internacional de la Mujer con muchas actividades. Se han hecho debates y exposiciones en clase sobre mujeres importantes de la historia. Se han realizado manualidades, redacciones, manifiestos y murales. Tambi\u00e9n se ha participado en el acto com\u00fan que ha organizado el Excmo. Ayuntamiento con los ni\u00f1os de la localidad. Nuestro alumnado de cuarto ha participado en esta actividad acudiendo con pancartas, dibujos y lemas que han trabajado previamente. Os dejamos unas fotos. \u00a1Feliz D\u00eda de la Mujer!<\/p>\n<p><img loading=\"lazy\" decoding=\"async\" class=\"aligncenter wp-image-1552 size-large\" src=\"https:\/\/blogsaverroes.juntadeandalucia.es\/ceprjuanpedro\/files\/2025\/03\/8m1-1024x771.jpg\" alt=\"\" width=\"1024\" height=\"771\" srcset=\"https:\/\/blogsaverroes.juntadeandalucia.es\/ceprjuanpedro\/files\/2025\/03\/8m1-980x738.jpg 980w, https:\/\/blogsaverroes.juntadeandalucia.es\/ceprjuanpedro\/files\/2025\/03\/8m1-480x361.jpg 480w\" sizes=\"(min-width: 0px) and (max-width: 480px) 480px, (min-width: 481px) and (max-width: 980px) 980px, (min-width: 981px) 1024px, 100vw\" \/> <img loading=\"lazy\" decoding=\"async\" class=\"aligncenter wp-image-1553 size-large\" src=\"https:\/\/blogsaverroes.juntadeandalucia.es\/ceprjuanpedro\/files\/2025\/03\/8m2-1024x768.jpeg\" alt=\"\" width=\"1024\" height=\"768\" srcset=\"https:\/\/blogsaverroes.juntadeandalucia.es\/ceprjuanpedro\/files\/2025\/03\/8m2-980x735.jpeg 980w, https:\/\/blogsaverroes.juntadeandalucia.es\/ceprjuanpedro\/files\/2025\/03\/8m2-480x360.jpeg 480w\" sizes=\"(min-width: 0px) and (max-width: 480px) 480px, (min-width: 481px) and (max-width: 980px) 980px, (min-width: 981px) 1024px, 100vw\" \/> <img loading=\"lazy\" decoding=\"async\" class=\"aligncenter wp-image-1554 size-large\" src=\"https:\/\/blogsaverroes.juntadeandalucia.es\/ceprjuanpedro\/files\/2025\/03\/8m3-1024x768.jpeg\" alt=\"\" width=\"1024\" height=\"768\" srcset=\"https:\/\/blogsaverroes.juntadeandalucia.es\/ceprjuanpedro\/files\/2025\/03\/8m3-980x735.jpeg 980w, https:\/\/blogsaverroes.juntadeandalucia.es\/ceprjuanpedro\/files\/2025\/03\/8m3-480x360.jpeg 480w\" sizes=\"(min-width: 0px) and (max-width: 480px) 480px, (min-width: 481px) and (max-width: 980px) 980px, (min-width: 981px) 1024px, 100vw\" \/> <img loading=\"lazy\" decoding=\"async\" class=\"aligncenter wp-image-1555 size-large\" src=\"https:\/\/blogsaverroes.juntadeandalucia.es\/ceprjuanpedro\/files\/2025\/03\/8m4-1024x768.jpeg\" alt=\"\" width=\"1024\" height=\"768\" srcset=\"https:\/\/blogsaverroes.juntadeandalucia.es\/ceprjuanpedro\/files\/2025\/03\/8m4-980x735.jpeg 980w, https:\/\/blogsaverroes.juntadeandalucia.es\/ceprjuanpedro\/files\/2025\/03\/8m4-480x360.jpeg 480w\" sizes=\"(min-width: 0px) and (max-width: 480px) 480px, (min-width: 481px) and (max-width: 980px) 980px, (min-width: 981px) 1024px, 100vw\" \/> <img loading=\"lazy\" decoding=\"async\" class=\"aligncenter wp-image-1556 size-large\" src=\"https:\/\/blogsaverroes.juntadeandalucia.es\/ceprjuanpedro\/files\/2025\/03\/8m5-1024x768.jpeg\" alt=\"\" width=\"1024\" height=\"768\" srcset=\"https:\/\/blogsaverroes.juntadeandalucia.es\/ceprjuanpedro\/files\/2025\/03\/8m5-980x735.jpeg 980w, https:\/\/blogsaverroes.juntadeandalucia.es\/ceprjuanpedro\/files\/2025\/03\/8m5-480x360.jpeg 480w\" sizes=\"(min-width: 0px) and (max-width: 480px) 480px, (min-width: 481px) and (max-width: 980px) 980px, (min-width: 981px) 1024px, 100vw\" \/> <img loading=\"lazy\" decoding=\"async\" class=\"alignnone wp-image-1557 size-large\" src=\"https:\/\/blogsaverroes.juntadeandalucia.es\/ceprjuanpedro\/files\/2025\/03\/8m6-1024x768.jpg\" alt=\"\" width=\"1024\" height=\"768\" srcset=\"https:\/\/blogsaverroes.juntadeandalucia.es\/ceprjuanpedro\/files\/2025\/03\/8m6-980x735.jpg 980w, https:\/\/blogsaverroes.juntadeandalucia.es\/ceprjuanpedro\/files\/2025\/03\/8m6-480x360.jpg 480w\" sizes=\"(min-width: 0px) and (max-width: 480px) 480px, (min-width: 481px) and (max-width: 980px) 980px, (min-width: 981px) 1024px, 100vw\" \/> <img loading=\"lazy\" decoding=\"async\" class=\"wp-image-1558 size-large aligncenter\" src=\"https:\/\/blogsaverroes.juntadeandalucia.es\/ceprjuanpedro\/files\/2025\/03\/8m7-1024x768.jpg\" alt=\"\" width=\"1024\" height=\"768\" srcset=\"https:\/\/blogsaverroes.juntadeandalucia.es\/ceprjuanpedro\/files\/2025\/03\/8m7-980x735.jpg 980w, https:\/\/blogsaverroes.juntadeandalucia.es\/ceprjuanpedro\/files\/2025\/03\/8m7-480x360.jpg 480w\" sizes=\"(min-width: 0px) and (max-width: 480px) 480px, (min-width: 481px) and (max-width: 980px) 980px, (min-width: 981px) 1024px, 100vw\" \/> <img loading=\"lazy\" decoding=\"async\" class=\"aligncenter wp-image-1559 size-large\" src=\"https:\/\/blogsaverroes.juntadeandalucia.es\/ceprjuanpedro\/files\/2025\/03\/8m8-1024x768.jpeg\" alt=\"\" width=\"1024\" height=\"768\" srcset=\"https:\/\/blogsaverroes.juntadeandalucia.es\/ceprjuanpedro\/files\/2025\/03\/8m8-980x735.jpeg 980w, https:\/\/blogsaverroes.juntadeandalucia.es\/ceprjuanpedro\/files\/2025\/03\/8m8-480x360.jpeg 480w\" sizes=\"(min-width: 0px) and (max-width: 480px) 480px, (min-width: 481px) and (max-width: 980px) 980px, (min-width: 981px) 1024px, 100vw\" \/><\/p>\n","protected":false},"excerpt":{"rendered":"<p>Nuestro centro ha celebrado el D\u00eda Internacional de la Mujer con muchas actividades. Se han hecho debates y exposiciones en clase sobre mujeres importantes de la historia. Se han realizado manualidades, redacciones, manifiestos y murales. Tambi\u00e9n se ha participado en el acto com\u00fan que ha organizado el Excmo. Ayuntamiento con los ni\u00f1os de la localidad. [&hellip;]<\/p>\n","protected":false},"author":19980,"featured_media":0,"comment_status":"closed","ping_status":"open","sticky":false,"template":"","format":"standard","meta":{"_et_pb_use_builder":"","_et_pb_old_content":"","_et_gb_content_width":"","ngg_post_thumbnail":0,"footnotes":""},"categories":[15,11,3,4],"tags":[],"aioseo_notices":[],"_links":{"self":[{"href":"https:\/\/blogsaverroes.juntadeandalucia.es\/ceprjuanpedro\/wp-json\/wp\/v2\/posts\/1551"}],"collection":[{"href":"https:\/\/blogsaverroes.juntadeandalucia.es\/ceprjuanpedro\/wp-json\/wp\/v2\/posts"}],"about":[{"href":"https:\/\/blogsaverroes.juntadeandalucia.es\/ceprjuanpedro\/wp-json\/wp\/v2\/types\/post"}],"author":[{"embeddable":true,"href":"https:\/\/blogsaverroes.juntadeandalucia.es\/ceprjuanpedro\/wp-json\/wp\/v2\/users\/19980"}],"replies":[{"embeddable":true,"href":"https:\/\/blogsaverroes.juntadeandalucia.es\/ceprjuanpedro\/wp-json\/wp\/v2\/comments?post=1551"}],"version-history":[{"count":1,"href":"https:\/\/blogsaverroes.juntadeandalucia.es\/ceprjuanpedro\/wp-json\/wp\/v2\/posts\/1551\/revisions"}],"predecessor-version":[{"id":1560,"href":"https:\/\/blogsaverroes.juntadeandalucia.es\/ceprjuanpedro\/wp-json\/wp\/v2\/posts\/1551\/revisions\/1560"}],"wp:attachment":[{"href":"https:\/\/blogsaverroes.juntadeandalucia.es\/ceprjuanpedro\/wp-json\/wp\/v2\/media?parent=1551"}],"wp:term":[{"taxonomy":"category","embeddable":true,"href":"https:\/\/blogsaverroes.juntadeandalucia.es\/ceprjuanpedro\/wp-json\/wp\/v2\/categories?post=1551"},{"taxonomy":"post_tag","embeddable":true,"href":"https:\/\/blogsaverroes.juntadeandalucia.es\/ceprjuanpedro\/wp-json\/wp\/v2\/tags?post=1551"}],"curies":[{"name":"wp","href":"https:\/\/api.w.org\/{rel}","templated":true}]}}