{"id":1726,"date":"2025-05-12T12:49:53","date_gmt":"2025-05-12T11:49:53","guid":{"rendered":"https:\/\/blogsaverroes.juntadeandalucia.es\/ceprjuanpedro\/?p=1726"},"modified":"2025-05-12T12:49:53","modified_gmt":"2025-05-12T11:49:53","slug":"bibliopatio","status":"publish","type":"post","link":"https:\/\/blogsaverroes.juntadeandalucia.es\/ceprjuanpedro\/bibliopatio\/","title":{"rendered":"BIBLIOPATIO"},"content":{"rendered":"<p style=\"text-align: justify\">Llega la primavera a nuestro cole y con ella las ganas de salir al patio a leer libros. En esta ocasi\u00f3n los ni\u00f1os y ni\u00f1as de segundo, leen a sus compa\u00f1eros y compa\u00f1eras el libro &#8220;No tengo sue\u00f1o&#8221;. Este libro ha sido prestado por el Club de la letras a trav\u00e9s de la biblioteca municipal a los que estamos especialmente agradecidos por compartir con nuestro alumnado este tipo de iniciativas tan importantes para el fomento de la lectura. Valores como la igualdad, la amistad y la ayuda mutua florecen como resultado de \u00e9stas experiencias tan enriquecedoras.<\/p>\n<p><img loading=\"lazy\" decoding=\"async\" class=\"aligncenter size-full wp-image-1727\" src=\"https:\/\/blogsaverroes.juntadeandalucia.es\/ceprjuanpedro\/files\/2025\/05\/portada-libro-No-tengo-sueno.jpg\" alt=\"\" width=\"719\" height=\"722\" srcset=\"https:\/\/blogsaverroes.juntadeandalucia.es\/ceprjuanpedro\/files\/2025\/05\/portada-libro-No-tengo-sueno.jpg 719w, https:\/\/blogsaverroes.juntadeandalucia.es\/ceprjuanpedro\/files\/2025\/05\/portada-libro-No-tengo-sueno-480x482.jpg 480w\" sizes=\"(min-width: 0px) and (max-width: 480px) 480px, (min-width: 481px) 719px, 100vw\" \/> <img loading=\"lazy\" decoding=\"async\" class=\"aligncenter size-large wp-image-1728\" src=\"https:\/\/blogsaverroes.juntadeandalucia.es\/ceprjuanpedro\/files\/2025\/05\/bibliopatio-1-1024x771.jpg\" alt=\"\" width=\"1024\" height=\"771\" srcset=\"https:\/\/blogsaverroes.juntadeandalucia.es\/ceprjuanpedro\/files\/2025\/05\/bibliopatio-1-980x738.jpg 980w, https:\/\/blogsaverroes.juntadeandalucia.es\/ceprjuanpedro\/files\/2025\/05\/bibliopatio-1-480x362.jpg 480w\" sizes=\"(min-width: 0px) and (max-width: 480px) 480px, (min-width: 481px) and (max-width: 980px) 980px, (min-width: 981px) 1024px, 100vw\" \/> <img loading=\"lazy\" decoding=\"async\" class=\"aligncenter size-large wp-image-1729\" src=\"https:\/\/blogsaverroes.juntadeandalucia.es\/ceprjuanpedro\/files\/2025\/05\/bibliopatio-1024x771.jpg\" alt=\"\" width=\"1024\" height=\"771\" srcset=\"https:\/\/blogsaverroes.juntadeandalucia.es\/ceprjuanpedro\/files\/2025\/05\/bibliopatio-980x738.jpg 980w, https:\/\/blogsaverroes.juntadeandalucia.es\/ceprjuanpedro\/files\/2025\/05\/bibliopatio-480x362.jpg 480w\" sizes=\"(min-width: 0px) and (max-width: 480px) 480px, (min-width: 481px) and (max-width: 980px) 980px, (min-width: 981px) 1024px, 100vw\" \/><\/p>\n","protected":false},"excerpt":{"rendered":"<p>Llega la primavera a nuestro cole y con ella las ganas de salir al patio a leer libros. En esta ocasi\u00f3n los ni\u00f1os y ni\u00f1as de segundo, leen a sus compa\u00f1eros y compa\u00f1eras el libro &#8220;No tengo sue\u00f1o&#8221;. Este libro ha sido prestado por el Club de la letras a trav\u00e9s de la biblioteca municipal [&hellip;]<\/p>\n","protected":false},"author":19980,"featured_media":0,"comment_status":"closed","ping_status":"open","sticky":false,"template":"","format":"standard","meta":{"_et_pb_use_builder":"","_et_pb_old_content":"","_et_gb_content_width":"","ngg_post_thumbnail":0,"footnotes":""},"categories":[14,11,3],"tags":[],"aioseo_notices":[],"_links":{"self":[{"href":"https:\/\/blogsaverroes.juntadeandalucia.es\/ceprjuanpedro\/wp-json\/wp\/v2\/posts\/1726"}],"collection":[{"href":"https:\/\/blogsaverroes.juntadeandalucia.es\/ceprjuanpedro\/wp-json\/wp\/v2\/posts"}],"about":[{"href":"https:\/\/blogsaverroes.juntadeandalucia.es\/ceprjuanpedro\/wp-json\/wp\/v2\/types\/post"}],"author":[{"embeddable":true,"href":"https:\/\/blogsaverroes.juntadeandalucia.es\/ceprjuanpedro\/wp-json\/wp\/v2\/users\/19980"}],"replies":[{"embeddable":true,"href":"https:\/\/blogsaverroes.juntadeandalucia.es\/ceprjuanpedro\/wp-json\/wp\/v2\/comments?post=1726"}],"version-history":[{"count":1,"href":"https:\/\/blogsaverroes.juntadeandalucia.es\/ceprjuanpedro\/wp-json\/wp\/v2\/posts\/1726\/revisions"}],"predecessor-version":[{"id":1730,"href":"https:\/\/blogsaverroes.juntadeandalucia.es\/ceprjuanpedro\/wp-json\/wp\/v2\/posts\/1726\/revisions\/1730"}],"wp:attachment":[{"href":"https:\/\/blogsaverroes.juntadeandalucia.es\/ceprjuanpedro\/wp-json\/wp\/v2\/media?parent=1726"}],"wp:term":[{"taxonomy":"category","embeddable":true,"href":"https:\/\/blogsaverroes.juntadeandalucia.es\/ceprjuanpedro\/wp-json\/wp\/v2\/categories?post=1726"},{"taxonomy":"post_tag","embeddable":true,"href":"https:\/\/blogsaverroes.juntadeandalucia.es\/ceprjuanpedro\/wp-json\/wp\/v2\/tags?post=1726"}],"curies":[{"name":"wp","href":"https:\/\/api.w.org\/{rel}","templated":true}]}}