{"id":2025,"date":"2025-11-21T10:38:05","date_gmt":"2025-11-21T09:38:05","guid":{"rendered":"https:\/\/blogsaverroes.juntadeandalucia.es\/ceprjuanpedro\/?p=2025"},"modified":"2025-11-24T10:52:13","modified_gmt":"2025-11-24T09:52:13","slug":"taller-cambia-el-compas","status":"publish","type":"post","link":"https:\/\/blogsaverroes.juntadeandalucia.es\/ceprjuanpedro\/taller-cambia-el-compas\/","title":{"rendered":"TALLER &#8220;CAMBIA EL COMP\u00c1S&#8221;"},"content":{"rendered":"<p style=\"text-align: justify\">Se ha desarrollado en nuestro centro el taller &#8220;Cambia el comp\u00e1s&#8221; enmarcado dentro del &#8220;D\u00eda Internacional para la eliminaci\u00f3n de la violencia de g\u00e9nero&#8221;, dirigido al alumnado de 5\u00ba y 6\u00ba de primaria, en colaboraci\u00f3n con el Excmo. Ayuntamiento de Alcaudete.<\/p>\n<p>OBJETIVOS<br \/>\n\uf0b7 Educar en valores igualitarios a trav\u00e9s de la m\u00fasica y las canciones.<br \/>\n\uf0b7 Sensibilizar hacia el poder de la m\u00fasica para unir a colectivos y personas.<br \/>\n\uf0b7 Fomentar el buen trato, el respeto y la empat\u00eda hacia todos los seres humanos,<br \/>\nsin importar su genero, orientaci\u00f3n sexual, etnia, nacionalidad o religi\u00f3n.<br \/>\n\uf0b7 Fomentar la convivencia en el aula y fuera de ella, y abordar la resoluci\u00f3n pac\u00edfica de conflictos.<\/p>\n<p>CONTENIDOS<br \/>\n1. La socializaci\u00f3n diferenciada como base de la desigualdad de genero.<br \/>\n2. Los medios de comunicaci\u00f3n como veh\u00edculo transmisor del mensaje sexista.<br \/>\n3. Sensibilizaci\u00f3n hacia la igualdad de genero y la resoluci\u00f3n pac\u00edfica de conflictos a trav\u00e9s de la m\u00fasica y las canciones.<\/p>\n<p style=\"text-align: justify\">DESARROLLO<br \/>\nEs un taller practico y participativo, que fomenta el aprendizaje significativo con contenidos transferibles a la vida cotidiana de los y las menores de Primaria. En un primer momento se reflexionara sobre las diferencias personales y la igualdad. Se har\u00e1 una reflexi\u00f3n sobre la asociaci\u00f3n de caracter\u00edsticas personales y genero.<br \/>\nPosteriormente, nos \u201ctrasladaremos\u201d al festival \u201cCAMBIA EL COMP\u00c1S\u201d, donde escucharemos canciones y nos pararemos a leer sus letras y analizarlas. Por ultimo, se har\u00e1 un debate grupal y se elegir\u00e1 una canci\u00f3n para interpretarla.<\/p>\n<p style=\"text-align: justify\">La actividad ha gustado mucho al alumnado siendo muy pr\u00e1ctica y participativa y perfectamente adaptada a la edad del alumnado. Os dejamos unas fotos.<\/p>\n<p><img loading=\"lazy\" decoding=\"async\" class=\"aligncenter size-large wp-image-2023\" src=\"https:\/\/blogsaverroes.juntadeandalucia.es\/ceprjuanpedro\/files\/2025\/11\/20n5b-1024x768.jpg\" alt=\"\" width=\"1024\" height=\"768\" srcset=\"https:\/\/blogsaverroes.juntadeandalucia.es\/ceprjuanpedro\/files\/2025\/11\/20n5b-980x735.jpg 980w, https:\/\/blogsaverroes.juntadeandalucia.es\/ceprjuanpedro\/files\/2025\/11\/20n5b-480x360.jpg 480w\" sizes=\"(min-width: 0px) and (max-width: 480px) 480px, (min-width: 481px) and (max-width: 980px) 980px, (min-width: 981px) 1024px, 100vw\" \/> <img loading=\"lazy\" decoding=\"async\" class=\"aligncenter size-large wp-image-2024\" src=\"https:\/\/blogsaverroes.juntadeandalucia.es\/ceprjuanpedro\/files\/2025\/11\/20n6b-1024x771.jpg\" alt=\"\" width=\"1024\" height=\"771\" srcset=\"https:\/\/blogsaverroes.juntadeandalucia.es\/ceprjuanpedro\/files\/2025\/11\/20n6b-980x738.jpg 980w, https:\/\/blogsaverroes.juntadeandalucia.es\/ceprjuanpedro\/files\/2025\/11\/20n6b-480x362.jpg 480w\" sizes=\"(min-width: 0px) and (max-width: 480px) 480px, (min-width: 481px) and (max-width: 980px) 980px, (min-width: 981px) 1024px, 100vw\" \/><\/p>\n","protected":false},"excerpt":{"rendered":"<p>Se ha desarrollado en nuestro centro el taller &#8220;Cambia el comp\u00e1s&#8221; enmarcado dentro del &#8220;D\u00eda Internacional para la eliminaci\u00f3n de la violencia de g\u00e9nero&#8221;, dirigido al alumnado de 5\u00ba y 6\u00ba de primaria, en colaboraci\u00f3n con el Excmo. Ayuntamiento de Alcaudete. OBJETIVOS \uf0b7 Educar en valores igualitarios a trav\u00e9s de la m\u00fasica y las canciones. [&hellip;]<\/p>\n","protected":false},"author":19980,"featured_media":0,"comment_status":"open","ping_status":"closed","sticky":false,"template":"","format":"standard","meta":{"_et_pb_use_builder":"","_et_pb_old_content":"","_et_gb_content_width":"","ngg_post_thumbnail":0,"footnotes":""},"categories":[15,3,4,18],"tags":[],"aioseo_notices":[],"_links":{"self":[{"href":"https:\/\/blogsaverroes.juntadeandalucia.es\/ceprjuanpedro\/wp-json\/wp\/v2\/posts\/2025"}],"collection":[{"href":"https:\/\/blogsaverroes.juntadeandalucia.es\/ceprjuanpedro\/wp-json\/wp\/v2\/posts"}],"about":[{"href":"https:\/\/blogsaverroes.juntadeandalucia.es\/ceprjuanpedro\/wp-json\/wp\/v2\/types\/post"}],"author":[{"embeddable":true,"href":"https:\/\/blogsaverroes.juntadeandalucia.es\/ceprjuanpedro\/wp-json\/wp\/v2\/users\/19980"}],"replies":[{"embeddable":true,"href":"https:\/\/blogsaverroes.juntadeandalucia.es\/ceprjuanpedro\/wp-json\/wp\/v2\/comments?post=2025"}],"version-history":[{"count":6,"href":"https:\/\/blogsaverroes.juntadeandalucia.es\/ceprjuanpedro\/wp-json\/wp\/v2\/posts\/2025\/revisions"}],"predecessor-version":[{"id":2031,"href":"https:\/\/blogsaverroes.juntadeandalucia.es\/ceprjuanpedro\/wp-json\/wp\/v2\/posts\/2025\/revisions\/2031"}],"wp:attachment":[{"href":"https:\/\/blogsaverroes.juntadeandalucia.es\/ceprjuanpedro\/wp-json\/wp\/v2\/media?parent=2025"}],"wp:term":[{"taxonomy":"category","embeddable":true,"href":"https:\/\/blogsaverroes.juntadeandalucia.es\/ceprjuanpedro\/wp-json\/wp\/v2\/categories?post=2025"},{"taxonomy":"post_tag","embeddable":true,"href":"https:\/\/blogsaverroes.juntadeandalucia.es\/ceprjuanpedro\/wp-json\/wp\/v2\/tags?post=2025"}],"curies":[{"name":"wp","href":"https:\/\/api.w.org\/{rel}","templated":true}]}}