{"id":2410,"date":"2026-04-28T18:45:12","date_gmt":"2026-04-28T17:45:12","guid":{"rendered":"https:\/\/blogsaverroes.juntadeandalucia.es\/ceprjuanpedro\/?p=2410"},"modified":"2026-04-28T18:45:12","modified_gmt":"2026-04-28T17:45:12","slug":"excursion-de-segundo-ciclo-a-huelma","status":"publish","type":"post","link":"https:\/\/blogsaverroes.juntadeandalucia.es\/ceprjuanpedro\/excursion-de-segundo-ciclo-a-huelma\/","title":{"rendered":"EXCURSI\u00d3N DE SEGUNDO CICLO A HUELMA"},"content":{"rendered":"<p class=\"isSelectedEnd\" style=\"text-align: justify\">El alumnado de segundo ciclo ha disfrutado de una jornada inolvidable en Huelma, donde ha participado en diversas actividades en un parque multiaventura. A lo largo del d\u00eda, los ni\u00f1os y ni\u00f1as han realizado cars, circuitos multisaltos, escalada, coreograf\u00edas y han explorado diferentes zonas de juego.<\/p>\n<p class=\"isSelectedEnd\" style=\"text-align: justify\">Adem\u00e1s de la diversi\u00f3n, esta salida ha tenido un importante valor educativo. A trav\u00e9s de las distintas actividades, el alumnado ha desarrollado habilidades motrices, mejorando su coordinaci\u00f3n, equilibrio y destreza f\u00edsica. Asimismo, han trabajado aspectos fundamentales como el trabajo en equipo, la cooperaci\u00f3n y el respeto hacia los dem\u00e1s, fortaleciendo la convivencia entre compa\u00f1eros y compa\u00f1eras.<\/p>\n<p class=\"isSelectedEnd\" style=\"text-align: justify\">Las propuestas tambi\u00e9n han fomentado la autonom\u00eda personal, la superaci\u00f3n de retos y la confianza en s\u00ed mismos, especialmente en actividades como la escalada o los circuitos. Todo ello en un entorno seguro y motivador, que ha favorecido el aprendizaje vivencial.<\/p>\n<p style=\"text-align: justify\">La jornada ha transcurrido con muy buen tiempo y en un ambiente inmejorable. Sin duda, ha sido un d\u00eda muy enriquecedor en el que el alumnado no solo se ha divertido, sino que tambi\u00e9n ha aprendido de una forma diferente, creando recuerdos muy positivos.<\/p>\n<p><img loading=\"lazy\" decoding=\"async\" class=\"aligncenter size-large wp-image-2412\" src=\"https:\/\/blogsaverroes.juntadeandalucia.es\/ceprjuanpedro\/files\/2026\/04\/IMG-20260427-WA0002-1024x576.jpg\" alt=\"\" width=\"1024\" height=\"576\" srcset=\"https:\/\/blogsaverroes.juntadeandalucia.es\/ceprjuanpedro\/files\/2026\/04\/IMG-20260427-WA0002-980x551.jpg 980w, https:\/\/blogsaverroes.juntadeandalucia.es\/ceprjuanpedro\/files\/2026\/04\/IMG-20260427-WA0002-480x270.jpg 480w\" sizes=\"(min-width: 0px) and (max-width: 480px) 480px, (min-width: 481px) and (max-width: 980px) 980px, (min-width: 981px) 1024px, 100vw\" \/> <img loading=\"lazy\" decoding=\"async\" class=\"aligncenter size-large wp-image-2413\" src=\"https:\/\/blogsaverroes.juntadeandalucia.es\/ceprjuanpedro\/files\/2026\/04\/IMG-20260427-WA0003-576x1024.jpg\" alt=\"\" width=\"576\" height=\"1024\"> <img loading=\"lazy\" decoding=\"async\" class=\"aligncenter size-large wp-image-2414\" src=\"https:\/\/blogsaverroes.juntadeandalucia.es\/ceprjuanpedro\/files\/2026\/04\/IMG-20260427-WA0006-1024x576.jpg\" alt=\"\" width=\"1024\" height=\"576\" srcset=\"https:\/\/blogsaverroes.juntadeandalucia.es\/ceprjuanpedro\/files\/2026\/04\/IMG-20260427-WA0006-980x551.jpg 980w, https:\/\/blogsaverroes.juntadeandalucia.es\/ceprjuanpedro\/files\/2026\/04\/IMG-20260427-WA0006-480x270.jpg 480w\" sizes=\"(min-width: 0px) and (max-width: 480px) 480px, (min-width: 481px) and (max-width: 980px) 980px, (min-width: 981px) 1024px, 100vw\" \/> <img loading=\"lazy\" decoding=\"async\" class=\"aligncenter size-large wp-image-2415\" src=\"https:\/\/blogsaverroes.juntadeandalucia.es\/ceprjuanpedro\/files\/2026\/04\/IMG-20260427-WA0008-1024x576.jpg\" alt=\"\" width=\"1024\" height=\"576\" srcset=\"https:\/\/blogsaverroes.juntadeandalucia.es\/ceprjuanpedro\/files\/2026\/04\/IMG-20260427-WA0008-980x551.jpg 980w, https:\/\/blogsaverroes.juntadeandalucia.es\/ceprjuanpedro\/files\/2026\/04\/IMG-20260427-WA0008-480x270.jpg 480w\" sizes=\"(min-width: 0px) and (max-width: 480px) 480px, (min-width: 481px) and (max-width: 980px) 980px, (min-width: 981px) 1024px, 100vw\" \/> <img loading=\"lazy\" decoding=\"async\" class=\"aligncenter size-large wp-image-2416\" src=\"https:\/\/blogsaverroes.juntadeandalucia.es\/ceprjuanpedro\/files\/2026\/04\/IMG-20260427-WA0017-1024x458.jpg\" alt=\"\" width=\"1024\" height=\"458\" srcset=\"https:\/\/blogsaverroes.juntadeandalucia.es\/ceprjuanpedro\/files\/2026\/04\/IMG-20260427-WA0017-980x438.jpg 980w, https:\/\/blogsaverroes.juntadeandalucia.es\/ceprjuanpedro\/files\/2026\/04\/IMG-20260427-WA0017-480x215.jpg 480w\" sizes=\"(min-width: 0px) and (max-width: 480px) 480px, (min-width: 481px) and (max-width: 980px) 980px, (min-width: 981px) 1024px, 100vw\" \/> <img loading=\"lazy\" decoding=\"async\" class=\"aligncenter size-large wp-image-2417\" src=\"https:\/\/blogsaverroes.juntadeandalucia.es\/ceprjuanpedro\/files\/2026\/04\/IMG-20260427-WA0018-1024x458.jpg\" alt=\"\" width=\"1024\" height=\"458\" srcset=\"https:\/\/blogsaverroes.juntadeandalucia.es\/ceprjuanpedro\/files\/2026\/04\/IMG-20260427-WA0018-980x438.jpg 980w, https:\/\/blogsaverroes.juntadeandalucia.es\/ceprjuanpedro\/files\/2026\/04\/IMG-20260427-WA0018-480x215.jpg 480w\" sizes=\"(min-width: 0px) and (max-width: 480px) 480px, (min-width: 481px) and (max-width: 980px) 980px, (min-width: 981px) 1024px, 100vw\" \/> <img loading=\"lazy\" decoding=\"async\" class=\"aligncenter size-large wp-image-2418\" src=\"https:\/\/blogsaverroes.juntadeandalucia.es\/ceprjuanpedro\/files\/2026\/04\/IMG-20260427-WA0020-1024x458.jpg\" alt=\"\" width=\"1024\" height=\"458\" srcset=\"https:\/\/blogsaverroes.juntadeandalucia.es\/ceprjuanpedro\/files\/2026\/04\/IMG-20260427-WA0020-980x438.jpg 980w, https:\/\/blogsaverroes.juntadeandalucia.es\/ceprjuanpedro\/files\/2026\/04\/IMG-20260427-WA0020-480x215.jpg 480w\" sizes=\"(min-width: 0px) and (max-width: 480px) 480px, (min-width: 481px) and (max-width: 980px) 980px, (min-width: 981px) 1024px, 100vw\" \/> <img loading=\"lazy\" decoding=\"async\" class=\"aligncenter size-large wp-image-2419\" src=\"https:\/\/blogsaverroes.juntadeandalucia.es\/ceprjuanpedro\/files\/2026\/04\/IMG-20260427-WA0022-1024x458.jpg\" alt=\"\" width=\"1024\" height=\"458\" srcset=\"https:\/\/blogsaverroes.juntadeandalucia.es\/ceprjuanpedro\/files\/2026\/04\/IMG-20260427-WA0022-980x438.jpg 980w, https:\/\/blogsaverroes.juntadeandalucia.es\/ceprjuanpedro\/files\/2026\/04\/IMG-20260427-WA0022-480x215.jpg 480w\" sizes=\"(min-width: 0px) and (max-width: 480px) 480px, (min-width: 481px) and (max-width: 980px) 980px, (min-width: 981px) 1024px, 100vw\" \/> <img loading=\"lazy\" decoding=\"async\" class=\"aligncenter size-large wp-image-2420\" src=\"https:\/\/blogsaverroes.juntadeandalucia.es\/ceprjuanpedro\/files\/2026\/04\/IMG-20260427-WA0025-1024x458.jpg\" alt=\"\" width=\"1024\" height=\"458\" srcset=\"https:\/\/blogsaverroes.juntadeandalucia.es\/ceprjuanpedro\/files\/2026\/04\/IMG-20260427-WA0025-980x438.jpg 980w, https:\/\/blogsaverroes.juntadeandalucia.es\/ceprjuanpedro\/files\/2026\/04\/IMG-20260427-WA0025-480x215.jpg 480w\" sizes=\"(min-width: 0px) and (max-width: 480px) 480px, (min-width: 481px) and (max-width: 980px) 980px, (min-width: 981px) 1024px, 100vw\" \/><\/p>\n","protected":false},"excerpt":{"rendered":"<p>El alumnado de segundo ciclo ha disfrutado de una jornada inolvidable en Huelma, donde ha participado en diversas actividades en un parque multiaventura. A lo largo del d\u00eda, los ni\u00f1os y ni\u00f1as han realizado cars, circuitos multisaltos, escalada, coreograf\u00edas y han explorado diferentes zonas de juego. Adem\u00e1s de la diversi\u00f3n, esta salida ha tenido un [&hellip;]<\/p>\n","protected":false},"author":19980,"featured_media":0,"comment_status":"open","ping_status":"closed","sticky":false,"template":"","format":"standard","meta":{"_et_pb_use_builder":"","_et_pb_old_content":"","_et_gb_content_width":"","ngg_post_thumbnail":0,"footnotes":""},"categories":[17,11,3,4,27],"tags":[],"aioseo_notices":[],"_links":{"self":[{"href":"https:\/\/blogsaverroes.juntadeandalucia.es\/ceprjuanpedro\/wp-json\/wp\/v2\/posts\/2410"}],"collection":[{"href":"https:\/\/blogsaverroes.juntadeandalucia.es\/ceprjuanpedro\/wp-json\/wp\/v2\/posts"}],"about":[{"href":"https:\/\/blogsaverroes.juntadeandalucia.es\/ceprjuanpedro\/wp-json\/wp\/v2\/types\/post"}],"author":[{"embeddable":true,"href":"https:\/\/blogsaverroes.juntadeandalucia.es\/ceprjuanpedro\/wp-json\/wp\/v2\/users\/19980"}],"replies":[{"embeddable":true,"href":"https:\/\/blogsaverroes.juntadeandalucia.es\/ceprjuanpedro\/wp-json\/wp\/v2\/comments?post=2410"}],"version-history":[{"count":2,"href":"https:\/\/blogsaverroes.juntadeandalucia.es\/ceprjuanpedro\/wp-json\/wp\/v2\/posts\/2410\/revisions"}],"predecessor-version":[{"id":2421,"href":"https:\/\/blogsaverroes.juntadeandalucia.es\/ceprjuanpedro\/wp-json\/wp\/v2\/posts\/2410\/revisions\/2421"}],"wp:attachment":[{"href":"https:\/\/blogsaverroes.juntadeandalucia.es\/ceprjuanpedro\/wp-json\/wp\/v2\/media?parent=2410"}],"wp:term":[{"taxonomy":"category","embeddable":true,"href":"https:\/\/blogsaverroes.juntadeandalucia.es\/ceprjuanpedro\/wp-json\/wp\/v2\/categories?post=2410"},{"taxonomy":"post_tag","embeddable":true,"href":"https:\/\/blogsaverroes.juntadeandalucia.es\/ceprjuanpedro\/wp-json\/wp\/v2\/tags?post=2410"}],"curies":[{"name":"wp","href":"https:\/\/api.w.org\/{rel}","templated":true}]}}