{"id":2543,"date":"2017-12-04T10:09:06","date_gmt":"2017-12-04T09:09:06","guid":{"rendered":"http:\/\/blogsaverroes.juntadeandalucia.es\/ceprnuestrasenoradelasnieves\/?p=2543"},"modified":"2025-05-07T19:40:24","modified_gmt":"2025-05-07T18:40:24","slug":"programa-educar-con-conciencia","status":"publish","type":"post","link":"https:\/\/blogsaverroes.juntadeandalucia.es\/ceprnuestrasenoradelasnieves\/2017\/12\/04\/programa-educar-con-conciencia\/","title":{"rendered":"PROGRAMA \u201cEDUCAR CON CONCIENCIA\u201d"},"content":{"rendered":"<p><a href=\"https:\/\/blogsaverroes.juntadeandalucia.es\/ceprnuestrasenoradelasnieves\/files\/2017\/12\/PROGRAMA-\u201cEDUCAR-CON-CONCIENCIA\u201d.pdf\">PROGRAMA \u201cEDUCAR CON CONCIENCIA\u201d<\/a><\/p>\n<p>Con este programa se pretende apoyar a las familias en la educaci\u00f3n emocional de sus<br \/>\nhijos, acompa\u00f1\u00e1ndolas en el descubrimiento de ser conscientes de las pr\u00e1cticas educativas que<br \/>\naplican en casa y en aprovechar los momentos cr\u00edticos en pro del desarrollo emocional de los<br \/>\nmenores.<\/p>\n<p>&nbsp;<\/p>\n","protected":false},"excerpt":{"rendered":"<p>PROGRAMA \u201cEDUCAR CON CONCIENCIA\u201d Con este programa se pretende apoyar a las familias en la educaci\u00f3n emocional de sus hijos, acompa\u00f1\u00e1ndolas en el descubrimiento de ser conscientes de las pr\u00e1cticas educativas que aplican en casa y en aprovechar los momentos cr\u00edticos en pro del desarrollo emocional de los menores. &nbsp;<\/p>\n","protected":false},"author":2244,"featured_media":0,"comment_status":"closed","ping_status":"open","sticky":false,"template":"","format":"standard","meta":{"footnotes":""},"categories":[2281729],"tags":[],"aioseo_notices":[],"_links":{"self":[{"href":"https:\/\/blogsaverroes.juntadeandalucia.es\/ceprnuestrasenoradelasnieves\/wp-json\/wp\/v2\/posts\/2543"}],"collection":[{"href":"https:\/\/blogsaverroes.juntadeandalucia.es\/ceprnuestrasenoradelasnieves\/wp-json\/wp\/v2\/posts"}],"about":[{"href":"https:\/\/blogsaverroes.juntadeandalucia.es\/ceprnuestrasenoradelasnieves\/wp-json\/wp\/v2\/types\/post"}],"author":[{"embeddable":true,"href":"https:\/\/blogsaverroes.juntadeandalucia.es\/ceprnuestrasenoradelasnieves\/wp-json\/wp\/v2\/users\/2244"}],"replies":[{"embeddable":true,"href":"https:\/\/blogsaverroes.juntadeandalucia.es\/ceprnuestrasenoradelasnieves\/wp-json\/wp\/v2\/comments?post=2543"}],"version-history":[{"count":1,"href":"https:\/\/blogsaverroes.juntadeandalucia.es\/ceprnuestrasenoradelasnieves\/wp-json\/wp\/v2\/posts\/2543\/revisions"}],"predecessor-version":[{"id":2545,"href":"https:\/\/blogsaverroes.juntadeandalucia.es\/ceprnuestrasenoradelasnieves\/wp-json\/wp\/v2\/posts\/2543\/revisions\/2545"}],"wp:attachment":[{"href":"https:\/\/blogsaverroes.juntadeandalucia.es\/ceprnuestrasenoradelasnieves\/wp-json\/wp\/v2\/media?parent=2543"}],"wp:term":[{"taxonomy":"category","embeddable":true,"href":"https:\/\/blogsaverroes.juntadeandalucia.es\/ceprnuestrasenoradelasnieves\/wp-json\/wp\/v2\/categories?post=2543"},{"taxonomy":"post_tag","embeddable":true,"href":"https:\/\/blogsaverroes.juntadeandalucia.es\/ceprnuestrasenoradelasnieves\/wp-json\/wp\/v2\/tags?post=2543"}],"curies":[{"name":"wp","href":"https:\/\/api.w.org\/{rel}","templated":true}]}}