{"id":3933,"date":"2021-04-14T11:55:34","date_gmt":"2021-04-14T11:55:34","guid":{"rendered":"https:\/\/blogsaverroes.juntadeandalucia.es\/ceprpadremendez\/?p=3933"},"modified":"2021-04-14T11:55:34","modified_gmt":"2021-04-14T11:55:34","slug":"consulta-individualizada-del-baremo-del-proceso-de-admision","status":"publish","type":"post","link":"https:\/\/blogsaverroes.juntadeandalucia.es\/ceprpadremendez\/2021\/04\/14\/consulta-individualizada-del-baremo-del-proceso-de-admision\/","title":{"rendered":"Consulta individualizada del baremo del proceso de admisi\u00f3n"},"content":{"rendered":"<div>Desde Servicios Centrales de la Consejer\u00eda nos comunican que a partir del d\u00eda 14 de abril de 2021, los padres o tutores legales de los\/as alumnos\/as que han participado en el proceso de admisi\u00f3n para el curso 2021-22, podr\u00e1n consultar la puntuaci\u00f3n obtenida en el listado baremado de solicitudes, de forma individualizada a trav\u00e9s del acceso a la SECRETAR\u00cdA VIRTUAL DE LOS CENTROS EDUCATIVOS en el apartado \u00abConsultas\u00bb en la consulta denominada: \u00abConsulta del baremo del proceso de admisi\u00f3n en las ense\u00f1anzas de segundo ciclo de educaci\u00f3n infantil, educaci\u00f3n primaria, educaci\u00f3n especial, educaci\u00f3n secundaria obligatoria, programas de cualificaci\u00f3n profesional inicial y bachillerato para el curso 2021\/2022.<\/div>\n<div>&nbsp;<\/div>\n<div>Un saludo<\/div>\n","protected":false},"excerpt":{"rendered":"<p>Desde Servicios Centrales de la Consejer\u00eda nos comunican que a partir del d\u00eda 14 de abril de 2021, los padres o tutores legales de los\/as alumnos\/as que han participado en el proceso de admisi\u00f3n&#46;&#46;&#46;<\/p>\n","protected":false},"author":6676,"featured_media":3934,"comment_status":"open","ping_status":"open","sticky":false,"template":"","format":"standard","meta":{"ngg_post_thumbnail":0,"footnotes":""},"categories":[421136],"tags":[],"aioseo_notices":[],"_links":{"self":[{"href":"https:\/\/blogsaverroes.juntadeandalucia.es\/ceprpadremendez\/wp-json\/wp\/v2\/posts\/3933"}],"collection":[{"href":"https:\/\/blogsaverroes.juntadeandalucia.es\/ceprpadremendez\/wp-json\/wp\/v2\/posts"}],"about":[{"href":"https:\/\/blogsaverroes.juntadeandalucia.es\/ceprpadremendez\/wp-json\/wp\/v2\/types\/post"}],"author":[{"embeddable":true,"href":"https:\/\/blogsaverroes.juntadeandalucia.es\/ceprpadremendez\/wp-json\/wp\/v2\/users\/6676"}],"replies":[{"embeddable":true,"href":"https:\/\/blogsaverroes.juntadeandalucia.es\/ceprpadremendez\/wp-json\/wp\/v2\/comments?post=3933"}],"version-history":[{"count":1,"href":"https:\/\/blogsaverroes.juntadeandalucia.es\/ceprpadremendez\/wp-json\/wp\/v2\/posts\/3933\/revisions"}],"predecessor-version":[{"id":3935,"href":"https:\/\/blogsaverroes.juntadeandalucia.es\/ceprpadremendez\/wp-json\/wp\/v2\/posts\/3933\/revisions\/3935"}],"wp:featuredmedia":[{"embeddable":true,"href":"https:\/\/blogsaverroes.juntadeandalucia.es\/ceprpadremendez\/wp-json\/wp\/v2\/media\/3934"}],"wp:attachment":[{"href":"https:\/\/blogsaverroes.juntadeandalucia.es\/ceprpadremendez\/wp-json\/wp\/v2\/media?parent=3933"}],"wp:term":[{"taxonomy":"category","embeddable":true,"href":"https:\/\/blogsaverroes.juntadeandalucia.es\/ceprpadremendez\/wp-json\/wp\/v2\/categories?post=3933"},{"taxonomy":"post_tag","embeddable":true,"href":"https:\/\/blogsaverroes.juntadeandalucia.es\/ceprpadremendez\/wp-json\/wp\/v2\/tags?post=3933"}],"curies":[{"name":"wp","href":"https:\/\/api.w.org\/{rel}","templated":true}]}}