{"id":3974,"date":"2021-04-26T10:53:43","date_gmt":"2021-04-26T10:53:43","guid":{"rendered":"https:\/\/blogsaverroes.juntadeandalucia.es\/ceprpadremendez\/?p=3974"},"modified":"2021-04-27T10:32:38","modified_gmt":"2021-04-27T10:32:38","slug":"video-programa-de-transito","status":"publish","type":"post","link":"https:\/\/blogsaverroes.juntadeandalucia.es\/ceprpadremendez\/2021\/04\/26\/video-programa-de-transito\/","title":{"rendered":"V\u00eddeo Programa de Tr\u00e1nsito"},"content":{"rendered":"<p>Tres alumnos y una alumna de 5\u00baB han realizado este maravilloso v\u00eddeo presentando nuestro colegio para el programa de tr\u00e1nsito del cole de infantil Mar de Albor\u00e1n. Este curso, con las restricciones del COVID no hacemos la tradicional visita de los peques a nuestro cole. Muchas gracias&nbsp; y enhorabuena por vuestro trabajo.&nbsp;<\/p>\n<p>&nbsp;<\/p>\n<p><iframe loading=\"lazy\" title=\"TOUR PADRE M\u00c9NDEZ\" width=\"500\" height=\"281\" src=\"https:\/\/www.youtube.com\/embed\/KgkPUG3zk2o?feature=oembed&#038;wmode=opaque\" frameborder=\"0\" allow=\"accelerometer; autoplay; clipboard-write; encrypted-media; gyroscope; picture-in-picture; web-share\" referrerpolicy=\"strict-origin-when-cross-origin\" allowfullscreen><\/iframe><\/p>\n<p>&nbsp;<\/p>\n","protected":false},"excerpt":{"rendered":"<p>Tres alumnos y una alumna de 5\u00baB han realizado este maravilloso v\u00eddeo presentando nuestro colegio para el programa de tr\u00e1nsito del cole de infantil Mar de Albor\u00e1n. Este curso, con las restricciones del COVID&#46;&#46;&#46;<\/p>\n","protected":false},"author":6676,"featured_media":3975,"comment_status":"open","ping_status":"open","sticky":false,"template":"","format":"standard","meta":{"ngg_post_thumbnail":0,"footnotes":""},"categories":[421140],"tags":[],"aioseo_notices":[],"_links":{"self":[{"href":"https:\/\/blogsaverroes.juntadeandalucia.es\/ceprpadremendez\/wp-json\/wp\/v2\/posts\/3974"}],"collection":[{"href":"https:\/\/blogsaverroes.juntadeandalucia.es\/ceprpadremendez\/wp-json\/wp\/v2\/posts"}],"about":[{"href":"https:\/\/blogsaverroes.juntadeandalucia.es\/ceprpadremendez\/wp-json\/wp\/v2\/types\/post"}],"author":[{"embeddable":true,"href":"https:\/\/blogsaverroes.juntadeandalucia.es\/ceprpadremendez\/wp-json\/wp\/v2\/users\/6676"}],"replies":[{"embeddable":true,"href":"https:\/\/blogsaverroes.juntadeandalucia.es\/ceprpadremendez\/wp-json\/wp\/v2\/comments?post=3974"}],"version-history":[{"count":3,"href":"https:\/\/blogsaverroes.juntadeandalucia.es\/ceprpadremendez\/wp-json\/wp\/v2\/posts\/3974\/revisions"}],"predecessor-version":[{"id":3979,"href":"https:\/\/blogsaverroes.juntadeandalucia.es\/ceprpadremendez\/wp-json\/wp\/v2\/posts\/3974\/revisions\/3979"}],"wp:featuredmedia":[{"embeddable":true,"href":"https:\/\/blogsaverroes.juntadeandalucia.es\/ceprpadremendez\/wp-json\/wp\/v2\/media\/3975"}],"wp:attachment":[{"href":"https:\/\/blogsaverroes.juntadeandalucia.es\/ceprpadremendez\/wp-json\/wp\/v2\/media?parent=3974"}],"wp:term":[{"taxonomy":"category","embeddable":true,"href":"https:\/\/blogsaverroes.juntadeandalucia.es\/ceprpadremendez\/wp-json\/wp\/v2\/categories?post=3974"},{"taxonomy":"post_tag","embeddable":true,"href":"https:\/\/blogsaverroes.juntadeandalucia.es\/ceprpadremendez\/wp-json\/wp\/v2\/tags?post=3974"}],"curies":[{"name":"wp","href":"https:\/\/api.w.org\/{rel}","templated":true}]}}