{"id":3980,"date":"2021-04-29T08:45:41","date_gmt":"2021-04-29T08:45:41","guid":{"rendered":"https:\/\/blogsaverroes.juntadeandalucia.es\/ceprpadremendez\/?p=3980"},"modified":"2021-05-01T08:52:21","modified_gmt":"2021-05-01T08:52:21","slug":"feria-del-libro","status":"publish","type":"post","link":"https:\/\/blogsaverroes.juntadeandalucia.es\/ceprpadremendez\/2021\/04\/29\/feria-del-libro\/","title":{"rendered":"Feria del libro"},"content":{"rendered":"<p>Nuestra compa\u00f1era, Inmaculada Tapia, participa este domingo d\u00eda 2 en la feria del libro con su libro&nbsp;<strong>R\u00faper busca el Arco Iris.&nbsp;<\/strong><\/p>\n<p><a href=\"https:\/\/blogsaverroes.juntadeandalucia.es\/ceprpadremendez\/files\/2021\/05\/Feria-del-libro.jpeg\"><br \/>\n<img loading=\"lazy\" decoding=\"async\" class=\"aligncenter size-medium wp-image-3981\" src=\"https:\/\/blogsaverroes.juntadeandalucia.es\/ceprpadremendez\/files\/2021\/05\/Feria-del-libro-300x298.jpeg\" alt=\"\" width=\"300\" height=\"298\" srcset=\"https:\/\/blogsaverroes.juntadeandalucia.es\/ceprpadremendez\/files\/2021\/05\/Feria-del-libro-300x298.jpeg 300w, https:\/\/blogsaverroes.juntadeandalucia.es\/ceprpadremendez\/files\/2021\/05\/Feria-del-libro-150x150.jpeg 150w, https:\/\/blogsaverroes.juntadeandalucia.es\/ceprpadremendez\/files\/2021\/05\/Feria-del-libro.jpeg 720w\" sizes=\"(max-width: 300px) 100vw, 300px\" \/><\/a><a href=\"https:\/\/blogsaverroes.juntadeandalucia.es\/ceprpadremendez\/files\/2021\/05\/23ebb65a-42b6-41db-a892-80278f4ccb59.jpeg\"><img loading=\"lazy\" decoding=\"async\" class=\"aligncenter size-medium wp-image-3982\" src=\"https:\/\/blogsaverroes.juntadeandalucia.es\/ceprpadremendez\/files\/2021\/05\/23ebb65a-42b6-41db-a892-80278f4ccb59-300x300.jpeg\" alt=\"\" width=\"300\" height=\"300\" srcset=\"https:\/\/blogsaverroes.juntadeandalucia.es\/ceprpadremendez\/files\/2021\/05\/23ebb65a-42b6-41db-a892-80278f4ccb59-300x300.jpeg 300w, https:\/\/blogsaverroes.juntadeandalucia.es\/ceprpadremendez\/files\/2021\/05\/23ebb65a-42b6-41db-a892-80278f4ccb59-150x150.jpeg 150w, https:\/\/blogsaverroes.juntadeandalucia.es\/ceprpadremendez\/files\/2021\/05\/23ebb65a-42b6-41db-a892-80278f4ccb59.jpeg 719w\" sizes=\"(max-width: 300px) 100vw, 300px\" \/><\/a><\/p>\n","protected":false},"excerpt":{"rendered":"<p>Nuestra compa\u00f1era, Inmaculada Tapia, participa este domingo d\u00eda 2 en la feria del libro con su libro&nbsp;R\u00faper busca el Arco Iris.&nbsp;<\/p>\n","protected":false},"author":6676,"featured_media":3983,"comment_status":"open","ping_status":"open","sticky":false,"template":"","format":"standard","meta":{"ngg_post_thumbnail":0,"footnotes":""},"categories":[11909],"tags":[],"aioseo_notices":[],"_links":{"self":[{"href":"https:\/\/blogsaverroes.juntadeandalucia.es\/ceprpadremendez\/wp-json\/wp\/v2\/posts\/3980"}],"collection":[{"href":"https:\/\/blogsaverroes.juntadeandalucia.es\/ceprpadremendez\/wp-json\/wp\/v2\/posts"}],"about":[{"href":"https:\/\/blogsaverroes.juntadeandalucia.es\/ceprpadremendez\/wp-json\/wp\/v2\/types\/post"}],"author":[{"embeddable":true,"href":"https:\/\/blogsaverroes.juntadeandalucia.es\/ceprpadremendez\/wp-json\/wp\/v2\/users\/6676"}],"replies":[{"embeddable":true,"href":"https:\/\/blogsaverroes.juntadeandalucia.es\/ceprpadremendez\/wp-json\/wp\/v2\/comments?post=3980"}],"version-history":[{"count":1,"href":"https:\/\/blogsaverroes.juntadeandalucia.es\/ceprpadremendez\/wp-json\/wp\/v2\/posts\/3980\/revisions"}],"predecessor-version":[{"id":3984,"href":"https:\/\/blogsaverroes.juntadeandalucia.es\/ceprpadremendez\/wp-json\/wp\/v2\/posts\/3980\/revisions\/3984"}],"wp:featuredmedia":[{"embeddable":true,"href":"https:\/\/blogsaverroes.juntadeandalucia.es\/ceprpadremendez\/wp-json\/wp\/v2\/media\/3983"}],"wp:attachment":[{"href":"https:\/\/blogsaverroes.juntadeandalucia.es\/ceprpadremendez\/wp-json\/wp\/v2\/media?parent=3980"}],"wp:term":[{"taxonomy":"category","embeddable":true,"href":"https:\/\/blogsaverroes.juntadeandalucia.es\/ceprpadremendez\/wp-json\/wp\/v2\/categories?post=3980"},{"taxonomy":"post_tag","embeddable":true,"href":"https:\/\/blogsaverroes.juntadeandalucia.es\/ceprpadremendez\/wp-json\/wp\/v2\/tags?post=3980"}],"curies":[{"name":"wp","href":"https:\/\/api.w.org\/{rel}","templated":true}]}}