{"id":4413,"date":"2022-05-31T11:35:07","date_gmt":"2022-05-31T11:35:07","guid":{"rendered":"https:\/\/blogsaverroes.juntadeandalucia.es\/ceprpadremendez\/?p=4413"},"modified":"2022-05-31T11:35:07","modified_gmt":"2022-05-31T11:35:07","slug":"mojate","status":"publish","type":"post","link":"https:\/\/blogsaverroes.juntadeandalucia.es\/ceprpadremendez\/2022\/05\/31\/mojate\/","title":{"rendered":"\u00a1M\u00f3jate!"},"content":{"rendered":"<p>&nbsp;<\/p>\n<p style=\"text-align: center\"><a href=\"https:\/\/blogsaverroes.juntadeandalucia.es\/ceprpadremendez\/files\/2022\/05\/doc11727020220531132933.pdf\">Campa\u00f1a Acogimiento Familiar de Menores<\/a><\/p>\n<p>El servicio de apoyo al acogimiento familiar de menores, perteneciente a la Consejer\u00eda de Igualdad, Pol\u00edticas sociales y Conciliaci\u00f3n de la Junta de Andaluc\u00eda, es gestionado por Cruz Roja en Almer\u00eda desde 2006. Tiene \u00e1mbito local y provincial y consiste en ofrecer un entorno familiar a ni\u00f1os y ni\u00f1as que no pueden ser atendidos por su familia de origen. Desde nuestra instituci\u00f3n apoyamos a las familias y menores del programa y realizamos actividades de difusi\u00f3n y captaci\u00f3n de familias para poder ofrecer este recurso a menores que se encuentran en centros e incluso evitar el acceso a estos.<\/p>\n","protected":false},"excerpt":{"rendered":"<p>&nbsp; Campa\u00f1a Acogimiento Familiar de Menores El servicio de apoyo al acogimiento familiar de menores, perteneciente a la Consejer\u00eda de Igualdad, Pol\u00edticas sociales y Conciliaci\u00f3n de la Junta de Andaluc\u00eda, es gestionado por Cruz&#46;&#46;&#46;<\/p>\n","protected":false},"author":6676,"featured_media":4414,"comment_status":"open","ping_status":"open","sticky":false,"template":"","format":"standard","meta":{"ngg_post_thumbnail":0,"footnotes":""},"categories":[421139],"tags":[],"aioseo_notices":[],"_links":{"self":[{"href":"https:\/\/blogsaverroes.juntadeandalucia.es\/ceprpadremendez\/wp-json\/wp\/v2\/posts\/4413"}],"collection":[{"href":"https:\/\/blogsaverroes.juntadeandalucia.es\/ceprpadremendez\/wp-json\/wp\/v2\/posts"}],"about":[{"href":"https:\/\/blogsaverroes.juntadeandalucia.es\/ceprpadremendez\/wp-json\/wp\/v2\/types\/post"}],"author":[{"embeddable":true,"href":"https:\/\/blogsaverroes.juntadeandalucia.es\/ceprpadremendez\/wp-json\/wp\/v2\/users\/6676"}],"replies":[{"embeddable":true,"href":"https:\/\/blogsaverroes.juntadeandalucia.es\/ceprpadremendez\/wp-json\/wp\/v2\/comments?post=4413"}],"version-history":[{"count":2,"href":"https:\/\/blogsaverroes.juntadeandalucia.es\/ceprpadremendez\/wp-json\/wp\/v2\/posts\/4413\/revisions"}],"predecessor-version":[{"id":4417,"href":"https:\/\/blogsaverroes.juntadeandalucia.es\/ceprpadremendez\/wp-json\/wp\/v2\/posts\/4413\/revisions\/4417"}],"wp:featuredmedia":[{"embeddable":true,"href":"https:\/\/blogsaverroes.juntadeandalucia.es\/ceprpadremendez\/wp-json\/wp\/v2\/media\/4414"}],"wp:attachment":[{"href":"https:\/\/blogsaverroes.juntadeandalucia.es\/ceprpadremendez\/wp-json\/wp\/v2\/media?parent=4413"}],"wp:term":[{"taxonomy":"category","embeddable":true,"href":"https:\/\/blogsaverroes.juntadeandalucia.es\/ceprpadremendez\/wp-json\/wp\/v2\/categories?post=4413"},{"taxonomy":"post_tag","embeddable":true,"href":"https:\/\/blogsaverroes.juntadeandalucia.es\/ceprpadremendez\/wp-json\/wp\/v2\/tags?post=4413"}],"curies":[{"name":"wp","href":"https:\/\/api.w.org\/{rel}","templated":true}]}}