{"id":2178,"date":"2025-11-23T17:11:52","date_gmt":"2025-11-23T16:11:52","guid":{"rendered":"https:\/\/blogsaverroes.juntadeandalucia.es\/ceprvictorgarciahoz\/?p=2178"},"modified":"2025-11-23T17:11:52","modified_gmt":"2025-11-23T16:11:52","slug":"cuido-la-tierra","status":"publish","type":"post","link":"https:\/\/blogsaverroes.juntadeandalucia.es\/ceprvictorgarciahoz\/cuido-la-tierra\/","title":{"rendered":"CUIDO LA TIERRA"},"content":{"rendered":"<p>En el CEPR V\u00edctor Garc\u00eda Hoz vamos a desarrollar varios talleres de sensibilizaci\u00f3n ambiental y conciencia ecol\u00f3gica para los ni\u00f1os y ni\u00f1as.<\/p>\n<p>Actividades que nos acercan a los recursos del entorno de una forma sostenible y creativa. &#8220;Semilas, compost, aceite de oliva y m\u00e1s&#8230;&#8221;<\/p>\n<p><img loading=\"lazy\" decoding=\"async\" class=\"alignnone size-medium wp-image-2179\" src=\"https:\/\/blogsaverroes.juntadeandalucia.es\/ceprvictorgarciahoz\/files\/2025\/11\/2-300x222.png\" alt=\"\" width=\"300\" height=\"222\" srcset=\"https:\/\/blogsaverroes.juntadeandalucia.es\/ceprvictorgarciahoz\/files\/2025\/11\/2-300x222.png 300w, https:\/\/blogsaverroes.juntadeandalucia.es\/ceprvictorgarciahoz\/files\/2025\/11\/2-768x568.png 768w, https:\/\/blogsaverroes.juntadeandalucia.es\/ceprvictorgarciahoz\/files\/2025\/11\/2.png 873w\" sizes=\"(max-width: 300px) 100vw, 300px\" \/><\/p>\n","protected":false},"excerpt":{"rendered":"<p>En el CEPR V\u00edctor Garc\u00eda Hoz vamos a desarrollar varios talleres de sensibilizaci\u00f3n ambiental y conciencia ecol\u00f3gica para los ni\u00f1os y ni\u00f1as. Actividades que nos acercan a los recursos del entorno de una forma&#46;&#46;&#46;<\/p>\n","protected":false},"author":18117,"featured_media":0,"comment_status":"closed","ping_status":"open","sticky":false,"template":"","format":"standard","meta":{"ngg_post_thumbnail":0,"footnotes":""},"categories":[1],"tags":[],"aioseo_notices":[],"_links":{"self":[{"href":"https:\/\/blogsaverroes.juntadeandalucia.es\/ceprvictorgarciahoz\/wp-json\/wp\/v2\/posts\/2178"}],"collection":[{"href":"https:\/\/blogsaverroes.juntadeandalucia.es\/ceprvictorgarciahoz\/wp-json\/wp\/v2\/posts"}],"about":[{"href":"https:\/\/blogsaverroes.juntadeandalucia.es\/ceprvictorgarciahoz\/wp-json\/wp\/v2\/types\/post"}],"author":[{"embeddable":true,"href":"https:\/\/blogsaverroes.juntadeandalucia.es\/ceprvictorgarciahoz\/wp-json\/wp\/v2\/users\/18117"}],"replies":[{"embeddable":true,"href":"https:\/\/blogsaverroes.juntadeandalucia.es\/ceprvictorgarciahoz\/wp-json\/wp\/v2\/comments?post=2178"}],"version-history":[{"count":1,"href":"https:\/\/blogsaverroes.juntadeandalucia.es\/ceprvictorgarciahoz\/wp-json\/wp\/v2\/posts\/2178\/revisions"}],"predecessor-version":[{"id":2180,"href":"https:\/\/blogsaverroes.juntadeandalucia.es\/ceprvictorgarciahoz\/wp-json\/wp\/v2\/posts\/2178\/revisions\/2180"}],"wp:attachment":[{"href":"https:\/\/blogsaverroes.juntadeandalucia.es\/ceprvictorgarciahoz\/wp-json\/wp\/v2\/media?parent=2178"}],"wp:term":[{"taxonomy":"category","embeddable":true,"href":"https:\/\/blogsaverroes.juntadeandalucia.es\/ceprvictorgarciahoz\/wp-json\/wp\/v2\/categories?post=2178"},{"taxonomy":"post_tag","embeddable":true,"href":"https:\/\/blogsaverroes.juntadeandalucia.es\/ceprvictorgarciahoz\/wp-json\/wp\/v2\/tags?post=2178"}],"curies":[{"name":"wp","href":"https:\/\/api.w.org\/{rel}","templated":true}]}}