{"id":2273,"date":"2025-12-01T18:30:57","date_gmt":"2025-12-01T17:30:57","guid":{"rendered":"https:\/\/blogsaverroes.juntadeandalucia.es\/ceprvictorgarciahoz\/?p=2273"},"modified":"2025-12-01T18:30:57","modified_gmt":"2025-12-01T17:30:57","slug":"taller-bucodental","status":"publish","type":"post","link":"https:\/\/blogsaverroes.juntadeandalucia.es\/ceprvictorgarciahoz\/taller-bucodental\/","title":{"rendered":"TALLER BUCODENTAL"},"content":{"rendered":"<p>La enfermera de referencia del centro ha llevado a cabo un taller bucodental para el alumnado de primero y segundo de primaria. <span data-huuid=\"6298722357762415377\">La higiene bucal para ni\u00f1os requiere <mark class=\"QVRyCf\">cepillado dental dos veces al d\u00eda, y visitas regulares al dentista<\/mark>. <\/span><span data-huuid=\"6298722357762416486\">Es crucial usar pasta dental fluorada (con la cantidad adecuada para su edad), cepillar todas las caras de los dientes y la lengua, y enjuagar la boca despu\u00e9s del cepillado. En el cole les ense\u00f1amos a fomentar h\u00e1bitos de higiene y vida saludable. Aqu\u00ed os dejamos algunas im\u00e1genes.<\/span><\/p>\n<p><img loading=\"lazy\" decoding=\"async\" class=\"alignnone size-medium wp-image-2274\" src=\"https:\/\/blogsaverroes.juntadeandalucia.es\/ceprvictorgarciahoz\/files\/2025\/12\/IMG-20251118-WA0001-300x225.jpg\" alt=\"\" width=\"300\" height=\"225\" srcset=\"https:\/\/blogsaverroes.juntadeandalucia.es\/ceprvictorgarciahoz\/files\/2025\/12\/IMG-20251118-WA0001-300x225.jpg 300w, https:\/\/blogsaverroes.juntadeandalucia.es\/ceprvictorgarciahoz\/files\/2025\/12\/IMG-20251118-WA0001-1024x768.jpg 1024w, https:\/\/blogsaverroes.juntadeandalucia.es\/ceprvictorgarciahoz\/files\/2025\/12\/IMG-20251118-WA0001-768x576.jpg 768w, https:\/\/blogsaverroes.juntadeandalucia.es\/ceprvictorgarciahoz\/files\/2025\/12\/IMG-20251118-WA0001-1536x1152.jpg 1536w, https:\/\/blogsaverroes.juntadeandalucia.es\/ceprvictorgarciahoz\/files\/2025\/12\/IMG-20251118-WA0001.jpg 1600w\" sizes=\"(max-width: 300px) 100vw, 300px\" \/> <img loading=\"lazy\" decoding=\"async\" class=\"alignnone size-medium wp-image-2275\" src=\"https:\/\/blogsaverroes.juntadeandalucia.es\/ceprvictorgarciahoz\/files\/2025\/12\/IMG-20251118-WA0002-300x225.jpg\" alt=\"\" width=\"300\" height=\"225\" srcset=\"https:\/\/blogsaverroes.juntadeandalucia.es\/ceprvictorgarciahoz\/files\/2025\/12\/IMG-20251118-WA0002-300x225.jpg 300w, https:\/\/blogsaverroes.juntadeandalucia.es\/ceprvictorgarciahoz\/files\/2025\/12\/IMG-20251118-WA0002-1024x768.jpg 1024w, https:\/\/blogsaverroes.juntadeandalucia.es\/ceprvictorgarciahoz\/files\/2025\/12\/IMG-20251118-WA0002-768x576.jpg 768w, https:\/\/blogsaverroes.juntadeandalucia.es\/ceprvictorgarciahoz\/files\/2025\/12\/IMG-20251118-WA0002-1536x1152.jpg 1536w, https:\/\/blogsaverroes.juntadeandalucia.es\/ceprvictorgarciahoz\/files\/2025\/12\/IMG-20251118-WA0002.jpg 1600w\" sizes=\"(max-width: 300px) 100vw, 300px\" \/> <img loading=\"lazy\" decoding=\"async\" class=\"alignnone size-medium wp-image-2276\" src=\"https:\/\/blogsaverroes.juntadeandalucia.es\/ceprvictorgarciahoz\/files\/2025\/12\/IMG-20251118-WA0003-225x300.jpg\" alt=\"\" width=\"225\" height=\"300\" srcset=\"https:\/\/blogsaverroes.juntadeandalucia.es\/ceprvictorgarciahoz\/files\/2025\/12\/IMG-20251118-WA0003-225x300.jpg 225w, https:\/\/blogsaverroes.juntadeandalucia.es\/ceprvictorgarciahoz\/files\/2025\/12\/IMG-20251118-WA0003-768x1024.jpg 768w, https:\/\/blogsaverroes.juntadeandalucia.es\/ceprvictorgarciahoz\/files\/2025\/12\/IMG-20251118-WA0003-1152x1536.jpg 1152w, https:\/\/blogsaverroes.juntadeandalucia.es\/ceprvictorgarciahoz\/files\/2025\/12\/IMG-20251118-WA0003.jpg 1500w\" sizes=\"(max-width: 225px) 100vw, 225px\" \/> <img loading=\"lazy\" decoding=\"async\" class=\"alignnone size-medium wp-image-2277\" src=\"https:\/\/blogsaverroes.juntadeandalucia.es\/ceprvictorgarciahoz\/files\/2025\/12\/IMG-20251118-WA0004-225x300.jpg\" alt=\"\" width=\"225\" height=\"300\" srcset=\"https:\/\/blogsaverroes.juntadeandalucia.es\/ceprvictorgarciahoz\/files\/2025\/12\/IMG-20251118-WA0004-225x300.jpg 225w, https:\/\/blogsaverroes.juntadeandalucia.es\/ceprvictorgarciahoz\/files\/2025\/12\/IMG-20251118-WA0004-768x1024.jpg 768w, https:\/\/blogsaverroes.juntadeandalucia.es\/ceprvictorgarciahoz\/files\/2025\/12\/IMG-20251118-WA0004-1152x1536.jpg 1152w, https:\/\/blogsaverroes.juntadeandalucia.es\/ceprvictorgarciahoz\/files\/2025\/12\/IMG-20251118-WA0004.jpg 1500w\" sizes=\"(max-width: 225px) 100vw, 225px\" \/> <img loading=\"lazy\" decoding=\"async\" class=\"alignnone size-medium wp-image-2278\" src=\"https:\/\/blogsaverroes.juntadeandalucia.es\/ceprvictorgarciahoz\/files\/2025\/12\/IMG-20251118-WA0005-225x300.jpg\" alt=\"\" width=\"225\" height=\"300\" srcset=\"https:\/\/blogsaverroes.juntadeandalucia.es\/ceprvictorgarciahoz\/files\/2025\/12\/IMG-20251118-WA0005-225x300.jpg 225w, https:\/\/blogsaverroes.juntadeandalucia.es\/ceprvictorgarciahoz\/files\/2025\/12\/IMG-20251118-WA0005-768x1024.jpg 768w, https:\/\/blogsaverroes.juntadeandalucia.es\/ceprvictorgarciahoz\/files\/2025\/12\/IMG-20251118-WA0005-1152x1536.jpg 1152w, https:\/\/blogsaverroes.juntadeandalucia.es\/ceprvictorgarciahoz\/files\/2025\/12\/IMG-20251118-WA0005.jpg 1500w\" sizes=\"(max-width: 225px) 100vw, 225px\" \/> <img loading=\"lazy\" decoding=\"async\" class=\"alignnone size-medium wp-image-2279\" src=\"https:\/\/blogsaverroes.juntadeandalucia.es\/ceprvictorgarciahoz\/files\/2025\/12\/IMG-20251118-WA0007-300x225.jpg\" alt=\"\" width=\"300\" height=\"225\" srcset=\"https:\/\/blogsaverroes.juntadeandalucia.es\/ceprvictorgarciahoz\/files\/2025\/12\/IMG-20251118-WA0007-300x225.jpg 300w, https:\/\/blogsaverroes.juntadeandalucia.es\/ceprvictorgarciahoz\/files\/2025\/12\/IMG-20251118-WA0007-1024x768.jpg 1024w, https:\/\/blogsaverroes.juntadeandalucia.es\/ceprvictorgarciahoz\/files\/2025\/12\/IMG-20251118-WA0007-768x576.jpg 768w, https:\/\/blogsaverroes.juntadeandalucia.es\/ceprvictorgarciahoz\/files\/2025\/12\/IMG-20251118-WA0007-1536x1152.jpg 1536w, https:\/\/blogsaverroes.juntadeandalucia.es\/ceprvictorgarciahoz\/files\/2025\/12\/IMG-20251118-WA0007.jpg 1600w\" sizes=\"(max-width: 300px) 100vw, 300px\" \/> <img loading=\"lazy\" decoding=\"async\" class=\"alignnone size-medium wp-image-2280\" src=\"https:\/\/blogsaverroes.juntadeandalucia.es\/ceprvictorgarciahoz\/files\/2025\/12\/IMG-20251118-WA0008-300x225.jpg\" alt=\"\" width=\"300\" height=\"225\" srcset=\"https:\/\/blogsaverroes.juntadeandalucia.es\/ceprvictorgarciahoz\/files\/2025\/12\/IMG-20251118-WA0008-300x225.jpg 300w, https:\/\/blogsaverroes.juntadeandalucia.es\/ceprvictorgarciahoz\/files\/2025\/12\/IMG-20251118-WA0008-1024x768.jpg 1024w, https:\/\/blogsaverroes.juntadeandalucia.es\/ceprvictorgarciahoz\/files\/2025\/12\/IMG-20251118-WA0008-768x576.jpg 768w, https:\/\/blogsaverroes.juntadeandalucia.es\/ceprvictorgarciahoz\/files\/2025\/12\/IMG-20251118-WA0008-1536x1152.jpg 1536w, https:\/\/blogsaverroes.juntadeandalucia.es\/ceprvictorgarciahoz\/files\/2025\/12\/IMG-20251118-WA0008.jpg 1600w\" sizes=\"(max-width: 300px) 100vw, 300px\" \/><\/p>\n<p>&nbsp;<\/p>\n","protected":false},"excerpt":{"rendered":"<p>La enfermera de referencia del centro ha llevado a cabo un taller bucodental para el alumnado de primero y segundo de primaria. La higiene bucal para ni\u00f1os requiere cepillado dental dos veces al d\u00eda,&#46;&#46;&#46;<\/p>\n","protected":false},"author":18117,"featured_media":0,"comment_status":"closed","ping_status":"open","sticky":false,"template":"","format":"standard","meta":{"ngg_post_thumbnail":0,"footnotes":""},"categories":[1],"tags":[],"aioseo_notices":[],"_links":{"self":[{"href":"https:\/\/blogsaverroes.juntadeandalucia.es\/ceprvictorgarciahoz\/wp-json\/wp\/v2\/posts\/2273"}],"collection":[{"href":"https:\/\/blogsaverroes.juntadeandalucia.es\/ceprvictorgarciahoz\/wp-json\/wp\/v2\/posts"}],"about":[{"href":"https:\/\/blogsaverroes.juntadeandalucia.es\/ceprvictorgarciahoz\/wp-json\/wp\/v2\/types\/post"}],"author":[{"embeddable":true,"href":"https:\/\/blogsaverroes.juntadeandalucia.es\/ceprvictorgarciahoz\/wp-json\/wp\/v2\/users\/18117"}],"replies":[{"embeddable":true,"href":"https:\/\/blogsaverroes.juntadeandalucia.es\/ceprvictorgarciahoz\/wp-json\/wp\/v2\/comments?post=2273"}],"version-history":[{"count":1,"href":"https:\/\/blogsaverroes.juntadeandalucia.es\/ceprvictorgarciahoz\/wp-json\/wp\/v2\/posts\/2273\/revisions"}],"predecessor-version":[{"id":2281,"href":"https:\/\/blogsaverroes.juntadeandalucia.es\/ceprvictorgarciahoz\/wp-json\/wp\/v2\/posts\/2273\/revisions\/2281"}],"wp:attachment":[{"href":"https:\/\/blogsaverroes.juntadeandalucia.es\/ceprvictorgarciahoz\/wp-json\/wp\/v2\/media?parent=2273"}],"wp:term":[{"taxonomy":"category","embeddable":true,"href":"https:\/\/blogsaverroes.juntadeandalucia.es\/ceprvictorgarciahoz\/wp-json\/wp\/v2\/categories?post=2273"},{"taxonomy":"post_tag","embeddable":true,"href":"https:\/\/blogsaverroes.juntadeandalucia.es\/ceprvictorgarciahoz\/wp-json\/wp\/v2\/tags?post=2273"}],"curies":[{"name":"wp","href":"https:\/\/api.w.org\/{rel}","templated":true}]}}