{"id":2338,"date":"2025-12-10T18:44:18","date_gmt":"2025-12-10T17:44:18","guid":{"rendered":"https:\/\/blogsaverroes.juntadeandalucia.es\/ceprvictorgarciahoz\/?p=2338"},"modified":"2025-12-10T18:48:31","modified_gmt":"2025-12-10T17:48:31","slug":"taller-bulling","status":"publish","type":"post","link":"https:\/\/blogsaverroes.juntadeandalucia.es\/ceprvictorgarciahoz\/taller-bulling\/","title":{"rendered":"TALLER BULLYING"},"content":{"rendered":"<div data-subtree=\"aimfl\">A trav\u00e9s del PLAN DIRECTOR, la guardia civil ha llevado a cabo un taller para el alumnado de 5\u00ba y 6\u00ba de primaria sobre el Bullying. El Bullying es una conducta agresiva, repetitiva e intencionada que busca da\u00f1ar a otro compa\u00f1ero de forma verbal, f\u00edsica o psicol\u00f3gicamente, creando un desequilibrio de poder. Aqu\u00ed os dejamos algunas im\u00e1genes y gracias a la guardia civil por su colaboraci\u00f3n.<\/div>\n<div data-subtree=\"aimfl\"><img loading=\"lazy\" decoding=\"async\" class=\"alignnone size-medium wp-image-2349\" src=\"https:\/\/blogsaverroes.juntadeandalucia.es\/ceprvictorgarciahoz\/files\/2025\/12\/IMG_20251204_092111568-300x225.jpg\" alt=\"\" width=\"300\" height=\"225\" srcset=\"https:\/\/blogsaverroes.juntadeandalucia.es\/ceprvictorgarciahoz\/files\/2025\/12\/IMG_20251204_092111568-300x225.jpg 300w, https:\/\/blogsaverroes.juntadeandalucia.es\/ceprvictorgarciahoz\/files\/2025\/12\/IMG_20251204_092111568-1024x768.jpg 1024w, https:\/\/blogsaverroes.juntadeandalucia.es\/ceprvictorgarciahoz\/files\/2025\/12\/IMG_20251204_092111568-768x576.jpg 768w, https:\/\/blogsaverroes.juntadeandalucia.es\/ceprvictorgarciahoz\/files\/2025\/12\/IMG_20251204_092111568-1536x1152.jpg 1536w, https:\/\/blogsaverroes.juntadeandalucia.es\/ceprvictorgarciahoz\/files\/2025\/12\/IMG_20251204_092111568-2048x1536.jpg 2048w\" sizes=\"(max-width: 300px) 100vw, 300px\" \/> <img loading=\"lazy\" decoding=\"async\" class=\"alignnone size-medium wp-image-2348\" src=\"https:\/\/blogsaverroes.juntadeandalucia.es\/ceprvictorgarciahoz\/files\/2025\/12\/IMG-20251205-WA0002-300x225.jpg\" alt=\"\" width=\"300\" height=\"225\" srcset=\"https:\/\/blogsaverroes.juntadeandalucia.es\/ceprvictorgarciahoz\/files\/2025\/12\/IMG-20251205-WA0002-300x225.jpg 300w, https:\/\/blogsaverroes.juntadeandalucia.es\/ceprvictorgarciahoz\/files\/2025\/12\/IMG-20251205-WA0002-1024x768.jpg 1024w, https:\/\/blogsaverroes.juntadeandalucia.es\/ceprvictorgarciahoz\/files\/2025\/12\/IMG-20251205-WA0002-768x576.jpg 768w, https:\/\/blogsaverroes.juntadeandalucia.es\/ceprvictorgarciahoz\/files\/2025\/12\/IMG-20251205-WA0002-1536x1152.jpg 1536w, https:\/\/blogsaverroes.juntadeandalucia.es\/ceprvictorgarciahoz\/files\/2025\/12\/IMG-20251205-WA0002.jpg 1600w\" sizes=\"(max-width: 300px) 100vw, 300px\" \/> <img loading=\"lazy\" decoding=\"async\" class=\"alignnone size-medium wp-image-2347\" src=\"https:\/\/blogsaverroes.juntadeandalucia.es\/ceprvictorgarciahoz\/files\/2025\/12\/IMG-20251205-WA0001-300x225.jpg\" alt=\"\" width=\"300\" height=\"225\" srcset=\"https:\/\/blogsaverroes.juntadeandalucia.es\/ceprvictorgarciahoz\/files\/2025\/12\/IMG-20251205-WA0001-300x225.jpg 300w, https:\/\/blogsaverroes.juntadeandalucia.es\/ceprvictorgarciahoz\/files\/2025\/12\/IMG-20251205-WA0001-1024x768.jpg 1024w, https:\/\/blogsaverroes.juntadeandalucia.es\/ceprvictorgarciahoz\/files\/2025\/12\/IMG-20251205-WA0001-768x576.jpg 768w, https:\/\/blogsaverroes.juntadeandalucia.es\/ceprvictorgarciahoz\/files\/2025\/12\/IMG-20251205-WA0001-1536x1152.jpg 1536w, https:\/\/blogsaverroes.juntadeandalucia.es\/ceprvictorgarciahoz\/files\/2025\/12\/IMG-20251205-WA0001.jpg 1600w\" sizes=\"(max-width: 300px) 100vw, 300px\" \/> <img loading=\"lazy\" decoding=\"async\" class=\"alignnone size-medium wp-image-2346\" src=\"https:\/\/blogsaverroes.juntadeandalucia.es\/ceprvictorgarciahoz\/files\/2025\/12\/IMG-20251204-WA0003-300x225.jpg\" alt=\"\" width=\"300\" height=\"225\" srcset=\"https:\/\/blogsaverroes.juntadeandalucia.es\/ceprvictorgarciahoz\/files\/2025\/12\/IMG-20251204-WA0003-300x225.jpg 300w, https:\/\/blogsaverroes.juntadeandalucia.es\/ceprvictorgarciahoz\/files\/2025\/12\/IMG-20251204-WA0003-1024x768.jpg 1024w, https:\/\/blogsaverroes.juntadeandalucia.es\/ceprvictorgarciahoz\/files\/2025\/12\/IMG-20251204-WA0003-768x576.jpg 768w, https:\/\/blogsaverroes.juntadeandalucia.es\/ceprvictorgarciahoz\/files\/2025\/12\/IMG-20251204-WA0003-1536x1152.jpg 1536w, https:\/\/blogsaverroes.juntadeandalucia.es\/ceprvictorgarciahoz\/files\/2025\/12\/IMG-20251204-WA0003.jpg 1600w\" sizes=\"(max-width: 300px) 100vw, 300px\" \/> <img loading=\"lazy\" decoding=\"async\" class=\"alignnone size-medium wp-image-2345\" src=\"https:\/\/blogsaverroes.juntadeandalucia.es\/ceprvictorgarciahoz\/files\/2025\/12\/IMG-20251204-WA0002-300x225.jpg\" alt=\"\" width=\"300\" height=\"225\" srcset=\"https:\/\/blogsaverroes.juntadeandalucia.es\/ceprvictorgarciahoz\/files\/2025\/12\/IMG-20251204-WA0002-300x225.jpg 300w, https:\/\/blogsaverroes.juntadeandalucia.es\/ceprvictorgarciahoz\/files\/2025\/12\/IMG-20251204-WA0002-1024x768.jpg 1024w, https:\/\/blogsaverroes.juntadeandalucia.es\/ceprvictorgarciahoz\/files\/2025\/12\/IMG-20251204-WA0002-768x576.jpg 768w, https:\/\/blogsaverroes.juntadeandalucia.es\/ceprvictorgarciahoz\/files\/2025\/12\/IMG-20251204-WA0002-1536x1152.jpg 1536w, https:\/\/blogsaverroes.juntadeandalucia.es\/ceprvictorgarciahoz\/files\/2025\/12\/IMG-20251204-WA0002.jpg 1600w\" sizes=\"(max-width: 300px) 100vw, 300px\" \/> <img loading=\"lazy\" decoding=\"async\" class=\"alignnone size-medium wp-image-2344\" src=\"https:\/\/blogsaverroes.juntadeandalucia.es\/ceprvictorgarciahoz\/files\/2025\/12\/Foto-de-Jose-Luis-Vega-Viedma1-300x225.jpg\" alt=\"\" width=\"300\" height=\"225\" srcset=\"https:\/\/blogsaverroes.juntadeandalucia.es\/ceprvictorgarciahoz\/files\/2025\/12\/Foto-de-Jose-Luis-Vega-Viedma1-300x225.jpg 300w, https:\/\/blogsaverroes.juntadeandalucia.es\/ceprvictorgarciahoz\/files\/2025\/12\/Foto-de-Jose-Luis-Vega-Viedma1-1024x768.jpg 1024w, https:\/\/blogsaverroes.juntadeandalucia.es\/ceprvictorgarciahoz\/files\/2025\/12\/Foto-de-Jose-Luis-Vega-Viedma1-768x576.jpg 768w, https:\/\/blogsaverroes.juntadeandalucia.es\/ceprvictorgarciahoz\/files\/2025\/12\/Foto-de-Jose-Luis-Vega-Viedma1-1536x1152.jpg 1536w, https:\/\/blogsaverroes.juntadeandalucia.es\/ceprvictorgarciahoz\/files\/2025\/12\/Foto-de-Jose-Luis-Vega-Viedma1.jpg 1600w\" sizes=\"(max-width: 300px) 100vw, 300px\" \/> <img loading=\"lazy\" decoding=\"async\" class=\"alignnone size-medium wp-image-2343\" src=\"https:\/\/blogsaverroes.juntadeandalucia.es\/ceprvictorgarciahoz\/files\/2025\/12\/Foto-de-Jose-Luis-Vega-Viedma-300x225.jpg\" alt=\"\" width=\"300\" height=\"225\" srcset=\"https:\/\/blogsaverroes.juntadeandalucia.es\/ceprvictorgarciahoz\/files\/2025\/12\/Foto-de-Jose-Luis-Vega-Viedma-300x225.jpg 300w, https:\/\/blogsaverroes.juntadeandalucia.es\/ceprvictorgarciahoz\/files\/2025\/12\/Foto-de-Jose-Luis-Vega-Viedma-1024x768.jpg 1024w, https:\/\/blogsaverroes.juntadeandalucia.es\/ceprvictorgarciahoz\/files\/2025\/12\/Foto-de-Jose-Luis-Vega-Viedma-768x576.jpg 768w, https:\/\/blogsaverroes.juntadeandalucia.es\/ceprvictorgarciahoz\/files\/2025\/12\/Foto-de-Jose-Luis-Vega-Viedma-1536x1152.jpg 1536w, https:\/\/blogsaverroes.juntadeandalucia.es\/ceprvictorgarciahoz\/files\/2025\/12\/Foto-de-Jose-Luis-Vega-Viedma.jpg 1600w\" sizes=\"(max-width: 300px) 100vw, 300px\" \/><\/div>\n<div data-subtree=\"aimfl\"><span class=\"uJ19be notranslate\" data-wiz-uids=\"uhRQBb_9,uhRQBb_a,uhRQBb_b\"><span class=\"vKEkVd\" data-animation-atomic=\"\">&nbsp;<\/span><\/span><\/div>\n","protected":false},"excerpt":{"rendered":"<p>A trav\u00e9s del PLAN DIRECTOR, la guardia civil ha llevado a cabo un taller para el alumnado de 5\u00ba y 6\u00ba de primaria sobre el Bullying. El Bullying es una conducta agresiva, repetitiva e&#46;&#46;&#46;<\/p>\n","protected":false},"author":18117,"featured_media":0,"comment_status":"closed","ping_status":"open","sticky":false,"template":"","format":"standard","meta":{"ngg_post_thumbnail":0,"footnotes":""},"categories":[1],"tags":[],"aioseo_notices":[],"_links":{"self":[{"href":"https:\/\/blogsaverroes.juntadeandalucia.es\/ceprvictorgarciahoz\/wp-json\/wp\/v2\/posts\/2338"}],"collection":[{"href":"https:\/\/blogsaverroes.juntadeandalucia.es\/ceprvictorgarciahoz\/wp-json\/wp\/v2\/posts"}],"about":[{"href":"https:\/\/blogsaverroes.juntadeandalucia.es\/ceprvictorgarciahoz\/wp-json\/wp\/v2\/types\/post"}],"author":[{"embeddable":true,"href":"https:\/\/blogsaverroes.juntadeandalucia.es\/ceprvictorgarciahoz\/wp-json\/wp\/v2\/users\/18117"}],"replies":[{"embeddable":true,"href":"https:\/\/blogsaverroes.juntadeandalucia.es\/ceprvictorgarciahoz\/wp-json\/wp\/v2\/comments?post=2338"}],"version-history":[{"count":6,"href":"https:\/\/blogsaverroes.juntadeandalucia.es\/ceprvictorgarciahoz\/wp-json\/wp\/v2\/posts\/2338\/revisions"}],"predecessor-version":[{"id":2353,"href":"https:\/\/blogsaverroes.juntadeandalucia.es\/ceprvictorgarciahoz\/wp-json\/wp\/v2\/posts\/2338\/revisions\/2353"}],"wp:attachment":[{"href":"https:\/\/blogsaverroes.juntadeandalucia.es\/ceprvictorgarciahoz\/wp-json\/wp\/v2\/media?parent=2338"}],"wp:term":[{"taxonomy":"category","embeddable":true,"href":"https:\/\/blogsaverroes.juntadeandalucia.es\/ceprvictorgarciahoz\/wp-json\/wp\/v2\/categories?post=2338"},{"taxonomy":"post_tag","embeddable":true,"href":"https:\/\/blogsaverroes.juntadeandalucia.es\/ceprvictorgarciahoz\/wp-json\/wp\/v2\/tags?post=2338"}],"curies":[{"name":"wp","href":"https:\/\/api.w.org\/{rel}","templated":true}]}}