{"id":2401,"date":"2025-12-18T18:47:39","date_gmt":"2025-12-18T17:47:39","guid":{"rendered":"https:\/\/blogsaverroes.juntadeandalucia.es\/ceprvictorgarciahoz\/?p=2401"},"modified":"2025-12-18T18:47:39","modified_gmt":"2025-12-18T17:47:39","slug":"villancicos-vgh","status":"publish","type":"post","link":"https:\/\/blogsaverroes.juntadeandalucia.es\/ceprvictorgarciahoz\/villancicos-vgh\/","title":{"rendered":"VILLANCICOS VGH"},"content":{"rendered":"<p>Se aproximan las vacaciones de navidad y como es tradici\u00f3n el alumnado del CEPR V\u00edctor Garc\u00eda Hoz ha salido a cantar villancicos por Beas de Segura. Agradecer a los maestros y maestras que se implican en el desarrollo de dicha actividad que tanto le gusta a nuestro alumnado.<\/p>\n<p>Aqu\u00ed os dejamos algunos v\u00eddeos y fotos de nuestros cantantes de villancicos.<\/p>\n<div style=\"width: 848px;\" class=\"wp-video\"><!--[if lt IE 9]><script>document.createElement('video');<\/script><![endif]-->\n<video class=\"wp-video-shortcode\" id=\"video-2401-1\" width=\"848\" height=\"478\" preload=\"metadata\" controls=\"controls\"><source type=\"video\/mp4\" src=\"https:\/\/blogsaverroes.juntadeandalucia.es\/ceprvictorgarciahoz\/files\/2025\/12\/VID-20251218-WA0033.mp4?_=1\" \/><a href=\"https:\/\/blogsaverroes.juntadeandalucia.es\/ceprvictorgarciahoz\/files\/2025\/12\/VID-20251218-WA0033.mp4\">https:\/\/blogsaverroes.juntadeandalucia.es\/ceprvictorgarciahoz\/files\/2025\/12\/VID-20251218-WA0033.mp4<\/a><\/video><\/div>\n<div style=\"width: 832px;\" class=\"wp-video\"><video class=\"wp-video-shortcode\" id=\"video-2401-2\" width=\"832\" height=\"464\" preload=\"metadata\" controls=\"controls\"><source type=\"video\/mp4\" src=\"https:\/\/blogsaverroes.juntadeandalucia.es\/ceprvictorgarciahoz\/files\/2025\/12\/VID-20251218-WA0034.mp4?_=2\" \/><a href=\"https:\/\/blogsaverroes.juntadeandalucia.es\/ceprvictorgarciahoz\/files\/2025\/12\/VID-20251218-WA0034.mp4\">https:\/\/blogsaverroes.juntadeandalucia.es\/ceprvictorgarciahoz\/files\/2025\/12\/VID-20251218-WA0034.mp4<\/a><\/video><\/div>\n<div style=\"width: 464px;\" class=\"wp-video\"><video class=\"wp-video-shortcode\" id=\"video-2401-3\" width=\"464\" height=\"832\" preload=\"metadata\" controls=\"controls\"><source type=\"video\/mp4\" src=\"https:\/\/blogsaverroes.juntadeandalucia.es\/ceprvictorgarciahoz\/files\/2025\/12\/VID-20251218-WA0035.mp4?_=3\" \/><a href=\"https:\/\/blogsaverroes.juntadeandalucia.es\/ceprvictorgarciahoz\/files\/2025\/12\/VID-20251218-WA0035.mp4\">https:\/\/blogsaverroes.juntadeandalucia.es\/ceprvictorgarciahoz\/files\/2025\/12\/VID-20251218-WA0035.mp4<\/a><\/video><\/div>\n<div style=\"width: 832px;\" class=\"wp-video\"><video class=\"wp-video-shortcode\" id=\"video-2401-4\" width=\"832\" height=\"464\" preload=\"metadata\" controls=\"controls\"><source type=\"video\/mp4\" src=\"https:\/\/blogsaverroes.juntadeandalucia.es\/ceprvictorgarciahoz\/files\/2025\/12\/VID-20251218-WA0036.mp4?_=4\" \/><a href=\"https:\/\/blogsaverroes.juntadeandalucia.es\/ceprvictorgarciahoz\/files\/2025\/12\/VID-20251218-WA0036.mp4\">https:\/\/blogsaverroes.juntadeandalucia.es\/ceprvictorgarciahoz\/files\/2025\/12\/VID-20251218-WA0036.mp4<\/a><\/video><\/div>\n<div style=\"width: 848px;\" class=\"wp-video\"><video class=\"wp-video-shortcode\" id=\"video-2401-5\" width=\"848\" height=\"478\" preload=\"metadata\" controls=\"controls\"><source type=\"video\/mp4\" src=\"https:\/\/blogsaverroes.juntadeandalucia.es\/ceprvictorgarciahoz\/files\/2025\/12\/VID-20251218-WA0040.mp4?_=5\" \/><a href=\"https:\/\/blogsaverroes.juntadeandalucia.es\/ceprvictorgarciahoz\/files\/2025\/12\/VID-20251218-WA0040.mp4\">https:\/\/blogsaverroes.juntadeandalucia.es\/ceprvictorgarciahoz\/files\/2025\/12\/VID-20251218-WA0040.mp4<\/a><\/video><\/div>\n<div style=\"width: 848px;\" class=\"wp-video\"><video class=\"wp-video-shortcode\" id=\"video-2401-6\" width=\"848\" height=\"480\" preload=\"metadata\" controls=\"controls\"><source type=\"video\/mp4\" src=\"https:\/\/blogsaverroes.juntadeandalucia.es\/ceprvictorgarciahoz\/files\/2025\/12\/VID-20251218-WA0054.mp4?_=6\" \/><a href=\"https:\/\/blogsaverroes.juntadeandalucia.es\/ceprvictorgarciahoz\/files\/2025\/12\/VID-20251218-WA0054.mp4\">https:\/\/blogsaverroes.juntadeandalucia.es\/ceprvictorgarciahoz\/files\/2025\/12\/VID-20251218-WA0054.mp4<\/a><\/video><\/div>\n<div style=\"width: 848px;\" class=\"wp-video\"><video class=\"wp-video-shortcode\" id=\"video-2401-7\" width=\"848\" height=\"480\" preload=\"metadata\" controls=\"controls\"><source type=\"video\/mp4\" src=\"https:\/\/blogsaverroes.juntadeandalucia.es\/ceprvictorgarciahoz\/files\/2025\/12\/VID-20251218-WA0055.mp4?_=7\" \/><a href=\"https:\/\/blogsaverroes.juntadeandalucia.es\/ceprvictorgarciahoz\/files\/2025\/12\/VID-20251218-WA0055.mp4\">https:\/\/blogsaverroes.juntadeandalucia.es\/ceprvictorgarciahoz\/files\/2025\/12\/VID-20251218-WA0055.mp4<\/a><\/video><\/div>\n<div style=\"width: 832px;\" class=\"wp-video\"><video class=\"wp-video-shortcode\" id=\"video-2401-8\" width=\"832\" height=\"464\" preload=\"metadata\" controls=\"controls\"><source type=\"video\/mp4\" src=\"https:\/\/blogsaverroes.juntadeandalucia.es\/ceprvictorgarciahoz\/files\/2025\/12\/VID-20251218-WA0063.mp4?_=8\" \/><a href=\"https:\/\/blogsaverroes.juntadeandalucia.es\/ceprvictorgarciahoz\/files\/2025\/12\/VID-20251218-WA0063.mp4\">https:\/\/blogsaverroes.juntadeandalucia.es\/ceprvictorgarciahoz\/files\/2025\/12\/VID-20251218-WA0063.mp4<\/a><\/video><\/div>\n<div style=\"width: 848px;\" class=\"wp-video\"><video class=\"wp-video-shortcode\" id=\"video-2401-9\" width=\"848\" height=\"478\" preload=\"metadata\" controls=\"controls\"><source type=\"video\/mp4\" src=\"https:\/\/blogsaverroes.juntadeandalucia.es\/ceprvictorgarciahoz\/files\/2025\/12\/VID-20251218-WA0069.mp4?_=9\" \/><a href=\"https:\/\/blogsaverroes.juntadeandalucia.es\/ceprvictorgarciahoz\/files\/2025\/12\/VID-20251218-WA0069.mp4\">https:\/\/blogsaverroes.juntadeandalucia.es\/ceprvictorgarciahoz\/files\/2025\/12\/VID-20251218-WA0069.mp4<\/a><\/video><\/div>\n<div style=\"width: 848px;\" class=\"wp-video\"><video class=\"wp-video-shortcode\" id=\"video-2401-10\" width=\"848\" height=\"478\" preload=\"metadata\" controls=\"controls\"><source type=\"video\/mp4\" src=\"https:\/\/blogsaverroes.juntadeandalucia.es\/ceprvictorgarciahoz\/files\/2025\/12\/VID-20251218-WA0070.mp4?_=10\" \/><a href=\"https:\/\/blogsaverroes.juntadeandalucia.es\/ceprvictorgarciahoz\/files\/2025\/12\/VID-20251218-WA0070.mp4\">https:\/\/blogsaverroes.juntadeandalucia.es\/ceprvictorgarciahoz\/files\/2025\/12\/VID-20251218-WA0070.mp4<\/a><\/video><\/div>\n<p>&nbsp;<\/p>\n","protected":false},"excerpt":{"rendered":"<p>Se aproximan las vacaciones de navidad y como es tradici\u00f3n el alumnado del CEPR V\u00edctor Garc\u00eda Hoz ha salido a cantar villancicos por Beas de Segura. Agradecer a los maestros y maestras que se&#46;&#46;&#46;<\/p>\n","protected":false},"author":18117,"featured_media":0,"comment_status":"closed","ping_status":"open","sticky":false,"template":"","format":"standard","meta":{"ngg_post_thumbnail":0,"footnotes":""},"categories":[1],"tags":[],"aioseo_notices":[],"_links":{"self":[{"href":"https:\/\/blogsaverroes.juntadeandalucia.es\/ceprvictorgarciahoz\/wp-json\/wp\/v2\/posts\/2401"}],"collection":[{"href":"https:\/\/blogsaverroes.juntadeandalucia.es\/ceprvictorgarciahoz\/wp-json\/wp\/v2\/posts"}],"about":[{"href":"https:\/\/blogsaverroes.juntadeandalucia.es\/ceprvictorgarciahoz\/wp-json\/wp\/v2\/types\/post"}],"author":[{"embeddable":true,"href":"https:\/\/blogsaverroes.juntadeandalucia.es\/ceprvictorgarciahoz\/wp-json\/wp\/v2\/users\/18117"}],"replies":[{"embeddable":true,"href":"https:\/\/blogsaverroes.juntadeandalucia.es\/ceprvictorgarciahoz\/wp-json\/wp\/v2\/comments?post=2401"}],"version-history":[{"count":2,"href":"https:\/\/blogsaverroes.juntadeandalucia.es\/ceprvictorgarciahoz\/wp-json\/wp\/v2\/posts\/2401\/revisions"}],"predecessor-version":[{"id":2415,"href":"https:\/\/blogsaverroes.juntadeandalucia.es\/ceprvictorgarciahoz\/wp-json\/wp\/v2\/posts\/2401\/revisions\/2415"}],"wp:attachment":[{"href":"https:\/\/blogsaverroes.juntadeandalucia.es\/ceprvictorgarciahoz\/wp-json\/wp\/v2\/media?parent=2401"}],"wp:term":[{"taxonomy":"category","embeddable":true,"href":"https:\/\/blogsaverroes.juntadeandalucia.es\/ceprvictorgarciahoz\/wp-json\/wp\/v2\/categories?post=2401"},{"taxonomy":"post_tag","embeddable":true,"href":"https:\/\/blogsaverroes.juntadeandalucia.es\/ceprvictorgarciahoz\/wp-json\/wp\/v2\/tags?post=2401"}],"curies":[{"name":"wp","href":"https:\/\/api.w.org\/{rel}","templated":true}]}}