{"id":2485,"date":"2026-02-05T18:47:30","date_gmt":"2026-02-05T17:47:30","guid":{"rendered":"https:\/\/blogsaverroes.juntadeandalucia.es\/ceprvictorgarciahoz\/?p=2485"},"modified":"2026-02-05T18:47:30","modified_gmt":"2026-02-05T17:47:30","slug":"dia-internacional-de-la-paz","status":"publish","type":"post","link":"https:\/\/blogsaverroes.juntadeandalucia.es\/ceprvictorgarciahoz\/dia-internacional-de-la-paz\/","title":{"rendered":"D\u00cdA INTERNACIONAL DE LA PAZ"},"content":{"rendered":"<p>&nbsp;As\u00ed lucen nuestros pasillos tan bonitos decorados por nuestro alumando, despu\u00e9s de celebrar el D\u00eda Internacional de la Paz! CEPR V\u00edctor Garc\u00eda Hoz.<\/p>\n<div style=\"width: 1920px;\" class=\"wp-video\"><!--[if lt IE 9]><script>document.createElement('video');<\/script><![endif]-->\n<video class=\"wp-video-shortcode\" id=\"video-2485-1\" width=\"1920\" height=\"1080\" preload=\"metadata\" controls=\"controls\"><source type=\"video\/mp4\" src=\"https:\/\/blogsaverroes.juntadeandalucia.es\/ceprvictorgarciahoz\/files\/2026\/02\/DIA-DE-LA-PAZ-.mp4?_=1\" \/><a href=\"https:\/\/blogsaverroes.juntadeandalucia.es\/ceprvictorgarciahoz\/files\/2026\/02\/DIA-DE-LA-PAZ-.mp4\">https:\/\/blogsaverroes.juntadeandalucia.es\/ceprvictorgarciahoz\/files\/2026\/02\/DIA-DE-LA-PAZ-.mp4<\/a><\/video><\/div>\n","protected":false},"excerpt":{"rendered":"<p>&nbsp;As\u00ed lucen nuestros pasillos tan bonitos decorados por nuestro alumando, despu\u00e9s de celebrar el D\u00eda Internacional de la Paz! CEPR V\u00edctor Garc\u00eda Hoz.<\/p>\n","protected":false},"author":18117,"featured_media":0,"comment_status":"closed","ping_status":"open","sticky":false,"template":"","format":"standard","meta":{"ngg_post_thumbnail":0,"footnotes":""},"categories":[1],"tags":[],"aioseo_notices":[],"_links":{"self":[{"href":"https:\/\/blogsaverroes.juntadeandalucia.es\/ceprvictorgarciahoz\/wp-json\/wp\/v2\/posts\/2485"}],"collection":[{"href":"https:\/\/blogsaverroes.juntadeandalucia.es\/ceprvictorgarciahoz\/wp-json\/wp\/v2\/posts"}],"about":[{"href":"https:\/\/blogsaverroes.juntadeandalucia.es\/ceprvictorgarciahoz\/wp-json\/wp\/v2\/types\/post"}],"author":[{"embeddable":true,"href":"https:\/\/blogsaverroes.juntadeandalucia.es\/ceprvictorgarciahoz\/wp-json\/wp\/v2\/users\/18117"}],"replies":[{"embeddable":true,"href":"https:\/\/blogsaverroes.juntadeandalucia.es\/ceprvictorgarciahoz\/wp-json\/wp\/v2\/comments?post=2485"}],"version-history":[{"count":1,"href":"https:\/\/blogsaverroes.juntadeandalucia.es\/ceprvictorgarciahoz\/wp-json\/wp\/v2\/posts\/2485\/revisions"}],"predecessor-version":[{"id":2487,"href":"https:\/\/blogsaverroes.juntadeandalucia.es\/ceprvictorgarciahoz\/wp-json\/wp\/v2\/posts\/2485\/revisions\/2487"}],"wp:attachment":[{"href":"https:\/\/blogsaverroes.juntadeandalucia.es\/ceprvictorgarciahoz\/wp-json\/wp\/v2\/media?parent=2485"}],"wp:term":[{"taxonomy":"category","embeddable":true,"href":"https:\/\/blogsaverroes.juntadeandalucia.es\/ceprvictorgarciahoz\/wp-json\/wp\/v2\/categories?post=2485"},{"taxonomy":"post_tag","embeddable":true,"href":"https:\/\/blogsaverroes.juntadeandalucia.es\/ceprvictorgarciahoz\/wp-json\/wp\/v2\/tags?post=2485"}],"curies":[{"name":"wp","href":"https:\/\/api.w.org\/{rel}","templated":true}]}}