{"id":3974,"date":"2022-12-21T13:29:05","date_gmt":"2022-12-21T12:29:05","guid":{"rendered":"https:\/\/blogsaverroes.juntadeandalucia.es\/ceprvirgendelacabeza\/?p=3974"},"modified":"2026-02-15T21:11:53","modified_gmt":"2026-02-15T20:11:53","slug":"comisiones","status":"publish","type":"post","link":"https:\/\/blogsaverroes.juntadeandalucia.es\/ceprvirgendelacabeza\/2022\/12\/21\/comisiones\/","title":{"rendered":"Comisiones"},"content":{"rendered":"<p style=\"text-align: center\"><span style=\"font-size: 14pt\"><strong>COMISIONES DEL CONSEJO ESCOLAR<\/strong><\/span><\/p>\n<p>&nbsp;<\/p>\n<p>Dentro del Consejo Escolar, nos encontramos con tres comisiones: comisi\u00f3n permanente, comisi\u00f3n de evaluaci\u00f3n y comisi\u00f3n de convivencia. A continuaci\u00f3n se detallan sus componentes:<\/p>\n<p>&nbsp;<\/p>\n<p><strong>Comisi\u00f3n permanente:<\/strong><\/p>\n<p>Miguel \u00c1ngel Gordillo Guti\u00e9rrez<\/p>\n<p>Bel\u00e9n L\u00f3pez L\u00f3pez<\/p>\n<p>Inmaculada V\u00e1zquez P\u00e9rez<\/p>\n<p>Antonio Fern\u00e1ndez Lozano.<\/p>\n<p>&nbsp;<\/p>\n<p><strong>Comisi\u00f3n de evaluaci\u00f3n:<\/strong><\/p>\n<p>Miguel \u00c1ngel Gordillo Guti\u00e9rrez.<\/p>\n<p>Bel\u00e9n L\u00f3pez L\u00f3pez.<\/p>\n<p>Tania Mart\u00edn Olvera.<\/p>\n<p>Mar\u00eda Eufemia Mart\u00ednez Valverde.&nbsp;<\/p>\n<p>&nbsp;<\/p>\n<p><strong>Comisi\u00f3n de convivencia:<\/strong><\/p>\n<p>Miguel \u00c1ngel Gordillo Guti\u00e9rrez<\/p>\n<p>Bel\u00e9n L\u00f3pez L\u00f3pez<\/p>\n<p>Pedro Jim\u00e9nez Parras<\/p>\n<p>Rosa Mar\u00eda Jim\u00e9nez Bustos<\/p>\n<p>Juan Jos\u00e9 Romero Garc\u00eda<\/p>\n<p>Isabel Moreno Puerta<\/p>\n<p>Ana Mar\u00eda Mart\u00edn Tarragona<\/p>\n<p>Elena Gonz\u00e1lez Tarragona<\/p>\n<p>&nbsp;<\/p>\n<p><strong>Comisi\u00f3n de comedor:<\/strong><\/p>\n<p>Miguel \u00c1ngel Gordillo Guti\u00e9rrez<\/p>\n<p>Representante de la empresa<\/p>\n<p>M\u00aa \u00c1ngeles Ruiz Fern\u00e1ndez<\/p>\n<p>&nbsp;<\/p>\n<p>&nbsp;<\/p>\n<p>&nbsp;<\/p>\n","protected":false},"excerpt":{"rendered":"<p>COMISIONES DEL CONSEJO ESCOLAR &nbsp; Dentro del Consejo Escolar, nos encontramos con tres comisiones: comisi\u00f3n permanente, comisi\u00f3n de evaluaci\u00f3n y comisi\u00f3n de convivencia. A continuaci\u00f3n se detallan sus componentes: &nbsp; Comisi\u00f3n permanente: Miguel \u00c1ngel Gordillo Guti\u00e9rrez Bel\u00e9n L\u00f3pez L\u00f3pez Inmaculada V\u00e1zquez P\u00e9rez Antonio Fern\u00e1ndez Lozano. &nbsp; Comisi\u00f3n de evaluaci\u00f3n: Miguel \u00c1ngel Gordillo Guti\u00e9rrez. Bel\u00e9n L\u00f3pez &hellip; <\/p>\n<p class=\"link-more\"><a href=\"https:\/\/blogsaverroes.juntadeandalucia.es\/ceprvirgendelacabeza\/2022\/12\/21\/comisiones\/\" class=\"more-link\">Continuar leyendo<span class=\"screen-reader-text\"> \u00abComisiones\u00bb<\/span><\/a><\/p>\n","protected":false},"author":2372,"featured_media":0,"comment_status":"closed","ping_status":"open","sticky":false,"template":"","format":"standard","meta":{"ngg_post_thumbnail":0,"footnotes":""},"categories":[11909],"tags":[],"aioseo_notices":[],"_links":{"self":[{"href":"https:\/\/blogsaverroes.juntadeandalucia.es\/ceprvirgendelacabeza\/wp-json\/wp\/v2\/posts\/3974"}],"collection":[{"href":"https:\/\/blogsaverroes.juntadeandalucia.es\/ceprvirgendelacabeza\/wp-json\/wp\/v2\/posts"}],"about":[{"href":"https:\/\/blogsaverroes.juntadeandalucia.es\/ceprvirgendelacabeza\/wp-json\/wp\/v2\/types\/post"}],"author":[{"embeddable":true,"href":"https:\/\/blogsaverroes.juntadeandalucia.es\/ceprvirgendelacabeza\/wp-json\/wp\/v2\/users\/2372"}],"replies":[{"embeddable":true,"href":"https:\/\/blogsaverroes.juntadeandalucia.es\/ceprvirgendelacabeza\/wp-json\/wp\/v2\/comments?post=3974"}],"version-history":[{"count":6,"href":"https:\/\/blogsaverroes.juntadeandalucia.es\/ceprvirgendelacabeza\/wp-json\/wp\/v2\/posts\/3974\/revisions"}],"predecessor-version":[{"id":5003,"href":"https:\/\/blogsaverroes.juntadeandalucia.es\/ceprvirgendelacabeza\/wp-json\/wp\/v2\/posts\/3974\/revisions\/5003"}],"wp:attachment":[{"href":"https:\/\/blogsaverroes.juntadeandalucia.es\/ceprvirgendelacabeza\/wp-json\/wp\/v2\/media?parent=3974"}],"wp:term":[{"taxonomy":"category","embeddable":true,"href":"https:\/\/blogsaverroes.juntadeandalucia.es\/ceprvirgendelacabeza\/wp-json\/wp\/v2\/categories?post=3974"},{"taxonomy":"post_tag","embeddable":true,"href":"https:\/\/blogsaverroes.juntadeandalucia.es\/ceprvirgendelacabeza\/wp-json\/wp\/v2\/tags?post=3974"}],"curies":[{"name":"wp","href":"https:\/\/api.w.org\/{rel}","templated":true}]}}