{"id":4598,"date":"2023-09-25T16:34:55","date_gmt":"2023-09-25T15:34:55","guid":{"rendered":"https:\/\/blogsaverroes.juntadeandalucia.es\/ceprvirgendelacabeza\/?p=4598"},"modified":"2023-11-15T13:04:18","modified_gmt":"2023-11-15T12:04:18","slug":"plc","status":"publish","type":"post","link":"https:\/\/blogsaverroes.juntadeandalucia.es\/ceprvirgendelacabeza\/2023\/09\/25\/plc\/","title":{"rendered":"PLC"},"content":{"rendered":"<p style=\"text-align: center\"><strong>PROYECTO LING\u00dc\u00cdSTICO DE CENTRO<\/strong><\/p>\n<p>&nbsp;<\/p>\n<p style=\"text-align: justify\">El Proyecto Ling\u00fc\u00edstico de Centro es una herramienta fundamental en la ense\u00f1anza de las lenguas en los Centros educativos. Se trata de un plan de acci\u00f3n que establece los objetivos, estrategias y actividades que<br \/>\nse deben llevar a cabo para desarrollar las habilidades ling\u00fc\u00edsticas de los estudiantes y mejorar su competencia comunicativa.&nbsp;El enfoque pedag\u00f3gico en el aprendizaje de idiomas ayuda a desarrollar la creatividad, la imaginaci\u00f3n y la capacidad de resolver problemas, lo que a su vez mejora el rendimiento acad\u00e9mico de los estudiantes.<\/p>\n<p style=\"text-align: justify\">En primer lugar, es importante destacar que el aprendizaje de las lenguas es esencial para la formaci\u00f3n integral de los estudiantes. Las lenguas no solo permiten comunicarse con personas de otros pa\u00edses, sino<br \/>\nque tambi\u00e9n son una herramienta fundamental para el acceso a la informaci\u00f3n y al conocimiento en diferentes \u00e1mbitos de la vida. Por tanto, el PLC puede contribuir a mejorar la formaci\u00f3n de los estudiantes y a prepararlos para el mundo globalizado en el que vivimos.&nbsp;<\/p>\n<p style=\"text-align: justify\">Adem\u00e1s, el Proyecto Ling\u00fc\u00edstico de Centro tambi\u00e9n permite establecer un marco de referencia com\u00fan para todos los docentes del centro. Esto resulta fundamental para garantizar la coherencia y la continuidad en la ense\u00f1anza de las lenguas y evitar posibles contradicciones o diferencias en la metodolog\u00eda utilizada.<\/p>\n<p>&nbsp;<\/p>\n<p><img loading=\"lazy\" decoding=\"async\" class=\" wp-image-4603 aligncenter\" src=\"https:\/\/blogsaverroes.juntadeandalucia.es\/ceprvirgendelacabeza\/files\/2023\/09\/LOGO-300x123.png\" alt=\"\" width=\"548\" height=\"225\" srcset=\"https:\/\/blogsaverroes.juntadeandalucia.es\/ceprvirgendelacabeza\/files\/2023\/09\/LOGO-300x123.png 300w, https:\/\/blogsaverroes.juntadeandalucia.es\/ceprvirgendelacabeza\/files\/2023\/09\/LOGO-768x315.png 768w, https:\/\/blogsaverroes.juntadeandalucia.es\/ceprvirgendelacabeza\/files\/2023\/09\/LOGO.png 940w\" sizes=\"(max-width: 548px) 100vw, 548px\" \/><\/p>\n<p>&nbsp;<\/p>\n<p>ENLACES A LOS DIFERENTES DOCUMENTOS:<\/p>\n<ul>\n<li><a href=\"https:\/\/blogsaverroes.juntadeandalucia.es\/ceprvirgendelacabeza\/files\/2023\/09\/Diagn%C3%B3stico-inicial.pdf\">Diagn\u00f3stico inicial<\/a>.<\/li>\n<li><a href=\"https:\/\/blogsaverroes.juntadeandalucia.es\/ceprvirgendelacabeza\/files\/2023\/11\/PLAN-LECTOR-2023-24.pdf\">Plan lector.<\/a><\/li>\n<li><a href=\"https:\/\/blogsaverroes.juntadeandalucia.es\/ceprvirgendelacabeza\/files\/2023\/09\/LOS-G%C3%89NEROS-DISCURSIVOS.pdf\">G\u00e9nero discursivos<\/a><\/li>\n<li><a href=\"https:\/\/blogsaverroes.juntadeandalucia.es\/ceprvirgendelacabeza\/files\/2023\/09\/Proyecto-Biling%C3%BCe.pdf\">Proyecto biling\u00fce<\/a><\/li>\n<li><a href=\"https:\/\/blogsaverroes.juntadeandalucia.es\/ceprvirgendelacabeza\/files\/2023\/09\/PMV-a%C3%B1o-I.pdf\">Proyecto m\u00ednimo viable<\/a><\/li>\n<\/ul>\n<p>&nbsp;<\/p>\n","protected":false},"excerpt":{"rendered":"<p>PROYECTO LING\u00dc\u00cdSTICO DE CENTRO &nbsp; El Proyecto Ling\u00fc\u00edstico de Centro es una herramienta fundamental en la ense\u00f1anza de las lenguas en los Centros educativos. Se trata de un plan de acci\u00f3n que establece los objetivos, estrategias y actividades que se deben llevar a cabo para desarrollar las habilidades ling\u00fc\u00edsticas de los estudiantes y mejorar su &hellip; <\/p>\n<p class=\"link-more\"><a href=\"https:\/\/blogsaverroes.juntadeandalucia.es\/ceprvirgendelacabeza\/2023\/09\/25\/plc\/\" class=\"more-link\">Continuar leyendo<span class=\"screen-reader-text\"> \u00abPLC\u00bb<\/span><\/a><\/p>\n","protected":false},"author":2372,"featured_media":0,"comment_status":"closed","ping_status":"open","sticky":false,"template":"","format":"standard","meta":{"ngg_post_thumbnail":0,"footnotes":""},"categories":[11909],"tags":[],"aioseo_notices":[],"_links":{"self":[{"href":"https:\/\/blogsaverroes.juntadeandalucia.es\/ceprvirgendelacabeza\/wp-json\/wp\/v2\/posts\/4598"}],"collection":[{"href":"https:\/\/blogsaverroes.juntadeandalucia.es\/ceprvirgendelacabeza\/wp-json\/wp\/v2\/posts"}],"about":[{"href":"https:\/\/blogsaverroes.juntadeandalucia.es\/ceprvirgendelacabeza\/wp-json\/wp\/v2\/types\/post"}],"author":[{"embeddable":true,"href":"https:\/\/blogsaverroes.juntadeandalucia.es\/ceprvirgendelacabeza\/wp-json\/wp\/v2\/users\/2372"}],"replies":[{"embeddable":true,"href":"https:\/\/blogsaverroes.juntadeandalucia.es\/ceprvirgendelacabeza\/wp-json\/wp\/v2\/comments?post=4598"}],"version-history":[{"count":4,"href":"https:\/\/blogsaverroes.juntadeandalucia.es\/ceprvirgendelacabeza\/wp-json\/wp\/v2\/posts\/4598\/revisions"}],"predecessor-version":[{"id":4602,"href":"https:\/\/blogsaverroes.juntadeandalucia.es\/ceprvirgendelacabeza\/wp-json\/wp\/v2\/posts\/4598\/revisions\/4602"}],"wp:attachment":[{"href":"https:\/\/blogsaverroes.juntadeandalucia.es\/ceprvirgendelacabeza\/wp-json\/wp\/v2\/media?parent=4598"}],"wp:term":[{"taxonomy":"category","embeddable":true,"href":"https:\/\/blogsaverroes.juntadeandalucia.es\/ceprvirgendelacabeza\/wp-json\/wp\/v2\/categories?post=4598"},{"taxonomy":"post_tag","embeddable":true,"href":"https:\/\/blogsaverroes.juntadeandalucia.es\/ceprvirgendelacabeza\/wp-json\/wp\/v2\/tags?post=4598"}],"curies":[{"name":"wp","href":"https:\/\/api.w.org\/{rel}","templated":true}]}}