{"id":109,"date":"2018-05-12T21:36:00","date_gmt":"2018-05-12T19:36:00","guid":{"rendered":""},"modified":"2024-11-24T22:14:42","modified_gmt":"2024-11-24T21:14:42","slug":"prototipo-y-dafo","status":"publish","type":"post","link":"https:\/\/blogsaverroes.juntadeandalucia.es\/chemaef\/2018\/05\/12\/prototipo-y-dafo\/","title":{"rendered":"PROTOTIPO Y DAFO"},"content":{"rendered":"<div style=\"text-align: center\">\n<\/div>\n<div style=\"text-align: center\">\n<b>CONTEXTO<\/b><\/div>\n<div style=\"text-align: center\">\n<b><br \/><\/b><\/div>\n<div style=\"text-align: left\">\n<\/div>\n<div title=\"Page 11\">\n<div>\n<div>\n<div>\n<div style=\"text-align: justify\">\n<span>En nuestro caso, es un centro con una antigu\u0308edad bastante considerable (1929), lo que hace<br \/>\nque tenga adquirida y consolidada una identidad propia basada en pilares fundamentales como la seriedad, la capacidad<br \/>\nde trabajo de sus profesionales y el buen clima social existente en todos los sectores representativos del Centro. Consta<br \/>\nde tres edificios: uno para las 9 aulas (3 de Infantil y 6 de Primaria) con patio interior y aula de ingle\u0301s; otro para sala de<br \/>\nbiblioteca, sala de teatro, aula digital y un gimnasio (SUM).&nbsp;<\/span><\/div>\n<div style=\"text-align: justify\">\n<span><br \/><\/span><\/div>\n<div style=\"text-align: justify\">\n<\/div>\n<div title=\"Page 11\">\n<div>\n<div>\n<div>\n<div style=\"text-align: justify\">\n<span>Actualmente al Centro asisten 183 alumnos\/as correspondientes a las etapas de Educacio\u0301n Infantil y Primaria. Puede<br \/>\nafirmarse, que la gran mayori\u0301a de estos alumnos\/as forman un grupo homoge\u0301neo, en cuanto a lo que a las caracteri\u0301sticas<br \/>\nsociales, intelectuales y familiares se refiere. No obstante, es necesario indicar la existencia de un porcentaje de<br \/>\nalumnos\/as con necesidades educativas especiales, con su dictamen correspondiente y, los cua\u0301les no son atendidos como<br \/>\nse debiera por so\u0301lo contar con un profesional cualificado compartido para desempen\u0303ar esa labor. Por otro lado, aunque<br \/>\nen un nu\u0301mero bastante reducido, al centro tambie\u0301n asisten alumnos\/as procedentes de otros pai\u0301ses con ciertas<br \/>\ndificultades para el dominio de nuestra lengua.<br \/>\n<\/span><\/div>\n<div style=\"text-align: justify\">\n<span>Pra\u0301cticamente son inexistentes o muy poco significativas las incidencias relativas a las conductas contrarias a la norma,<br \/>\nlo que permite desarrollar nuestra pra\u0301ctica educativa, tanto en el aula como fuera de ella, con relativa comodidad.<br \/>\n<\/span><\/div>\n<div style=\"text-align: justify\">\n<span>Asimismo, y au\u0301n teniendo en cuenta que los resultados escolares obtenidos por nuestros alumnos\/as deben ser<br \/>\nconsiderados como muy positivos, todo es digno de ser mejorado, y con esta filosofi\u0301a pretendemos llevar a cabo nuestra<br \/>\npraxis docente di\u0301a a di\u0301a.&nbsp;<\/span><\/div>\n<div style=\"text-align: justify\">\n<\/div>\n<\/div>\n<\/div>\n<\/div>\n<\/div>\n<\/div>\n<\/div>\n<\/div>\n<\/div>\n<p><\/p>\n<div style=\"text-align: justify\">\n<span style=\"text-align: center\"><b><u>PROYECTO C\u00d3MIC:<\/u><\/b> va dirigido para 5\u00ba de primaria, se cuenta adem\u00e1s con mi compa\u00f1era de ciclo&nbsp; (6\u00ba de primaria) y los tutores\/as de tercero y cuarto de primaria para la puesta en pr\u00e1ctica de dicho proyecto. Se pretende acercar el mundo de los c\u00f3mics al alumnado, que conozcan un c\u00f3mics, sus caracter\u00edsticas y sus elementos.<\/span><\/div>\n<div style=\"text-align: justify\">\n<\/div>\n<div style=\"background-color: white;border: 0px;color: #333333;font-family: Roboto, sans-serif;font-size: 11px;line-height: normal !important;padding: 0px;text-align: justify;vertical-align: baseline\">\n<\/div>\n<div style=\"background-color: white;border: 0px;color: #333333;font-family: Roboto, sans-serif;font-size: 11px;line-height: normal !important;margin: 0px;padding: 0px;text-align: justify\">\n<span style=\"border: 0px;, sans-serif;font-size: 17px;font-weight: bold;margin: 0px;padding: 0px\">PRODUCTO FINAL:<\/span><span style=\"border: 0px;, sans-serif;font-size: 17px;margin: 0px;padding: 0px\"> ELABORACI\u00d3N DE UN MACROC\u00d3MIC Y UN AUDIOC\u00d3MIC<\/span><span style=\"border: 0px;, sans-serif;font-size: 17px;font-weight: bold;margin: 0px;padding: 0px\">.&nbsp;<\/span><span style=\"border: 0px;font-size: 18px;font-weight: bold;margin: 0px;padding: 0px\">Exposici\u00f3n<\/span><span style=\"font-size: 18px\">&nbsp;de los macro c\u00f3mic y audio c\u00f3mic en un&nbsp;<\/span><span style=\"border: 0px;font-size: 18px;font-weight: bold;margin: 0px;padding: 0px\">cd\/dvd interactivo<\/span><span style=\"font-size: 18px\">&nbsp;y en un&nbsp;<\/span><span style=\"border: 0px;font-size: 18px;font-weight: bold;margin: 0px;padding: 0px\">expositor<\/span><span style=\"font-size: 18px\">&nbsp;en el&nbsp;<\/span><span style=\"border: 0px;font-size: 18px;font-weight: bold;margin: 0px;padding: 0px\">stand del colegio<\/span><span style=\"font-size: 18px\">&nbsp;para la&nbsp;<\/span><span style=\"border: 0px;font-size: 18px;font-weight: bold;margin: 0px;padding: 0px\">XXXIX Feria Infantil y Juvenil del Libro de Mor\u00f3n de la Frontera (10 y 11 de Mayo)<\/span><\/div>\n<div style=\"background-color: white;border: 0px;color: #333333;font-family: Roboto, sans-serif;font-size: 11px;line-height: normal !important;margin: 0px;padding: 0px;text-align: justify\">\n<span style=\"border: 0px;, sans-serif;font-size: 17px;font-weight: bold;margin: 0px;padding: 0px\"><br \/><\/span><\/div>\n<div style=\"background-color: white;border: 0px;color: #333333;font-family: Calibri;margin: 0cm 0cm 0.0001pt;padding: 0px;text-align: center;vertical-align: baseline\">\n<span style=\"border: 0px;font-weight: bold;margin: 0px;padding: 0px;vertical-align: baseline\">RELACI\u00d3N CON EL CURR\u00cdCULO<\/span><\/div>\n<div style=\"background-color: white;border: 0px;color: #333333;font-family: Calibri;font-size: 12pt;margin: 0cm 0cm 0.0001pt;padding: 0px;text-align: justify;vertical-align: baseline\">\n<span style=\"border: 0px;font-size: 8pt;margin: 0px;padding: 0px;vertical-align: baseline\"><br \/><\/span><\/div>\n<div style=\"background-color: white;border: 0px;color: #333333;font-family: Calibri;margin: 0cm 0cm 0.0001pt;padding: 0px;text-align: justify;vertical-align: baseline\">\n<span style=\"border: 0px;margin: 0px;padding: 0px;vertical-align: baseline\">LCL.3.2.1.&nbsp; Se expresa con una pronunciaci\u00f3n&nbsp; y una dicci\u00f3n correctas:&nbsp; articulaci\u00f3n,&nbsp; ritmo, entonaci\u00f3n&nbsp; y volumen. (CCL).<\/span><\/div>\n<div style=\"background-color: white;border: 0px;color: #333333;font-family: Calibri;margin: 0cm 0cm 0.0001pt;padding: 0px;text-align: justify;vertical-align: baseline\">\n<\/div>\n<div style=\"background-color: white;border: 0px;color: #333333;font-family: Calibri;margin: 0cm 0cm 0.0001pt;padding: 0px;text-align: justify;vertical-align: baseline\">\n<span style=\"border: 0px;color: black;margin: 0px;padding: 0px;vertical-align: baseline\"><span style=\"border: 0px;margin: 0px;padding: 0px\">LCL.3.2.3. Utiliza un vocabulario<\/span><span style=\"border: 0px;margin: 0px;padding: 0px;vertical-align: baseline\"><span style=\"border: 0px;margin: 0px;padding: 0px\">&nbsp;<\/span><span style=\"border: 0px;margin: 0px;padding: 0px\">&nbsp;<\/span><\/span><span style=\"border: 0px;margin: 0px;padding: 0px\">adecuado a su edad en sus expresiones<\/span><span style=\"border: 0px;margin: 0px;padding: 0px;vertical-align: baseline\"><span style=\"border: 0px;margin: 0px;padding: 0px\">&nbsp;<\/span><span style=\"border: 0px;margin: 0px;padding: 0px\">&nbsp;<\/span><\/span><span style=\"border: 0px;margin: 0px;padding: 0px\">adecuadas para las diferentes funciones del lenguaje. (CCL).<\/span><\/span><\/div>\n<div style=\"background-color: white;border: 0px;color: #333333;font-family: Calibri;margin: 0cm 0cm 0.0001pt;padding: 0px;text-align: justify;vertical-align: baseline\">\n<\/div>\n<div style=\"background-color: white;border: 0px;color: #333333;font-family: Calibri;margin: 0cm 0cm 0.0001pt;padding: 0px;text-align: justify;vertical-align: baseline\">\n<span style=\"border: 0px;color: black;margin: 0px;padding: 0px;vertical-align: baseline\"><span style=\"border: 0px;margin: 0px;padding: 0px\">LCL.3.3.1.<\/span><span style=\"border: 0px;margin: 0px;padding: 0px;vertical-align: baseline\"><span style=\"border: 0px;margin: 0px;padding: 0px\">&nbsp;&nbsp;<\/span><span style=\"border: 0px;margin: 0px;padding: 0px\">&nbsp;<\/span><\/span><span style=\"border: 0px;margin: 0px;padding: 0px\">Comprende<\/span><span style=\"border: 0px;margin: 0px;padding: 0px;vertical-align: baseline\"><span style=\"border: 0px;margin: 0px;padding: 0px\">&nbsp;&nbsp;<\/span><span style=\"border: 0px;margin: 0px;padding: 0px\">&nbsp;<\/span><\/span><span style=\"border: 0px;margin: 0px;padding: 0px\">la<\/span><span style=\"border: 0px;margin: 0px;padding: 0px;vertical-align: baseline\"><span style=\"border: 0px;margin: 0px;padding: 0px\">&nbsp;<\/span><span style=\"border: 0px;margin: 0px;padding: 0px\">&nbsp;<\/span><\/span><span style=\"border: 0px;margin: 0px;padding: 0px\">informaci\u00f3n<\/span><span style=\"border: 0px;margin: 0px;padding: 0px;vertical-align: baseline\"><span style=\"border: 0px;margin: 0px;padding: 0px\">&nbsp;&nbsp;<\/span><span style=\"border: 0px;margin: 0px;padding: 0px\">&nbsp;<\/span><\/span><span style=\"border: 0px;margin: 0px;padding: 0px\">de<\/span><span style=\"border: 0px;margin: 0px;padding: 0px;vertical-align: baseline\"><span style=\"border: 0px;margin: 0px;padding: 0px\">&nbsp;<\/span><span style=\"border: 0px;margin: 0px;padding: 0px\">&nbsp;<\/span><\/span><span style=\"border: 0px;margin: 0px;padding: 0px\">diferentes<\/span><span style=\"border: 0px;margin: 0px;padding: 0px;vertical-align: baseline\"><span style=\"border: 0px;margin: 0px;padding: 0px\">&nbsp;&nbsp;<\/span><span style=\"border: 0px;margin: 0px;padding: 0px\">&nbsp;<\/span><\/span><span style=\"border: 0px;margin: 0px;padding: 0px\">textos<\/span><span style=\"border: 0px;margin: 0px;padding: 0px;vertical-align: baseline\"><span style=\"border: 0px;margin: 0px;padding: 0px\">&nbsp;<\/span><span style=\"border: 0px;margin: 0px;padding: 0px\">&nbsp;<\/span><\/span><span style=\"border: 0px;margin: 0px;padding: 0px\">orales<\/span><span style=\"border: 0px;margin: 0px;padding: 0px;vertical-align: baseline\"><span style=\"border: 0px;margin: 0px;padding: 0px\">&nbsp;<\/span><span style=\"border: 0px;margin: 0px;padding: 0px\">&nbsp;<\/span><\/span><span style=\"border: 0px;margin: 0px;padding: 0px\">seg\u00fan<\/span><span style=\"border: 0px;margin: 0px;padding: 0px;vertical-align: baseline\"><span style=\"border: 0px;margin: 0px;padding: 0px\">&nbsp;<\/span><span style=\"border: 0px;margin: 0px;padding: 0px\">&nbsp;<\/span><\/span><span style=\"border: 0px;margin: 0px;padding: 0px\">su<\/span><span style=\"border: 0px;margin: 0px;padding: 0px;vertical-align: baseline\">&nbsp;<\/span><span style=\"border: 0px;margin: 0px;padding: 0px\">tipolog\u00eda:<\/span><span style=\"border: 0px;margin: 0px;padding: 0px;vertical-align: baseline\"><span style=\"border: 0px;margin: 0px;padding: 0px\">&nbsp;&nbsp;<\/span><span style=\"border: 0px;margin: 0px;padding: 0px\">&nbsp;<\/span><\/span><span style=\"border: 0px;margin: 0px;padding: 0px\">narrativos, descriptivos, informativos, instructivos y argumentativos,<\/span><span style=\"border: 0px;margin: 0px;padding: 0px;vertical-align: baseline\"><span style=\"border: 0px;margin: 0px;padding: 0px\">&nbsp;<\/span><span style=\"border: 0px;margin: 0px;padding: 0px\">&nbsp;<\/span><\/span><span style=\"border: 0px;margin: 0px;padding: 0px\">etc. (CCL).<\/span><\/span><\/div>\n<div style=\"background-color: white;border: 0px;color: #333333;font-family: Calibri;margin: 0cm 0cm 0.0001pt;padding: 0px;text-align: justify;vertical-align: baseline\">\n<\/div>\n<div style=\"background-color: white;border: 0px;color: #333333;font-family: Calibri;margin: 0cm 0cm 0.0001pt;padding: 0px;text-align: justify;vertical-align: baseline\">\n<span style=\"border: 0px;color: black;margin: 0px;padding: 0px;vertical-align: baseline\"><span style=\"border: 0px;margin: 0px;padding: 0px\">LCL.3.6.1. Lee diferentes tipos de textos apropiados<\/span><span style=\"border: 0px;margin: 0px;padding: 0px;vertical-align: baseline\"><span style=\"border: 0px;margin: 0px;padding: 0px\">&nbsp;<\/span><span style=\"border: 0px;margin: 0px;padding: 0px\">&nbsp;<\/span><\/span><span style=\"border: 0px;margin: 0px;padding: 0px\">a su edad con velocidad, fluidez y entonaci\u00f3n<\/span><span style=\"border: 0px;margin: 0px;padding: 0px;vertical-align: baseline\"><span style=\"border: 0px;margin: 0px;padding: 0px\">&nbsp;<\/span><span style=\"border: 0px;margin: 0px;padding: 0px\">&nbsp;<\/span><\/span><span style=\"border: 0px;margin: 0px;padding: 0px\">adecuada, respetando los signos ortogr\u00e1ficos. (CCL).<\/span><\/span><\/div>\n<div style=\"background-color: white;border: 0px;color: #333333;font-family: Calibri;margin: 0cm 0cm 0.0001pt;padding: 0px;text-align: justify;vertical-align: baseline\">\n<span style=\"border: 0px;margin: 0px;padding: 0px;vertical-align: baseline\">LCL.3.9.2. Comunica y presenta resultados y conclusiones en diferentes soportes. (CCL, CD).<\/span><span style=\"border: 0px;margin: 0px;padding: 0px\">&nbsp; &nbsp;&nbsp;<\/span><\/div>\n<div style=\"background-color: white;border: 0px;color: #333333;font-family: Calibri;margin: 0cm 0cm 0.0001pt;padding: 0px;text-align: justify;vertical-align: baseline\">\n<\/div>\n<div style=\"background-color: white;border: 0px;color: #333333;font-family: Calibri;margin: 0cm 0cm 0.0001pt;padding: 0px;text-align: justify;vertical-align: baseline\">\n<span style=\"border: 0px;color: black;margin: 0px;padding: 0px;vertical-align: baseline\"><span style=\"border: 0px;margin: 0px;padding: 0px\">LCL.3.10.1.<\/span><span style=\"border: 0px;margin: 0px;padding: 0px;vertical-align: baseline\"><span style=\"border: 0px;margin: 0px;padding: 0px\">&nbsp;<\/span><span style=\"border: 0px;margin: 0px;padding: 0px\">&nbsp;<\/span><\/span><span style=\"border: 0px;margin: 0px;padding: 0px\">Escribe<\/span><span style=\"border: 0px;margin: 0px;padding: 0px;vertical-align: baseline\"><span style=\"border: 0px;margin: 0px;padding: 0px\">&nbsp;<\/span><span style=\"border: 0px;margin: 0px;padding: 0px\">&nbsp;<\/span><\/span><span style=\"border: 0px;margin: 0px;padding: 0px\">textos<\/span><span style=\"border: 0px;margin: 0px;padding: 0px;vertical-align: baseline\"><span style=\"border: 0px;margin: 0px;padding: 0px\">&nbsp;<\/span><span style=\"border: 0px;margin: 0px;padding: 0px\">&nbsp;<\/span><\/span><span style=\"border: 0px;margin: 0px;padding: 0px\">propios<\/span><span style=\"border: 0px;margin: 0px;padding: 0px;vertical-align: baseline\"><span style=\"border: 0px;margin: 0px;padding: 0px\">&nbsp;<\/span><span style=\"border: 0px;margin: 0px;padding: 0px\">&nbsp;<\/span><\/span><span style=\"border: 0px;margin: 0px;padding: 0px\">del<\/span><span style=\"border: 0px;margin: 0px;padding: 0px;vertical-align: baseline\"><span style=\"border: 0px;margin: 0px;padding: 0px\">&nbsp;<\/span><span style=\"border: 0px;margin: 0px;padding: 0px\">&nbsp;<\/span><\/span><span style=\"border: 0px;margin: 0px;padding: 0px\">\u00e1mbito<\/span><span style=\"border: 0px;margin: 0px;padding: 0px;vertical-align: baseline\"><span style=\"border: 0px;margin: 0px;padding: 0px\">&nbsp;<\/span><span style=\"border: 0px;margin: 0px;padding: 0px\">&nbsp;<\/span><\/span><span style=\"border: 0px;margin: 0px;padding: 0px\">de<\/span><span style=\"border: 0px;margin: 0px;padding: 0px;vertical-align: baseline\"><span style=\"border: 0px;margin: 0px;padding: 0px\">&nbsp;<\/span><span style=\"border: 0px;margin: 0px;padding: 0px\">&nbsp;<\/span><\/span><span style=\"border: 0px;margin: 0px;padding: 0px\">la vida<\/span><span style=\"border: 0px;margin: 0px;padding: 0px;vertical-align: baseline\"><span style=\"border: 0px;margin: 0px;padding: 0px\">&nbsp;<\/span><span style=\"border: 0px;margin: 0px;padding: 0px\">&nbsp;<\/span><\/span><span style=\"border: 0px;margin: 0px;padding: 0px\">cotidiana<\/span><span style=\"border: 0px;margin: 0px;padding: 0px;vertical-align: baseline\"><span style=\"border: 0px;margin: 0px;padding: 0px\">&nbsp;<\/span><span style=\"border: 0px;margin: 0px;padding: 0px\">&nbsp;<\/span><\/span><span style=\"border: 0px;margin: 0px;padding: 0px\">siguiendo<\/span><span style=\"border: 0px;margin: 0px;padding: 0px;vertical-align: baseline\"><span style=\"border: 0px;margin: 0px;padding: 0px\">&nbsp;<\/span><span style=\"border: 0px;margin: 0px;padding: 0px\">&nbsp;<\/span><\/span><span style=\"border: 0px;margin: 0px;padding: 0px\">modelos,<\/span><span style=\"border: 0px;margin: 0px;padding: 0px;vertical-align: baseline\"><span style=\"border: 0px;margin: 0px;padding: 0px\">&nbsp;<\/span><span style=\"border: 0px;margin: 0px;padding: 0px\">&nbsp;<\/span><\/span><span style=\"border: 0px;margin: 0px;padding: 0px\">en<\/span><span style=\"border: 0px;margin: 0px;padding: 0px;vertical-align: baseline\"><span style=\"border: 0px;margin: 0px;padding: 0px\">&nbsp;<\/span><span style=\"border: 0px;margin: 0px;padding: 0px\">&nbsp;<\/span><\/span><span style=\"border: 0px;margin: 0px;padding: 0px\">diferentes soportes: diarios, cartas, correos electr\u00f3nicos, etc, cuidando la ortograf\u00eda y la sintaxis, ajust\u00e1ndose a las diferentes realidades comunicativas. (CCL, CD).<\/span><\/span><\/div>\n<div style=\"background-color: white;border: 0px;color: #333333;font-family: Calibri;margin: 0cm 0cm 0.0001pt;padding: 0px;text-align: justify;vertical-align: baseline\">\n<span style=\"border: 0px;color: black;margin: 0px;padding: 0px;vertical-align: baseline\"><b style=\"border: 0px;margin: 0px;padding: 0px;vertical-align: baseline\"><\/b><\/span><\/div>\n<div style=\"background-color: white;border: 0px;color: #333333;font-family: Calibri;margin: 0cm 0cm 0.0001pt;padding: 0px;text-align: justify;vertical-align: baseline\">\n<span style=\"border: 0px;color: black;margin: 0px;padding: 0px;vertical-align: baseline\"><span style=\"border: 0px;margin: 0px;padding: 0px\">LCL.3.10.2. Usa estrategias de b\u00fasqueda de informaci\u00f3n y organizaci\u00f3n de ideas, utilizando las TIC para investigar y presenta sus creaciones.( CCL, CD).<\/span><b style=\"border: 0px;margin: 0px;padding: 0px;vertical-align: baseline\"><\/b><\/span><\/div>\n<div style=\"background-color: white;border: 0px;color: #333333;font-family: Calibri;margin: 0cm 0cm 0.0001pt;padding: 0px;text-align: justify;vertical-align: baseline\">\n<span style=\"border: 0px;margin: 0px;padding: 0px;vertical-align: baseline\">LCL.3.11.1. Mejora y muestra inter\u00e9s por el uso de la lengua desarrollando la creatividad y la est\u00e9tica en sus producciones escritas,&nbsp; fomentando&nbsp; un pensamiento&nbsp; cr\u00edtico y evitando&nbsp; un lenguaje&nbsp; discriminatorio. (CCL, CSYC, CAA).<\/span><span style=\"border: 0px;margin: 0px;padding: 0px\">&nbsp; &nbsp;&nbsp;<\/span><span style=\"border: 0px;color: black;margin: 0px;padding: 0px;vertical-align: baseline\"><b style=\"border: 0px;margin: 0px;padding: 0px;vertical-align: baseline\"><br \/><\/b><\/span><\/div>\n<div style=\"background-color: white;border: 0px;color: #333333;font-family: Calibri;margin: 0cm 0cm 0.0001pt;padding: 0px;text-align: justify;vertical-align: baseline\">\n<\/div>\n<div style=\"background-color: white;border: 0px;color: #333333;font-family: Calibri;margin: 0cm 0cm 0.0001pt;padding: 0px;text-align: justify;vertical-align: baseline\">\n<span style=\"border: 0px;color: black;margin: 0px;padding: 0px;vertical-align: baseline\"><span style=\"border: 0px;margin: 0px;padding: 0px\">LCL.3.12.1. Aplica los conocimientos<\/span><span style=\"border: 0px;margin: 0px;padding: 0px;vertical-align: baseline\"><span style=\"border: 0px;margin: 0px;padding: 0px\">&nbsp;<\/span><span style=\"border: 0px;margin: 0px;padding: 0px\">&nbsp;<\/span><\/span><span style=\"border: 0px;margin: 0px;padding: 0px\">de las categor\u00edas gramaticales<\/span><span style=\"border: 0px;margin: 0px;padding: 0px;vertical-align: baseline\"><span style=\"border: 0px;margin: 0px;padding: 0px\">&nbsp;<\/span><span style=\"border: 0px;margin: 0px;padding: 0px\">&nbsp;<\/span><\/span><span style=\"border: 0px;margin: 0px;padding: 0px\">al discurso o redacciones propuestas (lectura, audici\u00f3n colectiva, recitado, dramatizaciones,<\/span><span style=\"border: 0px;margin: 0px;padding: 0px;vertical-align: baseline\"><span style=\"border: 0px;margin: 0px;padding: 0px\">&nbsp;<\/span><span style=\"border: 0px;margin: 0px;padding: 0px\">&nbsp;<\/span><\/span><span style=\"border: 0px;margin: 0px;padding: 0px\">etc.) generando palabras y adecuando su expresi\u00f3n al tiempo verbal, al vocabulario y al contexto en el que se emplea, utilizando el diccionario y aplicando las normas ortogr\u00e1ficas para mejorar sus producciones y favorecer una comunicaci\u00f3n m\u00e1s eficaz. (CCL, CAA).<\/span><\/span><\/div>\n<div style=\"background-color: white;border: 0px;color: #333333;font-family: Calibri;margin: 0cm 0cm 0.0001pt;padding: 0px;text-align: justify;vertical-align: baseline\">\n<span style=\"border: 0px;color: black;margin: 0px;padding: 0px;vertical-align: baseline\"><span style=\"border: 0px;margin: 0px;padding: 0px\"><br \/><\/span><\/span><\/div>\n<div style=\"background-color: white;border: 0px;color: #333333;font-family: Calibri;margin: 0cm 0cm 0.0001pt;padding: 0px;text-align: justify;vertical-align: baseline\">\n<span style=\"border: 0px;color: black;margin: 0px;padding: 0px;vertical-align: baseline\"><span style=\"border: 0px;margin: 0px;padding: 0px\"><br \/><\/span><\/span><\/div>\n<div style=\"background-color: white;border: 0px;font-family: Calibri;margin: 0cm 0cm 0.0001pt;padding: 0px;text-align: center;vertical-align: baseline\">\n<b>FASES DEL PROYECTO<\/b><\/div>\n<div style=\"background-color: white;border: 0px;font-family: Calibri;margin: 0cm 0cm 0.0001pt;padding: 0px;text-align: justify;vertical-align: baseline\">\n<\/div>\n<div style=\"background-color: white;border: 0px;color: #333333;font-family: Roboto, sans-serif;padding: 0px;vertical-align: baseline\">\n1. Presentaci\u00f3n del tutorial de c\u00f3mo se realiza un c\u00f3mic&nbsp;<\/div>\n<div style=\"background-color: white;border: 0px;color: #333333;font-family: Roboto, sans-serif;padding: 0px;vertical-align: baseline\">\n2. Explicar las distintos elementos de un c\u00f3mic: lenguaje visual, lenguaje verbal y signos convencionales: Presentaci\u00f3n en power-point<\/div>\n<div style=\"background-color: white;border: 0px;color: #333333;font-family: Roboto, sans-serif;padding: 0px;vertical-align: baseline\">\n3. Tras explicar cada parte de los elementos del c\u00f3mic deben de realizar su hoja de planificaci\u00f3n escrita a nivel de papel y digital. En total, hoja de planificaci\u00f3n I, II, III y plantilla final.<\/div>\n<div style=\"background-color: white;border: 0px;color: #333333;font-family: Roboto, sans-serif;padding: 0px;vertical-align: baseline\">\n4. Encuadre en folios A3 en 6 vi\u00f1etas. (Plantilla final formato papel)<\/div>\n<div style=\"background-color: white;border: 0px;color: #333333;font-family: Roboto, sans-serif;padding: 0px;vertical-align: baseline\">\n5. En word (plantilla digital)&nbsp; \u00f3 aplicaci\u00f3n de C\u00d3MIC LIFE \/PIXTON.<\/div>\n<div style=\"background-color: white;border: 0px;color: #333333;font-family: Roboto, sans-serif;padding: 0px;vertical-align: baseline\">\n6. Explicar el programa Audacity, para la grabaci\u00f3n del audio c\u00f3mic<\/div>\n<div style=\"background-color: white;border: 0px;color: #333333;font-family: Roboto, sans-serif;padding: 0px;vertical-align: baseline\">\n<\/div>\n<div style=\"background-color: white;border: 0px;color: #333333;font-family: Roboto, sans-serif;padding: 0px;text-align: justify;vertical-align: baseline\">\nEN CADA UNA DE LAS FASES SE DESARROLLAR\u00c1 EL<span style=\"border: 0px;font-weight: bold;margin: 0px;padding: 0px\">&nbsp;APRENDIZAJE COOPERATIVO COMO MOVIMIENTO DENTRO DEL AULA<\/span>.<\/div>\n<ul style=\"background-color: white;border: 0px;color: #2b2e38;font-family: Roboto, sans-serif;margin: 0px;padding: 0px 0px 0px 40px\">\n<li style=\"border: 0px;color: #333333;margin: 0px;padding: 0px;text-align: justify;vertical-align: baseline\">EN LA ACTIVIDAD 1,2, UTILIZAREMOS LA<span style=\"border: 0px;margin: 0px;padding: 0px\">&nbsp;PLATAFORMA DE EDPUZZLE<\/span>&nbsp;PARA EL VISIONADO DEL V\u00cdDEO&nbsp;<\/li>\n<li style=\"border: 0px;color: #333333;margin: 0px;padding: 0px;text-align: justify;vertical-align: baseline\">EN LAS ACTIVIDADES 3,4,5, UTILIZAREMOS LOS&nbsp;<span style=\"border: 0px;margin: 0px;padding: 0px\">GRUPOS BASE&nbsp;<\/span>CREADOS Y A SU VEZ, LAS T\u00c9CNICAS SIMPLES DE&nbsp;<span style=\"border: 0px;margin: 0px;padding: 0px\">LECTURA COMPARTIDA, 1-2-4 Y L\u00c1PICES AL CENTRO<\/span>.CADA ALUMNO\/A REALIZAR\u00c1 SU HOJA DE PLANIFICACI\u00d3N.<\/li>\n<li style=\"border: 0px;color: #333333;margin: 0px;padding: 0px;text-align: justify;vertical-align: baseline\">EN LA ACTIVIDAD 6 UTILIZAREMOS LA PLATAFORMA EDPUZZLE PARA EL VISIONADO DEL V\u00cdDEO.<\/li>\n<\/ul>\n<div style=\"background-color: white;border: 0px;color: #333333;font-family: Roboto, sans-serif;padding: 0px;text-align: justify;vertical-align: baseline\">\n<\/div>\n<div style=\"background-color: white;border: 0px;color: #333333;font-family: Roboto, sans-serif;padding: 0px;text-align: justify;vertical-align: baseline\">\n<span style=\"border: 0px;font-weight: bold;margin: 0px;padding: 0px\">COMO MOVIMIENTO FUERA DEL AULA HAREMOS UNA SALIDA A LA XXXIX FERIA DEL LIBRO DE LA LOCALIDAD DE MOR\u00d3N DE LA FRONTERA<\/span>&nbsp;DONDE REALIZAREMOS UNA&nbsp;<span style=\"border: 0px;margin: 0px;padding: 0px\">EXPOSICI\u00d3N DE LOS MACROC\u00d3MIC Y AUDIOC\u00d3MI<\/span>C CREADOS<\/div>\n<div style=\"background-color: white;border: 0px;color: #333333;font-family: Roboto, sans-serif;padding: 0px;text-align: justify;vertical-align: baseline\">\n<\/div>\n<div style=\"background-color: white;border: 0px;padding: 0px;text-align: justify;vertical-align: baseline\">\n<div style=\"width: 100%\">\n<div style=\"height: 0;padding-bottom: 200.00%;padding-top: 0;position: relative\">\n<iframe loading=\"lazy\" frameborder=\"0\" height=\"1600px\" scrolling=\"yes\" src=\"https:\/\/view.genial.ly\/5af1fb4020730f6fadb9dc99\" width=\"800px\"><\/iframe><span style=\"background-color: #fbdce8;font-size: 11.7px;text-align: center\"><span style=\"color: #b23d6a;, monospace\"> <\/span><\/span><\/div>\n<\/div>\n<p><span style=\"background-color: #fbdce8;font-size: 11.7px;text-align: center\"><span style=\"color: #b23d6a;, monospace\"><br \/>\n<\/span><\/span><\/div>\n<div style=\"background-color: white;border: 0px;padding: 0px;text-align: justify;vertical-align: baseline\">\n<span style=\"background-color: #fbdce8;font-size: 11.7px;text-align: center\"><span style=\"color: #b23d6a;, monospace\"><br \/><\/span><\/span><\/div>\n<div style=\"border: 0px;padding: 0px;text-align: justify;vertical-align: baseline\">\n<div style=\"background-color: white\">\n<div style=\"clear: both;text-align: center\">\n<a href=\"https:\/\/blogsaverroes.juntadeandalucia.es\/chemaef\/files\/2018\/05\/FASES-PROYECTO.-ACTIVIDAD.-ARTEFACTO.-HERRAMIENTA.jpg\" style=\"margin-left: 1em;margin-right: 1em\"><img loading=\"lazy\" decoding=\"async\" border=\"0\" data-original-height=\"1600\" data-original-width=\"1131\" height=\"640\" src=\"https:\/\/blogsaverroes.juntadeandalucia.es\/chemaef\/files\/2018\/05\/FASES-PROYECTO.-ACTIVIDAD.-ARTEFACTO.-HERRAMIENTA-212x300.jpg\" width=\"451\" \/><\/a><\/div>\n<p><span style=\"background-color: #fbdce8;font-size: 11.7px;text-align: center\"><span style=\"color: #b23d6a;, monospace\"><br \/><\/span><\/span><br \/>\n<span style=\"background-color: #fbdce8;font-size: 11.7px;text-align: center\"><span style=\"color: #b23d6a;, monospace\"><br \/><\/span><\/span><\/div>\n<div style=\"text-align: left\">\n<span style=\"color: #b23d6a;, monospace\"><span style=\"background-color: #fbdce8\">MATERIALES Y RECURSOS<\/span><\/span><\/div>\n<div style=\"text-align: left\">\n<span style=\"color: #b23d6a;, monospace\"><span style=\"background-color: #fbdce8;font-size: 11.7px\"><br \/><\/span><\/span><\/div>\n<div style=\"text-align: left\">\n<ul style=\"background-color: white;border: 0px;font-family: Aclonica;font-size: 25px;margin: 0px;padding: 0px 0px 0px 25px\">\n<li style=\"border: 0px;margin: 0px;padding: 0px\">CDs.<\/li>\n<li style=\"border: 0px;margin: 0px;padding: 0px\">Proyector para las presentaciones en power-point.<\/li>\n<li style=\"border: 0px;margin: 0px;padding: 0px\">Un ordenador por alumno con los programas de ofim\u00e1tica y acceso a internet<\/li>\n<li style=\"border: 0px;margin: 0px;padding: 0px\">Impresora con esc\u00e1ner<\/li>\n<li style=\"border: 0px;margin: 0px;padding: 0px\">Papel y bol\u00edgrafos, l\u00e1piz y goma<\/li>\n<li style=\"border: 0px;margin: 0px;padding: 0px\">Altavoces para la grabaci\u00f3n de los c\u00f3mics.<\/li>\n<li style=\"border: 0px;margin: 0px;padding: 0px\">Colaboraciones de alumnos y profesores de otros cursos<\/li>\n<\/ul>\n<div>\n<\/div>\n<p><span style=\"background-color: #fbdce8;color: #b23d6a;, monospace\">ESTRATEGIAS DE EVALUACI\u00d3N<\/span><br \/>\n<span style=\"background-color: white;color: #b23d6a;, monospace;font-size: 11.7px\"><br \/><\/span><br \/>\n<\/p>\n<div style=\"text-align: center\">\n<span style=\"background-color: white;, monospace\">R<\/span><span style=\"background-color: white;, monospace\">\u00daBRICA DE AUTOEVALUACI\u00d3N\/COEVALUACI\u00d3N<\/span><\/div>\n<\/div>\n<div style=\"text-align: left\">\n<span style=\"color: #b23d6a;, monospace\"><span style=\"background-color: #fbdce8;font-size: 11.7px\"><br \/><\/span><\/span><\/div>\n<div style=\"text-align: left\">\n<div style=\"clear: both;text-align: center\">\n<a href=\"https:\/\/blogsaverroes.juntadeandalucia.es\/chemaef\/files\/2018\/05\/Captura-de-pantalla-2018-05-12-a-las-10.23.22.png\" style=\"margin-left: 1em;margin-right: 1em\"><img loading=\"lazy\" decoding=\"async\" border=\"0\" data-original-height=\"709\" data-original-width=\"1090\" height=\"260\" src=\"https:\/\/blogsaverroes.juntadeandalucia.es\/chemaef\/files\/2018\/05\/Captura-de-pantalla-2018-05-12-a-las-10.23.22-300x195.png\" width=\"400\" \/><\/a><\/div>\n<div style=\"clear: both;text-align: center\">\n<\/div>\n<div style=\"clear: both;text-align: center\">\nRUBRICA DE AUDIOCUENTO<\/div>\n<p><\/p>\n<div style=\"clear: both;text-align: center\">\n<a href=\"https:\/\/blogsaverroes.juntadeandalucia.es\/chemaef\/files\/2018\/05\/Captura-de-pantalla-2018-05-08-a-las-23.52.40.png\" style=\"margin-left: 1em;margin-right: 1em\"><img loading=\"lazy\" decoding=\"async\" border=\"0\" data-original-height=\"871\" data-original-width=\"1117\" height=\"311\" src=\"https:\/\/blogsaverroes.juntadeandalucia.es\/chemaef\/files\/2018\/05\/Captura-de-pantalla-2018-05-08-a-las-23.52.40-300x234.png\" width=\"400\" \/><\/a><\/div>\n<div style=\"clear: both;text-align: center\">\n<\/div>\n<div style=\"clear: both;text-align: center\">\nR\u00daBRICA ELABORACI\u00d3N C\u00d3MIC<\/div>\n<p><\/p>\n<div style=\"clear: both;text-align: center\">\n<a href=\"https:\/\/blogsaverroes.juntadeandalucia.es\/chemaef\/files\/2018\/05\/Captura-de-pantalla-2018-05-08-a-las-23.55.50.png\" style=\"margin-left: 1em;margin-right: 1em\"><img loading=\"lazy\" decoding=\"async\" border=\"0\" data-original-height=\"506\" data-original-width=\"526\" height=\"383\" src=\"https:\/\/blogsaverroes.juntadeandalucia.es\/chemaef\/files\/2018\/05\/Captura-de-pantalla-2018-05-08-a-las-23.55.50-300x289.png\" width=\"400\" \/><\/a><\/div>\n<p><span style=\"color: #b23d6a;, monospace\"><span style=\"background-color: #fbdce8;font-size: 11.7px\"><br \/><\/span><\/span><br \/>\n<span style=\"color: #b23d6a;, monospace\"><span style=\"background-color: #fbdce8;font-size: 11.7px\"><br \/><\/span><\/span><\/div>\n<div style=\"text-align: left\">\n<span style=\"color: #b23d6a;, monospace\"><span style=\"background-color: #fbdce8\">ESTRATEGIAS DE DIFUSI\u00d3N<\/span><\/span><br \/>\n<span style=\"color: #b23d6a;, monospace\"><span style=\"background-color: #fbdce8\"><br \/><\/span><\/span><br \/>\n<\/p>\n<div style=\"background-color: white;border: 0px;color: #333333;font-family: Roboto, sans-serif;line-height: normal !important;padding: 0px\">\n<\/div>\n<ul>\n<li>Web del centro<\/li>\n<li>Twiter del centro<\/li>\n<li>Biblioteca del centro<\/li>\n<li>Blog de la clase<\/li>\n<li>CD Interactivo<\/li>\n<\/ul>\n<div style=\"clear: both;text-align: center\">\n<a href=\"https:\/\/blogsaverroes.juntadeandalucia.es\/chemaef\/files\/2018\/05\/WhatsApp-Image-2018-05-10-at-14.44.08.jpeg\" style=\"margin-left: 1em;margin-right: 1em\"><img loading=\"lazy\" decoding=\"async\" border=\"0\" data-original-height=\"1600\" data-original-width=\"1200\" height=\"400\" src=\"https:\/\/blogsaverroes.juntadeandalucia.es\/chemaef\/files\/2018\/05\/WhatsApp-Image-2018-05-10-at-14.44.08-225x300.jpeg\" width=\"300\" \/><\/a><\/div>\n<p><\/p>\n<div style=\"clear: both;text-align: center\">\n<a href=\"https:\/\/blogsaverroes.juntadeandalucia.es\/chemaef\/files\/2018\/05\/WhatsApp-Image-2018-05-10-at-14.44.10.jpeg\" style=\"margin-left: 1em;margin-right: 1em\"><img loading=\"lazy\" decoding=\"async\" border=\"0\" data-original-height=\"1600\" data-original-width=\"1200\" height=\"400\" src=\"https:\/\/blogsaverroes.juntadeandalucia.es\/chemaef\/files\/2018\/05\/WhatsApp-Image-2018-05-10-at-14.44.10-225x300.jpeg\" width=\"300\" \/><\/a><\/div>\n<p><\/p>\n<div style=\"clear: both;text-align: center\">\n<a href=\"https:\/\/blogsaverroes.juntadeandalucia.es\/chemaef\/files\/2018\/05\/WhatsApp-Image-2018-05-10-at-18.23.34.jpeg\" style=\"margin-left: 1em;margin-right: 1em\"><img loading=\"lazy\" decoding=\"async\" border=\"0\" data-original-height=\"900\" data-original-width=\"1600\" height=\"225\" src=\"https:\/\/blogsaverroes.juntadeandalucia.es\/chemaef\/files\/2018\/05\/WhatsApp-Image-2018-05-10-at-18.23.34-300x169.jpeg\" width=\"400\" \/><\/a><\/div>\n<p><\/p>\n<div style=\"clear: both;text-align: center\">\n<a href=\"https:\/\/blogsaverroes.juntadeandalucia.es\/chemaef\/files\/2018\/05\/WhatsApp-Image-2018-05-10-at-18.23.32.jpeg\" style=\"margin-left: 1em;margin-right: 1em\"><img loading=\"lazy\" decoding=\"async\" border=\"0\" data-original-height=\"900\" data-original-width=\"1600\" height=\"225\" src=\"https:\/\/blogsaverroes.juntadeandalucia.es\/chemaef\/files\/2018\/05\/WhatsApp-Image-2018-05-10-at-18.23.32-300x169.jpeg\" width=\"400\" \/><\/a><\/div>\n<p><\/p>\n<div style=\"clear: both;text-align: center\">\n<a href=\"https:\/\/blogsaverroes.juntadeandalucia.es\/chemaef\/files\/2018\/05\/WhatsApp-Image-2018-05-12-at-19.31.30.jpeg\" style=\"margin-left: 1em;margin-right: 1em\"><img loading=\"lazy\" decoding=\"async\" border=\"0\" data-original-height=\"1024\" data-original-width=\"768\" height=\"400\" src=\"https:\/\/blogsaverroes.juntadeandalucia.es\/chemaef\/files\/2018\/05\/WhatsApp-Image-2018-05-12-at-19.31.30-225x300.jpeg\" width=\"300\" \/><\/a><\/div>\n<p><\/p>\n<div style=\"clear: both;text-align: center\">\n<object height=\"266\" width=\"320\"><\/object><\/div>\n<p>\n<span style=\"color: #b23d6a;, monospace\"><span style=\"background-color: #fbdce8\"><\/span><\/span><br \/>\n<span style=\"color: #b23d6a;, monospace\"><span style=\"background-color: #fbdce8\"><br \/><\/span><\/span><br \/>\n<span style=\"color: #b23d6a;, monospace\"><span style=\"background-color: #fbdce8\">AN\u00c1LISIS DAFO<\/span><\/span><br \/>\n<span style=\"color: #b23d6a;, monospace\"><span style=\"background-color: #fbdce8\"><br \/><\/span><\/span><br \/>\n<span style=\"color: #b23d6a;, monospace\"><span style=\"background-color: #fbdce8\"><\/span><\/span><\/p>\n<div style=\"width: 100%\">\n<div style=\"height: 0;padding-bottom: 66.67%;padding-top: 0;position: relative\">\n<span style=\"background-color: #fbdce8;color: #b23d6a;, monospace;font-size: 11.7px;text-align: center\"><\/span><\/p>\n<div style=\"width: 100%\">\n<div style=\"height: 0;padding-bottom: 66.67%;padding-top: 0;position: relative\">\n<iframe loading=\"lazy\" frameborder=\"0\" height=\"800\" scrolling=\"yes\" src=\"https:\/\/view.genial.ly\/5af73367e80be017f86174bb\" width=\"1200\"><\/iframe><span style=\"background-color: #fbdce8;color: #b23d6a;, monospace;font-size: 11.7px;text-align: center\"><br \/>\n <\/span><\/div>\n<\/div>\n<p><span style=\"background-color: #fbdce8;color: #b23d6a;, monospace;font-size: 11.7px;text-align: center\"><br \/>\n<\/span><\/div>\n<\/div>\n<p><span style=\"color: #b23d6a;, monospace\"><span style=\"background-color: #fbdce8;font-size: 11.7px\"><br \/><\/span><\/span><br \/>\n<span style=\"color: #b23d6a;, monospace\"><span style=\"background-color: #fbdce8;font-size: 11.7px\"><br \/><\/span><\/span><br \/>\n<br \/>\n<span style=\"color: #b23d6a;, monospace\"><span style=\"background-color: #fbdce8;font-size: 11.7px\"><br \/><\/span><\/span><\/div>\n<\/div>\n<div style=\"background-color: white;border: 0px;padding: 0px;text-align: justify;vertical-align: baseline\">\n<span style=\"background-color: #fbdce8;font-size: 11.7px;text-align: center\"><span style=\"color: #b23d6a;, monospace\"><br \/><\/span><\/span><\/div>\n<div style=\"background-color: white;border: 0px;color: #333333;font-family: Roboto, sans-serif;padding: 0px;text-align: justify;vertical-align: baseline\">\n<\/div>\n","protected":false},"excerpt":{"rendered":"<p>CONTEXTO En nuestro caso, es un centro con una antigu\u0308edad bastante considerable (1929), lo que hace que tenga adquirida y consolidada una identidad propia basada en pilares fundamentales como la seriedad, la capacidad de&#46;&#46;&#46;<\/p>\n","protected":false},"author":19722,"featured_media":141,"comment_status":"open","ping_status":"closed","sticky":false,"template":"","format":"standard","meta":{"footnotes":""},"categories":[11,12],"tags":[],"aioseo_notices":[],"_links":{"self":[{"href":"https:\/\/blogsaverroes.juntadeandalucia.es\/chemaef\/wp-json\/wp\/v2\/posts\/109"}],"collection":[{"href":"https:\/\/blogsaverroes.juntadeandalucia.es\/chemaef\/wp-json\/wp\/v2\/posts"}],"about":[{"href":"https:\/\/blogsaverroes.juntadeandalucia.es\/chemaef\/wp-json\/wp\/v2\/types\/post"}],"author":[{"embeddable":true,"href":"https:\/\/blogsaverroes.juntadeandalucia.es\/chemaef\/wp-json\/wp\/v2\/users\/19722"}],"replies":[{"embeddable":true,"href":"https:\/\/blogsaverroes.juntadeandalucia.es\/chemaef\/wp-json\/wp\/v2\/comments?post=109"}],"version-history":[{"count":1,"href":"https:\/\/blogsaverroes.juntadeandalucia.es\/chemaef\/wp-json\/wp\/v2\/posts\/109\/revisions"}],"predecessor-version":[{"id":150,"href":"https:\/\/blogsaverroes.juntadeandalucia.es\/chemaef\/wp-json\/wp\/v2\/posts\/109\/revisions\/150"}],"wp:featuredmedia":[{"embeddable":true,"href":"https:\/\/blogsaverroes.juntadeandalucia.es\/chemaef\/wp-json\/wp\/v2\/media\/141"}],"wp:attachment":[{"href":"https:\/\/blogsaverroes.juntadeandalucia.es\/chemaef\/wp-json\/wp\/v2\/media?parent=109"}],"wp:term":[{"taxonomy":"category","embeddable":true,"href":"https:\/\/blogsaverroes.juntadeandalucia.es\/chemaef\/wp-json\/wp\/v2\/categories?post=109"},{"taxonomy":"post_tag","embeddable":true,"href":"https:\/\/blogsaverroes.juntadeandalucia.es\/chemaef\/wp-json\/wp\/v2\/tags?post=109"}],"curies":[{"name":"wp","href":"https:\/\/api.w.org\/{rel}","templated":true}]}}